{"id":47390,"date":"2025-09-28T15:26:12","date_gmt":"2025-09-28T15:26:12","guid":{"rendered":"https:\/\/www.europesays.com\/no\/47390\/"},"modified":"2025-09-28T15:26:12","modified_gmt":"2025-09-28T15:26:12","slug":"kristennasjonalisme-vinner-terreng-i-usa","status":"publish","type":"post","link":"https:\/\/www.europesays.com\/no\/47390\/","title":{"rendered":"Kristennasjonalisme vinner terreng i USA"},"content":{"rendered":"<p>Den 6 timer lange seremonien, som ble kringkastet til mer enn 90 land, var preget av hyllest til Charlie Kirk og hans utrettelige virksomhet som evangelist og kristen samfunnsdebattant. Flere medlemmer av Donald Trumps administrasjon talte om sin kristne tro og sin kristne verdiforankring. Kirks pastor Rob McCoy forkynte evangeliet og inviterte til slutt de som ville motta frelse i Jesus Kristus til \u00e5 reise seg. Mange gjorde det. Det r\u00e5det en vekkelsesstemning p\u00e5 State Farm Stadium i Glendale, Arizona.<\/p>\n<p>Det neste som skjedde, gjorde det klart for meg at dette var noe annet enn et s\u00f8rlandsk vekkelsesm\u00f8te: Ni soldater med v\u00e5pen, amerikansk flagg og fanene til US Army, US Marines, Navy, Air Force, Space Force, Coast Guard og POW\/MIA (Prisoner-Of-War\/Missing in Action) entret scenen og sto i stram giv-akt mens nasjonalsangen ble sunget og Stars and Stripes vaiet b\u00e5de fysisk og p\u00e5 kjempestore TV-skjermer. Forsamlingen jublet og ropte taktfast: USA, USA, USA.<\/p>\n<p>Enken etter Charlie Kirk, Erika, holdt en sterk halvtimes tale om sin kj\u00e6rlighet til Charlie og sin st\u00f8tte til det han sto for. Med gr\u00e5tkvalt stemme sa hun til slutt at hun tilga den unge mannen som skj\u00f8t Charlie. Et sterkt \u00f8yeblikk, og igjen, sterkt bifall fra tribunene. Dette var kristen tankegang og dypt evangelisk. Erika gjorde Jesu ord p\u00e5 korset til sine: \u00abFar forlat dem for de vet ikke hva de gj\u00f8r.\u00bb<\/p>\n<p><img decoding=\"async\" src=\"data:image\/gif;base64,R0lGODlhEAAJAIAAAP\/\/\/wAAACH5BAEAAAAALAAAAAAQAAkAAAIKhI+py+0Po5yUFQA7\" alt=\"\"\/> <\/p>\n<p>  <strong>Foto:<\/strong> privat K\u00e5re Melhus <\/p>\n<p>Pensjonert journalist og medieviter<\/p>\n<p>Stephen Miller er vise-stabssjef i Det hvite hus og regnes som sjefsideolog i MAGA-bevegelsen. Hans tale var ikke preget av kristen tilgivelse. Han snakket om \u00e5 vinne den endelige seieren over fiendene p\u00e5 venstresiden, og at t\u00e5rene over Charlies d\u00f8d n\u00e5 er blitt til en flamme som brenner i v\u00e5re hjerter, med en rettferdig intensitet som v\u00e5re fiender ikke forst\u00e5r. Igjen jubel, begeistrede rop og klapping fra en lydh\u00f8r forsamling. Enken og sjefsideologen ble begge m\u00f8tt med ovasjoner. Charlies arbeid har b\u00e5ret frukter. Det startet sm\u00e5tt, men se deg rundt n\u00e5, sa Miller.<\/p>\n<p><a href=\"https:\/\/www.fvn.no\/mening\/debattinnlegg\/i\/rPkV8w\/gjensyn-med-hatet\" rel=\"nofollow noopener\" target=\"_blank\"> <img decoding=\"async\" src=\"data:image\/gif;base64,R0lGODlhEAAJAIAAAP\/\/\/wAAACH5BAEAAAAALAAAAAAQAAkAAAIKhI+py+0Po5yUFQA7\" alt=\"\"\/>   Gjensyn med hatet  <\/a> <\/p>\n<p>\u00c5pen <\/p>\n<p>Dette er kristennasjonalisme. Det er noe annet enn tankegangen som gjennomsyrer fedrelandssalmen \u00abGud signe v\u00e5rt dyre fedreland.\u00bb Det gode samfunn skapes n\u00e5r innbyggerne er glade i landet sitt og vil leve fredelig, under Guds velsignelse, med folk som mener noe annet enn dem. Kristennasjonalismen krever dominans og at alle felter, som utdanning, lover og domstoler, skal gjenspeile kristne prinsipper. Den omtaler ogs\u00e5 meningsmotstandere som fiender som m\u00e5 nedkjempes.<\/p>\n<p>Martin Luther etablerte to-regimentsl\u00e6ren, som deler tilv\u00e6relsen i et \u00e5ndelig og et verdslig regiment. Luther mente at de to har forskjellige oppgaver, men er Guds gode ordninger. Kirken skal ikke styre staten og staten skal ikke styre kirken, men begge samarbeider for menneskets beste.<\/p>\n<p>N\u00e5 har vi en situasjon i USA der ytterste h\u00f8yrefl\u00f8y mobiliserer mot ytterste venstrefl\u00f8y. Mens jeg skriver dette melder VG at <a href=\"https:\/\/www.vg.no\/nyheter\/i\/LMJ4Eq\/ytre-hoeyre-aktivist-derfor-ber-hun-donald-trump-bli-usas-diktator\" rel=\"noopener nofollow\" target=\"_blank\">h\u00f8yreaktivisten Laura Loomer \u00f8nsker \u00e5 tvinge venstresiden til taushet.<\/a> \u00abJeg vil at president Trump skal knuse den radikale venstresiden,\u00bb sa hun til VG under minneseremonien i Glendale. Venstresiden har i \u00e5revis frontet en kanselleringskultur, der alle r\u00f8ster som ikke er politisk korrekte, m\u00e5 bringes til taushet.<\/p>\n<p>President Trump selv har lenge snakket om \u00e5 bruke justisdepartementet til \u00e5 straffeforf\u00f8lge sine politiske fiender. Lederen for FBI, Kash Patel, inkluderte i sin bok, Government Gangsters fra 2023, en liste p\u00e5 60 mennesker, som han kalte medlemmer av The Deep State, og som han er villig til \u00e5 bruke FBI for \u00e5 f\u00e5 has p\u00e5. Justisminister Pamela Bondi mener at Kash Patel er rett person til \u00e5 lede FBI n\u00e5.<\/p>\n<p>De evangelikale i USA er skremt av venstresidens r\u00e5kj\u00f8r mot kristne verdier p\u00e5 omr\u00e5der som menneskeverd og tradisjonelle familieverdier. H\u00f8yresiden snakker deres spr\u00e5k og lover seier og dominans over fiendtlige krefter. En god venn, med lang karriere som universitetsprofessor i USA, ansl\u00e5r i en epost til meg at 80% av de evangelikale i USA n\u00e5 st\u00f8tter Trump. De vinner kanskje en seier over venstresiden, men taper demokratiet.<\/p>\n<p>Den verdensordenen USA har st\u00e5tt som garantist for siden 1945 er borte og kommer ikke igjen.<\/p>\n<p>Som kristent, samfunnsengasjert menneske er det derfor viktig for meg \u00e5 argumentere for et kristent samfunnssyn, der alle mennesker har lik verdi, fordi vi alle er skapt i Guds bilde. Det betyr at alle har rett til \u00e5 bli h\u00f8rt, uansett meninger, og der den tapende part i valg, g\u00e5r inn i konstruktiv dialog med vinnerne for \u00e5 finne de beste l\u00f8sningene for landet v\u00e5rt. I den urolige tiden vi n\u00e5 opplever, m\u00e5 vi ogs\u00e5 finne sammen med likesinnede internasjonalt. Jeg tror at European People&#8217;s Party (EPP) som n\u00e5 er det st\u00f8rste partiet i EU-parlamentet med 26 % av setene, blir viktig n\u00e5r det gjelder \u00e5 s\u00f8rge for at kristne verdier i politikken ikke blir til kristennasjonalisme i v\u00e5r del av verden.<\/p>\n","protected":false},"excerpt":{"rendered":"Den 6 timer lange seremonien, som ble kringkastet til mer enn 90 land, var preget av hyllest til&hellip;\n","protected":false},"author":2,"featured_media":47391,"comment_status":"","ping_status":"","sticky":false,"template":"","format":"standard","meta":{"footnotes":""},"categories":[5],"tags":[20,21,24,25,15,19,4663,22,23,17,18,13,30,28,29,14,16,3377,26,27,766,50],"class_list":{"0":"post-47390","1":"post","2":"type-post","3":"status-publish","4":"format-standard","5":"has-post-thumbnail","7":"category-overskrifter","8":"tag-breaking-news","9":"tag-breakingnews","10":"tag-featured-news","11":"tag-featurednews","12":"tag-headlines","13":"tag-hovedoppslag","14":"tag-kristne-verdier","15":"tag-latest-news","16":"tag-latestnews","17":"tag-main-news","18":"tag-mainnews","19":"tag-news","20":"tag-no","21":"tag-norge","22":"tag-norway","23":"tag-nyheter","24":"tag-overskrifter","25":"tag-samfunn","26":"tag-top-stories","27":"tag-topstories","28":"tag-trump","29":"tag-usa"},"share_on_mastodon":{"url":"","error":""},"_links":{"self":[{"href":"https:\/\/www.europesays.com\/no\/wp-json\/wp\/v2\/posts\/47390","targetHints":{"allow":["GET"]}}],"collection":[{"href":"https:\/\/www.europesays.com\/no\/wp-json\/wp\/v2\/posts"}],"about":[{"href":"https:\/\/www.europesays.com\/no\/wp-json\/wp\/v2\/types\/post"}],"author":[{"embeddable":true,"href":"https:\/\/www.europesays.com\/no\/wp-json\/wp\/v2\/users\/2"}],"replies":[{"embeddable":true,"href":"https:\/\/www.europesays.com\/no\/wp-json\/wp\/v2\/comments?post=47390"}],"version-history":[{"count":0,"href":"https:\/\/www.europesays.com\/no\/wp-json\/wp\/v2\/posts\/47390\/revisions"}],"wp:featuredmedia":[{"embeddable":true,"href":"https:\/\/www.europesays.com\/no\/wp-json\/wp\/v2\/media\/47391"}],"wp:attachment":[{"href":"https:\/\/www.europesays.com\/no\/wp-json\/wp\/v2\/media?parent=47390"}],"wp:term":[{"taxonomy":"category","embeddable":true,"href":"https:\/\/www.europesays.com\/no\/wp-json\/wp\/v2\/categories?post=47390"},{"taxonomy":"post_tag","embeddable":true,"href":"https:\/\/www.europesays.com\/no\/wp-json\/wp\/v2\/tags?post=47390"}],"curies":[{"name":"wp","href":"https:\/\/api.w.org\/{rel}","templated":true}]}}