{"id":47399,"date":"2025-09-28T15:35:13","date_gmt":"2025-09-28T15:35:13","guid":{"rendered":"https:\/\/www.europesays.com\/no\/47399\/"},"modified":"2025-09-28T15:35:13","modified_gmt":"2025-09-28T15:35:13","slug":"daniela-reyes-musikk-daniela-reyes-tenkte-aldri-pa-hva-hun-skulle-bli-musikken-var-naturlig","status":"publish","type":"post","link":"https:\/\/www.europesays.com\/no\/47399\/","title":{"rendered":"Daniela Reyes, Musikk | Daniela Reyes tenkte aldri p\u00e5 hva hun skulle bli: \u2013 Musikken var naturlig"},"content":{"rendered":"\n<p>N\u00e5 er 27-\u00e5ringen fra Asker et av norsk musikklivs store, nye h\u00e5p \u2013 if\u00f8lge anmelderne. Selv er hun glad for at hun fikk bruke tid til \u00e5 finne sin egen stemme.<\/p>\n<p>\u2013 Jeg har f\u00e5tt lov til \u00e5 ha min egen identitet, og ikke g\u00e5 for \u00e5 \u00abbli best\u00bb. Det gir mer rom for \u00e5 utvikle sin egen stemme. Jeg har brukt ekstremt mye tid p\u00e5 \u00f8vingsrommet, mest for \u00e5 finne ut hvordan jeg skal h\u00f8res ut.<\/p>\n<p>Hun er ikke lenger en \u00abusikker musiker\u00bb \u2013 slik hun skildret i debutsingelen fra 2021, der hun sang \u00abtro&#8217;kke verden trenger mer av meg\u00bb.<\/p>\n<p>Reyes sier til NTB at hun tror hun aldri tok et valg om \u00e5 bli musiker.<\/p>\n<p>\u2013 Det er mye som er g\u00f8y, men musikken var naturlig. Jeg bare begynte p\u00e5 musikklinjen p\u00e5 videreg\u00e5ende, og s\u00e5 p\u00e5 Norges musikkh\u00f8gskole.<\/p>\n<p>  <a href=\"https:\/\/www.budstikka.no\/5-55-1212348\" class=\"related-teaser default-story-teaser article--c-eRUmMG article--c-eRUmMG-jKCPdD-design-default article--c-eRUmMG-kpKLOW-cv\" rel=\"nofollow noopener\" target=\"_blank\"><\/p>\n<p>\n            Les ogs\u00e5<\/p>\n<p>              Daniela overrasker mamma Maj Britt\n        <\/p>\n<p>  <\/a><\/p>\n<p>Der gikk hun det s\u00e5kalt frie kandidatstudiet, \u00abfor deg som \u00f8nsker \u00e5 skape din egen musikalske nisje\u00bb, som skolen har omtalt det som. I fjor gikk hun ut med mastergrad etter sju \u00e5r.<\/p>\n<p>\u2013 Det var lenge nok. Jeg fikk drive med det jeg ville, og ha de l\u00e6rerne jeg \u00f8nsket. Jeg var nok litt mye ute og spilte de siste \u00e5rene, smiler hun.<\/p>\n<p>S\u00e5 foreldrene<\/p>\n<p>For samtidig med skolegangen var hun musiker \u2013 p\u00e5 trekkspillet hun har traktert fra hun var fem \u2013 for foreldrene Maj Britt Andersen og Geir Holmsen. Blant annet p\u00e5 det kritikerroste samarbeidet med Lars Saabye Christensen.<\/p>\n<p>   <img decoding=\"async\" width=\"4391\" height=\"2935\" fetchpriority=\"low\"  loading=\"lazy\"  src=\"https:\/\/www.europesays.com\/no\/wp-content\/uploads\/2025\/09\/Maj+Britt+Geir+Daniela+Higher+Ress+v2-09168+%282%29.jpg\" alt=\"Maj Britt Andersen og Geir Holmsen med datter Daniela Reyes.\" class=\"brick-c-cFOWSL\" style=\"--brick-image-ratio: 4391 \/ 2935;\"\/><\/p>\n<p>    Daniela Reyes er datteren til musikerparet Maj Britt Andersen og Geir Holmsen.<\/p>\n<p>\u2013 Jeg var med mamma og pappa p\u00e5 jobb fra s\u00e5 lenge jeg kan huske. Det er sikkert b\u00e5de fordeler og ulemper med foreldre i samme bransje. Men viktigst for meg var \u00e5 se hvordan det var \u00e5 v\u00e6re musiker et helt liv \u2013 der de ogs\u00e5 var et par med barn. Hvordan en musikers hverdag er. Hva det krevde av vilje, driv og arbeidsmoral.<\/p>\n<p>I 2021, midt i skolegangen, kom hun med sitt eget debutalbum \u00abEngangsdager\u00bb. Det ga henne Spellemann i den gjeve tekstforfatterkategorien og nominasjon i visepopklassen.<\/p>\n<p>Dessuten ogs\u00e5 str\u00e5lende kritikker \u2013 der anmelderne n\u00e6rmest genierkl\u00e6rte Reyes som \u00aben s\u00e6rdeles spennende stemme\u00bb (Aftenposten) og \u00aben artist som f\u00e5r tid og rom til \u00e5 opph\u00f8re\u00bb (Audun Vinger).<\/p>\n<p>  <a href=\"https:\/\/www.budstikka.no\/5-55-1168038\" class=\"related-teaser has-image default-story-teaser article--c-eRUmMG article--c-eRUmMG-jKCPdD-design-default\" rel=\"nofollow noopener\" target=\"_blank\"><\/p>\n<p>    <img decoding=\"async\" loading=\"lazy\"  src=\"https:\/\/www.europesays.com\/no\/wp-content\/uploads\/2025\/09\/Daniela+Reyes%2C+2021.jpg\" alt=\"\" class=\"brick-c-cFOWSL\" style=\"\"\/><\/p>\n<p>\n            Les ogs\u00e5<\/p>\n<p>              Daniela Reyes fikk spellemannpris\n        <\/p>\n<p>  <\/a><br \/>\n  Vil videre<\/p>\n<p>Omtrent samtidig med at hun skulle ta mastergrad begynte arbeidet med andrealbumet. Gjerne kalt \u00abdet vanskelige\u00bb. Og det var det for Daniela Reyes, iallfall i starten. For n\u00e5 ville hun utforske mer.<\/p>\n<p>\u2013 Jeg ville se p\u00e5 dette med musikalsk identitet, hvor mye jeg kunne flytte p\u00e5 parametrene og variere \u2013 og likevel h\u00f8res ut som meg. Mange av de artistene jeg ser mest opp til klarer det, \u00e5 utfordre uttrykket sitt, men likevel beholde sin egen identitet i musikken, artister som for eksempel Susanne Sundf\u00f8r. For det er naturlig at man \u00f8nsker en utvikling, er det ikke?<\/p>\n<p>   <img decoding=\"async\" width=\"5184\" height=\"3456\" fetchpriority=\"low\"  loading=\"lazy\"  src=\"https:\/\/www.europesays.com\/no\/wp-content\/uploads\/2025\/09\/FOMA+FESTIVALEN-271.jpg\" alt=\"Den f\u00f8rste utgaven av Fornebu Music and Arts Festival (FoMA) samlet over 10 000 fredag. Daniela Reyes fra Asker p\u00e5 Cask scenen.\" class=\"brick-c-cFOWSL\" style=\"--brick-image-ratio: 5184 \/ 3456;\"\/><\/p>\n<p>    Daniela Reyes spilte p\u00e5 den f\u00f8rste utgaven av Fornebu Music and Arts Festival (FoMA) i 2022.<br \/>\n    Foto: KNUT BJERKE\n  <\/p>\n<p>Resultatet er n\u00e5 \u00e5 h\u00f8re p\u00e5 albumet \u00abLa meg bli ditt gjemmested\u00bb, som if\u00f8lge Reyes&#8217; notater startet \u00absom en slags masteroppgave\u00bb:<\/p>\n<p>\u2013 Jeg skulle skrive utforskende popmusikk, fremdeles med finurlige, norske tekster og n\u00e6r vokal. Likevel har vi ogs\u00e5 utfordret lydbildet mer enn sist, blant annet med lengre instrumentalstrekk og et par maksimalistiske h\u00f8ydepunkter.<\/p>\n<p>  <a href=\"https:\/\/www.budstikka.no\/5-55-1107288\" class=\"related-teaser has-image default-story-teaser article--c-eRUmMG article--c-eRUmMG-jKCPdD-design-default\" rel=\"nofollow noopener\" target=\"_blank\"><\/p>\n<p>    <img decoding=\"async\" loading=\"lazy\"  src=\"https:\/\/www.europesays.com\/no\/wp-content\/uploads\/2025\/09\/danielalindmo.jpg\" alt=\"\" class=\"brick-c-cFOWSL\" style=\"\"\/><\/p>\n<p>\n            Les ogs\u00e5<\/p>\n<p>              P\u00e5 Lindmo: Maj Britt og Daniela med hvert sitt album\n        <\/p>\n<p>  <\/a><\/p>\n<p>Hun samler hele tiden det hun kaller sm\u00e5 ideer. Musikkstrofer som hun fanger opp der hun spiller gitar eller piano p\u00e5 \u00f8vingsrommet, eller ord og setninger hun noterer ned.<\/p>\n<p>\u2013 Jeg har et uttrykksbehov om ting jeg er ferdig med. Det er ikke et dagbokformat, selv om det kan oppfattes slik. N\u00e5r jeg setter meg ned for \u00e5 jobbe, m\u00e5 jeg ha ro og full konsentrasjon. Jeg m\u00e5 sette av tid. Jeg m\u00e5 ha tid til \u00e5 ikke v\u00e6re kjempeeffektiv.<\/p>\n<p>Hun sier hun \u00abikke er perfeksjonist, men veldig n\u00f8ye\u00bb.<\/p>\n<p>\u2013 Jeg er glad i \u00e5 jobbe med detaljer, enten det er teksten, musikken eller fraseringen p\u00e5 en vokal. Pirke litt ekstra.<\/p>\n<p>Musikkgleden<\/p>\n<p>Hva er gleden ved musikk for Daniela Reyes? Hun velger \u00abde to st\u00f8rste\u00bb f\u00f8rst:<\/p>\n<p>\u2013 For meg er musikkglede \u00e5 spille konserter og oppleve samspillet med publikum, den umiddelbare kommunikasjonen som skjer p\u00e5 et helt annet plan enn n\u00e5r man snakker. Det er meningsfullt for meg. Men jeg kan ogs\u00e5 sitte helt alene i et rom og lage musikk. Ogs\u00e5 det er sv\u00e6rt meningsfullt n\u00e5r ting faller p\u00e5 plass.<\/p>\n<p>   <img decoding=\"async\" width=\"2228\" height=\"1761\" fetchpriority=\"low\"  loading=\"lazy\"  src=\"https:\/\/www.europesays.com\/no\/wp-content\/uploads\/2025\/09\/Daniela+Reyes+ny+1.jpg\" alt=\"Daniela Reyes Holmsen\" class=\"brick-c-cFOWSL\" style=\"--brick-image-ratio: 2228 \/ 1761;\"\/><\/p>\n<p>    Daniela Reyes Holmsen<br \/>\n    Foto: PRIVAT\n  <\/p>\n<p>Hun forter seg \u00e5 legge til at hun ogs\u00e5 synes det er g\u00f8y \u00e5 spille med bandet sitt, m\u00f8te unge musikerspirer p\u00e5 turn\u00e9 med Den kulturelle skolesekken, eller rett og slett reise p\u00e5 turn\u00e9 \u2013 slik hun snart skal:<\/p>\n<p>F\u00f8rst konsert er p\u00e5 Parkteatret i Oslo 2. oktober, f\u00f8r hun skal spille videre b\u00e5de p\u00e5 \u00d8stlandet og Vestlandet, b\u00e5de med band og som duo og trio.<\/p>\n","protected":false},"excerpt":{"rendered":"N\u00e5 er 27-\u00e5ringen fra Asker et av norsk musikklivs store, nye h\u00e5p \u2013 if\u00f8lge anmelderne. Selv er hun&hellip;\n","protected":false},"author":2,"featured_media":47400,"comment_status":"","ping_status":"","sticky":false,"template":"","format":"standard","meta":{"footnotes":""},"categories":[58],"tags":[36,7388,71,410,221,30,28,29,1510,72],"class_list":{"0":"post-47399","1":"post","2":"type-post","3":"status-publish","4":"format-standard","5":"has-post-thumbnail","7":"category-underholdning","8":"tag-art","9":"tag-daniela-reyes","10":"tag-entertainment","11":"tag-kultur","12":"tag-musikk","13":"tag-no","14":"tag-norge","15":"tag-norway","16":"tag-story","17":"tag-underholdning"},"share_on_mastodon":{"url":"","error":""},"_links":{"self":[{"href":"https:\/\/www.europesays.com\/no\/wp-json\/wp\/v2\/posts\/47399","targetHints":{"allow":["GET"]}}],"collection":[{"href":"https:\/\/www.europesays.com\/no\/wp-json\/wp\/v2\/posts"}],"about":[{"href":"https:\/\/www.europesays.com\/no\/wp-json\/wp\/v2\/types\/post"}],"author":[{"embeddable":true,"href":"https:\/\/www.europesays.com\/no\/wp-json\/wp\/v2\/users\/2"}],"replies":[{"embeddable":true,"href":"https:\/\/www.europesays.com\/no\/wp-json\/wp\/v2\/comments?post=47399"}],"version-history":[{"count":0,"href":"https:\/\/www.europesays.com\/no\/wp-json\/wp\/v2\/posts\/47399\/revisions"}],"wp:featuredmedia":[{"embeddable":true,"href":"https:\/\/www.europesays.com\/no\/wp-json\/wp\/v2\/media\/47400"}],"wp:attachment":[{"href":"https:\/\/www.europesays.com\/no\/wp-json\/wp\/v2\/media?parent=47399"}],"wp:term":[{"taxonomy":"category","embeddable":true,"href":"https:\/\/www.europesays.com\/no\/wp-json\/wp\/v2\/categories?post=47399"},{"taxonomy":"post_tag","embeddable":true,"href":"https:\/\/www.europesays.com\/no\/wp-json\/wp\/v2\/tags?post=47399"}],"curies":[{"name":"wp","href":"https:\/\/api.w.org\/{rel}","templated":true}]}}