{"id":47420,"date":"2025-09-28T16:09:09","date_gmt":"2025-09-28T16:09:09","guid":{"rendered":"https:\/\/www.europesays.com\/no\/47420\/"},"modified":"2025-09-28T16:09:09","modified_gmt":"2025-09-28T16:09:09","slug":"dronning-sonja-bryter-tausheten-om-netflix-dokumentaren-om-martha-louise","status":"publish","type":"post","link":"https:\/\/www.europesays.com\/no\/47420\/","title":{"rendered":"Dronning Sonja bryter tausheten om Netflix-dokumentaren om M\u00e4rtha Louise"},"content":{"rendered":"<p class=\"kicker \" style=\"\">Dronning Sonja:\u00a0<\/p>\n<p>  Dronning Sonja bryter tausheten om Netflix-dokumentaren til datteren, M\u00e4rtha Louise.\u00a0<\/p>\n<p>\n    BRYTER TAUSHETEN: Dronning Sonja bes\u00f8kte denne helgen UWC R\u00f8de Kors Nordisk i Fjaler for \u00e5 markere skolens 30-\u00e5rsjubileum. Under bes\u00f8ket kommenterte hun for f\u00f8rste gang Netflix-dokumentaren om prinsesse M\u00e4rtha Louise og Durek Verrett. Foto: Silje Katrine Robinson \/ NTB\n  <\/p>\n<p>Denne helgen bes\u00f8ker dronning Sonja (88) UWC R\u00f8de Kors Nordisk i Fjaler, hvor hun markerer skolens 30-\u00e5rsjubileum.\u00a0<\/p>\n<p>Skolen, som hun selv \u00e5pnet for 30 \u00e5r siden, har i dag 200 elever fra n\u00e6rmere 90 nasjoner, og dronningen er fortsatt h\u00f8y beskytter.<\/p>\n<p>          <img loading=\"lazy\" decoding=\"async\" src=\"https:\/\/www.europesays.com\/no\/wp-content\/uploads\/2025\/09\/83653372.webp\" width=\"686\" height=\"488\" title=\"P\u00c5 OPPDRAG: Dronning Sonja og kong Harald under debarkeringen av Kongeskipet Norge 9. september. Den gang \u00f8nsket de ikke \u00e5 svare p\u00e5 sp\u00f8rsm\u00e5l om Durek og M\u00e4rthas Netflix-dokumentar. Foto: NTB\" alt=\"\" class=\"\" style=\"--aspect-ratio-image: 1.41; \"\/><\/p>\n<p>\n          P\u00c5 OPPDRAG: Dronning Sonja og kong Harald under debarkeringen av Kongeskipet Norge 9. september. Den gang \u00f8nsket de ikke \u00e5 svare p\u00e5 sp\u00f8rsm\u00e5l om Durek og M\u00e4rthas Netflix-dokumentar. Foto: NTB\n      <\/p>\n<p>Under bes\u00f8ket kommenterer dronningen &#8211; for aller f\u00f8rste gang &#8211; Netflix-dokumentaren om prinsesse M\u00e4rtha Louise (54) og Durek Verrett (50), som har vakt sterke reaksjoner de siste ukene. Det melder <a href=\"https:\/\/www.nrk.no\/norge\/dronning-sonja-kommenterer-omstridt-netflix-dokumentar-for-forste-gang-1.17588262\" rel=\"nofollow noopener\" target=\"_blank\">NRK<\/a>.\u00a0<\/p>\n<p>        TURBULENT: Kongen diskuterer den nye Netflix dokumentaren til prinsesse M\u00e4rtha Louise og Durek Verrett. Video: NTB. <\/p>\n<p>P\u00e5 sp\u00f8rsm\u00e5l om hva hun synes om dokumentaren, svarer dronningen:\u00a0<\/p>\n<p class=\"font-weight-bold m-font-weight-bold\" data-lab-font_weight=\"font-weight-bold\">&#8211; Det tror jeg overlater til andre \u00e5 ta stilling til. Jeg tror vi m\u00e5 ta tiden til hjelp. Det er det eneste. Gj\u00f8re klart skillet mellom det som er v\u00e5r oppgave som kongehus, og den forskjellen over M\u00e4rtha og Dureks profesjonelle liv.\u00a0<\/p>\n<p>          <img loading=\"lazy\" decoding=\"async\" src=\"https:\/\/www.europesays.com\/no\/wp-content\/uploads\/2025\/09\/83653319.webp\" width=\"686\" height=\"741\" title=\"IKKE SETT: Dronning Sonja bekrefter at hun ikke har sett dokumentaren om datterens kj\u00e6rlighetshistorie, fordi hun var p\u00e5 hytta for \u00e5 st\u00e5 p\u00e5 ski. Foto: Jo E. Brenden\" alt=\"\" class=\"\" style=\"--aspect-ratio-image: 0.93; \"\/><\/p>\n<p>\n          IKKE SETT: Dronning Sonja bekrefter at hun ikke har sett dokumentaren om datterens kj\u00e6rlighetshistorie, fordi hun var p\u00e5 hytta for \u00e5 st\u00e5 p\u00e5 ski. Foto: Jo E. Brenden\n      <\/p>\n<p>Dronning Sonja utdyper at hun selv ikke har sett dokumentaren:\u00a0<\/p>\n<p class=\"font-weight-bold m-font-weight-bold\" data-lab-font_weight=\"font-weight-bold\">&#8211; Det vet ikke jeg s\u00e5 veldig mye om, for jeg har ikke sett den dokumentaren direkte. For jeg var p\u00e5 fjellet, og der var det absolutt ikke noe \u00abconnection\u00bb. S\u00e5 det kan jeg ikke si noe om.<\/p>\n<p>        PROVOSERER: Traileren til M\u00e4rtha Louise og Durek Verretts bryllupsdokumentar har satt sinnene i kok. Video: Netflix \/ Trailer: \u00abRebel Royals: An Unlikely Love Story\u00bb \/\/ Reporter: H\u00e5vard Bj\u00f8rnerem<\/p>\n<p>Likevel legger dronningen til en refleksjon som vitner om hvordan kongeparet opplever st\u00f8tten utenfra:\u00a0<\/p>\n<p class=\"font-weight-bold m-font-weight-bold\" data-lab-font_weight=\"font-weight-bold\">&#8211; Men jeg f\u00f8ler jo at det er en veldig varme som kommer fra folk. Og det gj\u00f8r oss jo veldig takknemlige. Og det er veldig veldig hyggelig.\u00a0<\/p>\n<p>          <img loading=\"lazy\" decoding=\"async\" src=\"https:\/\/www.europesays.com\/no\/wp-content\/uploads\/2025\/09\/83638008.webp\" width=\"686\" height=\"453\" title=\"BRYLLUP: Prinsesse M\u00e4rtha Louise og Durek Verrett ga hverandre sitt ja under vielsen i Geiranger i august i fjor. Bryllupet og forholdet deres st\u00e5r sentralt i Netflix-dokumentaren \u00abRebel Royals: An Unlikely Love Story\u00bb. Foto: Netflix\" alt=\"\" class=\"\" style=\"--aspect-ratio-image: 1.51; \"\/><\/p>\n<p>\n          BRYLLUP: Prinsesse M\u00e4rtha Louise og Durek Verrett ga hverandre sitt ja under vielsen i Geiranger i august i fjor. Bryllupet og forholdet deres st\u00e5r sentralt i Netflix-dokumentaren \u00abRebel Royals: An Unlikely Love Story\u00bb. Foto: Netflix\n      <\/p>\n<p>Dokumentaren \u00abRebel Royals: An Unlikely Love Story\u00bb ble tilgjengelig for et internasjonalt publikum 16. september, og har siden skapt debatt.\u00a0<\/p>\n<p>I dokumentaren gikk Durek kraftig ut mot kongeparet, og snakket blant annet om sitt f\u00f8rste m\u00f8te med svigerforeldrene:<\/p>\n<p>&#8211; Da jeg m\u00f8tte dronningen og kongen bare stirret de p\u00e5 meg, og det var helt stille. Jeg hadde p\u00e5 meg en kimono og cowboyst\u00f8vler, og jeg ante ikke at jeg skulle hatt dress, fordi jeg trodde jeg kunne v\u00e6re meg selv, slik M\u00e4rtha hadde sagt. Det var \u00e5penbart ikke tilfellet, fordi de hatet kl\u00e6rne mine. Nesten alt jeg gjorde var feil. Det var de veldig tydelige p\u00e5 overfor M\u00e4rtha.\u00a0<\/p>\n<p>        FORFERDELIG TRIST: Dokumentaren om prinsesse M\u00e4rtha Louise og Durek Verrets bryllup vekker kraftige reaksjoner hos Se og H\u00f8rs kongehusekspert. Foto: NTB \/\/ Video: Netflix \/ \u00abRebel Royals: An Unlikely Love Story\u00bb \/ NTB \/\/ Reporter: Caroline Vagle \/\/ Klipp: H\u00e5vard Bj\u00f8rnerem<\/p>\n<p>&#8211; De sa ikke: \u00abVelkommen til familien, vi elsker deg og forst\u00e5r deg\u00bb, men:\u00a0\u00abHvorfor er du med denne fyren?\u00bb hevdet han.<\/p>\n<p>Durek hevdet ogs\u00e5 at kongefamilien ikke visste hva rasisme var.\u00a0<\/p>\n<p>    <a itemprop=\"url\" href=\"https:\/\/www.seher.no\/kongelig\/bekrefter-klar-for-ny-reality\/83641961\" rel=\"nofollow noopener\" target=\"_blank\"><\/p>\n<p>      <img loading=\"lazy\" decoding=\"async\" src=\"https:\/\/www.europesays.com\/no\/wp-content\/uploads\/2025\/09\/1759075749_336_83642568.webp\" width=\"147\" height=\"98\" title=\"Bekrefter: Klar for ny reality\" alt=\"\" class=\"lazyload\" style=\"--aspect-ratio-image: 1.50; \"\/><\/p>\n<p>        Bekrefter: Klar for ny reality<\/p>\n<p>    <\/a><\/p>\n<p>&#8211; \u00c5 komme inn i familien hennes, faren, moren og broren, de visste ikke hva rasisme var. Det var vanskelig, fordi de s\u00e5 p\u00e5 meg som om jeg var gal n\u00e5r jeg sa at det fantes rasisme. En gang sa foreldrene hennes noe om kulturkollisjonen. Pressen sa: \u00abKongen skal piske ham\u00bb, en liten rasistisk bemerkning, og familien hennes gjorde ingenting for \u00e5 hjelpe meg.\u00a0<\/p>\n<p>Dronning Sonjas uttalelse kommer f\u00e5 dager etter at kong Harald (88) bekreftet at han hadde sett dokumentaren.\u00a0<\/p>\n","protected":false},"excerpt":{"rendered":"Dronning Sonja:\u00a0 Dronning Sonja bryter tausheten om Netflix-dokumentaren til datteren, M\u00e4rtha Louise.\u00a0 BRYTER TAUSHETEN: Dronning Sonja bes\u00f8kte denne&hellip;\n","protected":false},"author":2,"featured_media":47421,"comment_status":"","ping_status":"","sticky":false,"template":"","format":"standard","meta":{"footnotes":""},"categories":[10],"tags":[20,21,3990,1560,2858,24,25,15,2543,2590,76,22,23,13,30,28,29,14,16,1221,4593,26,27],"class_list":{"0":"post-47420","1":"post","2":"type-post","3":"status-publish","4":"format-standard","5":"has-post-thumbnail","7":"category-norge","8":"tag-breaking-news","9":"tag-breakingnews","10":"tag-det-norske-kongehuset","11":"tag-dronning-sonja","12":"tag-durek-verrett","13":"tag-featured-news","14":"tag-featurednews","15":"tag-headlines","16":"tag-kjendisdesken","17":"tag-kong-harald","18":"tag-kongelig","19":"tag-latest-news","20":"tag-latestnews","21":"tag-news","22":"tag-no","23":"tag-norge","24":"tag-norway","25":"tag-nyheter","26":"tag-overskrifter","27":"tag-prinsesse-martha-louise","28":"tag-rebel-royals","29":"tag-top-stories","30":"tag-topstories"},"share_on_mastodon":{"url":"","error":""},"_links":{"self":[{"href":"https:\/\/www.europesays.com\/no\/wp-json\/wp\/v2\/posts\/47420","targetHints":{"allow":["GET"]}}],"collection":[{"href":"https:\/\/www.europesays.com\/no\/wp-json\/wp\/v2\/posts"}],"about":[{"href":"https:\/\/www.europesays.com\/no\/wp-json\/wp\/v2\/types\/post"}],"author":[{"embeddable":true,"href":"https:\/\/www.europesays.com\/no\/wp-json\/wp\/v2\/users\/2"}],"replies":[{"embeddable":true,"href":"https:\/\/www.europesays.com\/no\/wp-json\/wp\/v2\/comments?post=47420"}],"version-history":[{"count":0,"href":"https:\/\/www.europesays.com\/no\/wp-json\/wp\/v2\/posts\/47420\/revisions"}],"wp:featuredmedia":[{"embeddable":true,"href":"https:\/\/www.europesays.com\/no\/wp-json\/wp\/v2\/media\/47421"}],"wp:attachment":[{"href":"https:\/\/www.europesays.com\/no\/wp-json\/wp\/v2\/media?parent=47420"}],"wp:term":[{"taxonomy":"category","embeddable":true,"href":"https:\/\/www.europesays.com\/no\/wp-json\/wp\/v2\/categories?post=47420"},{"taxonomy":"post_tag","embeddable":true,"href":"https:\/\/www.europesays.com\/no\/wp-json\/wp\/v2\/tags?post=47420"}],"curies":[{"name":"wp","href":"https:\/\/api.w.org\/{rel}","templated":true}]}}