{"id":47493,"date":"2025-09-28T18:17:07","date_gmt":"2025-09-28T18:17:07","guid":{"rendered":"https:\/\/www.europesays.com\/no\/47493\/"},"modified":"2025-09-28T18:17:07","modified_gmt":"2025-09-28T18:17:07","slug":"former-fremtiden-for-hele-verden","status":"publish","type":"post","link":"https:\/\/www.europesays.com\/no\/47493\/","title":{"rendered":"\u2013 Former fremtiden for hele verden"},"content":{"rendered":"<p><strong>EU lanserer en storstilt st\u00f8ttepakke for \u00e5 elektrifisere Afrika. Totalt investeres det over 6,4 milliarder norske kroner i moderne energiinfrastruktur og fornybar energi. Det melder <a href=\"https:\/\/www.finansavisen.no\/energi\/2025\/09\/28\/8296010\/investerer-milliarder-i-afrikansk-strom\" rel=\"nofollow noopener\" target=\"_blank\">Finansavisen <\/a>s\u00f8ndag ettermiddag.<\/strong><\/p>\n<p>\u2013 Valgene Afrika tar i dag former framtiden for hele verden. En overgang til ren energi p\u00e5 kontinentet vil skape jobber, stabilitet, vekst og bidra til \u00e5 n\u00e5 v\u00e5re globale klimam\u00e5l, sier EU-kommisjonens president Ursula von der Leyen i en uttalelse.<\/p>\n<p>Pakken omfatter 545 millioner euro fordelt p\u00e5 prosjekter i flere land. Blant de st\u00f8rste tiltakene er en investering p\u00e5 359,4 millioner euro i h\u00f8yspentnett i Elfenbenskysten, som skal styrke distribusjonen av str\u00f8m. Kamerun mottar 59,1 millioner euro til elektrifisering av distriktene, og Somalia f\u00e5r 45,5 millioner euro \u00f8remerket rimelig, fornybar energi.<\/p>\n<p>If\u00f8lge EU-kommisjonen lever rundt 600 millioner mennesker i Afrika fortsatt uten tilgang til str\u00f8m, til tross for kontinentets store potensial for energiproduksjon.<\/p>\n<p>St\u00f8tten er del av EUs Global Gateway-initiativ, som har som m\u00e5l \u00e5 mobilisere b\u00e5de offentlige og private investeringer i b\u00e6rekraftig utvikling globalt. Kampanjen skal ogs\u00e5 \u00f8ke den internasjonale bevisstheten rundt Afrikas rolle i det gr\u00f8nne skiftet.<\/p>\n<p>\u2013 Den europeiske union, gjennom Global Gateway-investeringsplanen, er fullt forpliktet til \u00e5 st\u00f8tte Afrika p\u00e5 veien mot en ren energiframtid, sier von der Leyen.<\/p>\n","protected":false},"excerpt":{"rendered":"EU lanserer en storstilt st\u00f8ttepakke for \u00e5 elektrifisere Afrika. Totalt investeres det over 6,4 milliarder norske kroner i&hellip;\n","protected":false},"author":2,"featured_media":47494,"comment_status":"","ping_status":"","sticky":false,"template":"","format":"standard","meta":{"footnotes":""},"categories":[12],"tags":[2538,20,21,7023,279,24,25,15,22,23,13,30,28,29,14,16,26,27,42,43,44,45],"class_list":{"0":"post-47493","1":"post","2":"type-post","3":"status-publish","4":"format-standard","5":"has-post-thumbnail","7":"category-verden","8":"tag-afrika","9":"tag-breaking-news","10":"tag-breakingnews","11":"tag-energipolitikk","12":"tag-eu","13":"tag-featured-news","14":"tag-featurednews","15":"tag-headlines","16":"tag-latest-news","17":"tag-latestnews","18":"tag-news","19":"tag-no","20":"tag-norge","21":"tag-norway","22":"tag-nyheter","23":"tag-overskrifter","24":"tag-top-stories","25":"tag-topstories","26":"tag-verden","27":"tag-world","28":"tag-world-news","29":"tag-worldnews"},"share_on_mastodon":{"url":"","error":""},"_links":{"self":[{"href":"https:\/\/www.europesays.com\/no\/wp-json\/wp\/v2\/posts\/47493","targetHints":{"allow":["GET"]}}],"collection":[{"href":"https:\/\/www.europesays.com\/no\/wp-json\/wp\/v2\/posts"}],"about":[{"href":"https:\/\/www.europesays.com\/no\/wp-json\/wp\/v2\/types\/post"}],"author":[{"embeddable":true,"href":"https:\/\/www.europesays.com\/no\/wp-json\/wp\/v2\/users\/2"}],"replies":[{"embeddable":true,"href":"https:\/\/www.europesays.com\/no\/wp-json\/wp\/v2\/comments?post=47493"}],"version-history":[{"count":0,"href":"https:\/\/www.europesays.com\/no\/wp-json\/wp\/v2\/posts\/47493\/revisions"}],"wp:featuredmedia":[{"embeddable":true,"href":"https:\/\/www.europesays.com\/no\/wp-json\/wp\/v2\/media\/47494"}],"wp:attachment":[{"href":"https:\/\/www.europesays.com\/no\/wp-json\/wp\/v2\/media?parent=47493"}],"wp:term":[{"taxonomy":"category","embeddable":true,"href":"https:\/\/www.europesays.com\/no\/wp-json\/wp\/v2\/categories?post=47493"},{"taxonomy":"post_tag","embeddable":true,"href":"https:\/\/www.europesays.com\/no\/wp-json\/wp\/v2\/tags?post=47493"}],"curies":[{"name":"wp","href":"https:\/\/api.w.org\/{rel}","templated":true}]}}