{"id":47547,"date":"2025-09-28T19:29:11","date_gmt":"2025-09-28T19:29:11","guid":{"rendered":"https:\/\/www.europesays.com\/no\/47547\/"},"modified":"2025-09-28T19:29:11","modified_gmt":"2025-09-28T19:29:11","slug":"trafikk-fartskontroll-mistet-kortet-etter-a-ha-kjort-i-159-km-t","status":"publish","type":"post","link":"https:\/\/www.europesays.com\/no\/47547\/","title":{"rendered":"Trafikk, Fartskontroll | Mistet kortet etter \u00e5 ha kj\u00f8rt i 159 km\/t"},"content":{"rendered":"\n<p><b>OVERHALLA: <\/b>Utrykningspolitiet (UP) har sammen med politiet holdt en laserkontroll i en 80-sone p\u00e5 Fv. 17 ved Skage i Overhalla.<\/p>\n<p>Kontrollen foregikk i tidsrommet 17.00\u201320.00 s\u00f8ndag kveld, melder Tr\u00f8ndelag politidistrikt.<\/p>\n<p>To f\u00f8rere fikk f\u00f8rerkortet beslaglagt etter \u00e5 ha blitt registrert med for h\u00f8y fart. <\/p>\n<p>\u2013 H\u00f8yeste hastighet ble m\u00e5lt til 158 km\/t, opplyser operasjonsleder Kamilla Engen i politiet.<\/p>\n","protected":false},"excerpt":{"rendered":"OVERHALLA: Utrykningspolitiet (UP) har sammen med politiet holdt en laserkontroll i en 80-sone p\u00e5 Fv. 17 ved Skage&hellip;\n","protected":false},"author":2,"featured_media":3063,"comment_status":"","ping_status":"","sticky":false,"template":"","format":"standard","meta":{"footnotes":""},"categories":[12],"tags":[36,20,21,1897,24,25,15,22,23,13,30,28,29,14,7401,16,254,1510,26,27,224,1634,42,43,44,45],"class_list":{"0":"post-47547","1":"post","2":"type-post","3":"status-publish","4":"format-standard","5":"has-post-thumbnail","7":"category-verden","8":"tag-art","9":"tag-breaking-news","10":"tag-breakingnews","11":"tag-fartskontroll","12":"tag-featured-news","13":"tag-featurednews","14":"tag-headlines","15":"tag-latest-news","16":"tag-latestnews","17":"tag-news","18":"tag-no","19":"tag-norge","20":"tag-norway","21":"tag-nyheter","22":"tag-overhalla","23":"tag-overskrifter","24":"tag-politi","25":"tag-story","26":"tag-top-stories","27":"tag-topstories","28":"tag-trafikk","29":"tag-up","30":"tag-verden","31":"tag-world","32":"tag-world-news","33":"tag-worldnews"},"share_on_mastodon":{"url":"","error":""},"_links":{"self":[{"href":"https:\/\/www.europesays.com\/no\/wp-json\/wp\/v2\/posts\/47547","targetHints":{"allow":["GET"]}}],"collection":[{"href":"https:\/\/www.europesays.com\/no\/wp-json\/wp\/v2\/posts"}],"about":[{"href":"https:\/\/www.europesays.com\/no\/wp-json\/wp\/v2\/types\/post"}],"author":[{"embeddable":true,"href":"https:\/\/www.europesays.com\/no\/wp-json\/wp\/v2\/users\/2"}],"replies":[{"embeddable":true,"href":"https:\/\/www.europesays.com\/no\/wp-json\/wp\/v2\/comments?post=47547"}],"version-history":[{"count":0,"href":"https:\/\/www.europesays.com\/no\/wp-json\/wp\/v2\/posts\/47547\/revisions"}],"wp:featuredmedia":[{"embeddable":true,"href":"https:\/\/www.europesays.com\/no\/wp-json\/wp\/v2\/media\/3063"}],"wp:attachment":[{"href":"https:\/\/www.europesays.com\/no\/wp-json\/wp\/v2\/media?parent=47547"}],"wp:term":[{"taxonomy":"category","embeddable":true,"href":"https:\/\/www.europesays.com\/no\/wp-json\/wp\/v2\/categories?post=47547"},{"taxonomy":"post_tag","embeddable":true,"href":"https:\/\/www.europesays.com\/no\/wp-json\/wp\/v2\/tags?post=47547"}],"curies":[{"name":"wp","href":"https:\/\/api.w.org\/{rel}","templated":true}]}}