{"id":47561,"date":"2025-09-28T19:39:29","date_gmt":"2025-09-28T19:39:29","guid":{"rendered":"https:\/\/www.europesays.com\/no\/47561\/"},"modified":"2025-09-28T19:39:29","modified_gmt":"2025-09-28T19:39:29","slug":"den-mannen-har-ingen-akilles-itromso-no","status":"publish","type":"post","link":"https:\/\/www.europesays.com\/no\/47561\/","title":{"rendered":"(+) \u2013 Den mannen har ingen akilles! &#8211; itromso.no"},"content":{"rendered":"<ol>\n<li><a href=\"https:\/\/news.google.com\/rss\/articles\/CBMirwFBVV95cUxOUXhQaV9iZWhEWFhfR0g3aU8xaDZGeU1LTkc5WEJBRmVJX2NlV0hnMWpRSENnNGpBR0R5MHlZLTdJSDJIUTczX3l2b3IxempEYWdyX2JRVzFqZS1HMmc2Q25ySVRPQkhDTnZtcE9aSjVHSFJvNG42WWE5bUdtUmMwa3l2b3V4RG9BaDFTNlR1aS10Mjk1ZWgwSGNYa0tUVHY0U3k3Q1RXcjdkM1I0T1lB?oc=5\" target=\"_blank\" rel=\"nofollow noopener\">(+) \u2013 Den mannen har ingen akilles!<\/a>&nbsp;&nbsp;itromso.no<\/li>\n<li><a href=\"https:\/\/news.google.com\/rss\/articles\/CBMilAFBVV95cUxPMVQ2MVBfc0hjRV9SRVpIWUp3Qzg0elFrSkhLRmdBa0VPeWhvb18wdkRud3lDaXlTRmdSbDlOeHFrelljZEhNVzJQdkNfbC14TDF1UllzX0NmZWdCYWo4em1jZTQ4MHJOYTBCRHBic09XQUJBVzl5VEh2TWUzbnpuMWNhLU1NYkRSR2dNRktyMzAwZlM0?oc=5\" target=\"_blank\" rel=\"nofollow noopener\">Sport, Eliteserien 2025 | Jakter sin fjerde strake seier &#8211; f\u00f8lg TIL-Str\u00f8msgodset her<\/a>&nbsp;&nbsp;Nordlys<\/li>\n<li><a href=\"https:\/\/news.google.com\/rss\/articles\/CBMilwFBVV95cUxORVI4N2lPTnBaMmJQaGhoSGhPWmdJNjNVSTk4TWdvT2ZINi1aWEl0WEpkWEFQcmt5Wk1PbDJXT1FNMXFORzVNYkpRSVRvVlNsa01hN0VQZHMtXzdNMVl6c0FzUENfNW5IdnlxMVlfTmtIcFkxLXpvMXBDZlJYRlN6UTRlUzQyMWtLdGJZSk1vSmc0RTVobVVJ?oc=5\" target=\"_blank\" rel=\"nofollow noopener\">(+) Etter kampen avsl\u00f8rte Ieltsin (26) at m\u00e5let hans er n\u00e5dd<\/a>&nbsp;&nbsp;Nordlys<\/li>\n<li><a href=\"https:\/\/news.google.com\/rss\/articles\/CBMijwFBVV95cUxNa0d3ZFNXRXd4bFpPMy03bFNVRmh1b0dodTZyTU43ZkN5YksyMTFzRGo0UXJ5ZFpOcTh4YWFiOElPRkNOcTFQd3VXV1YzbjlrcG9Wb3YwMm9PWUxPNmRJTGVrQm14SGl4eW5DZ05tYVBFZnUxdHp0N0h5eWRLd1QtWTgzaURIbk1PS1dkNTJUWQ?oc=5\" target=\"_blank\" rel=\"nofollow noopener\">Spiss-kometen herjet for Troms\u00f8<\/a>&nbsp;&nbsp;TV2.no<\/li>\n<li><a href=\"https:\/\/news.google.com\/rss\/articles\/CBMihAFBVV95cUxQRDVnZzJWTk9rdEM5Q3R0Y01NVnhoVFF5OTZmVkRySkVqYnNNQnJIZ0h6YmRDakNDaEY2bVhMYUplVlBUV01hVElrQVZMWWdnaURLRGdyemtKemRkcTVnVkM5MVl5MTNCWVd2LXUyNDQ0WG1weHFQbXNybnQ1dnJENkpYMjc?oc=5\" target=\"_blank\" rel=\"nofollow noopener\">Str\u00f8msgodset, Sport | Reagerer p\u00e5 avgj\u00f8relsen: \u2013 Jeg synes det er rart<\/a>&nbsp;&nbsp;dt.no<\/li>\n<\/ol>\n","protected":false},"excerpt":{"rendered":"(+) \u2013 Den mannen har ingen akilles!&nbsp;&nbsp;itromso.no Sport, Eliteserien 2025 | Jakter sin fjerde strake seier &#8211; f\u00f8lg&hellip;\n","protected":false},"author":2,"featured_media":47562,"comment_status":"","ping_status":"","sticky":false,"template":"","format":"standard","meta":{"footnotes":""},"categories":[59],"tags":[134,92,2192,30,28,29,83,82,1942,471],"class_list":{"0":"post-47561","1":"post","2":"type-post","3":"status-publish","4":"format-standard","5":"has-post-thumbnail","7":"category-sport","8":"tag-eliteserien","9":"tag-fotball","10":"tag-helge-skog","11":"tag-no","12":"tag-norge","13":"tag-norway","14":"tag-sport","15":"tag-sports","16":"tag-stromsgodset-if","17":"tag-til"},"share_on_mastodon":{"url":"","error":""},"_links":{"self":[{"href":"https:\/\/www.europesays.com\/no\/wp-json\/wp\/v2\/posts\/47561","targetHints":{"allow":["GET"]}}],"collection":[{"href":"https:\/\/www.europesays.com\/no\/wp-json\/wp\/v2\/posts"}],"about":[{"href":"https:\/\/www.europesays.com\/no\/wp-json\/wp\/v2\/types\/post"}],"author":[{"embeddable":true,"href":"https:\/\/www.europesays.com\/no\/wp-json\/wp\/v2\/users\/2"}],"replies":[{"embeddable":true,"href":"https:\/\/www.europesays.com\/no\/wp-json\/wp\/v2\/comments?post=47561"}],"version-history":[{"count":0,"href":"https:\/\/www.europesays.com\/no\/wp-json\/wp\/v2\/posts\/47561\/revisions"}],"wp:featuredmedia":[{"embeddable":true,"href":"https:\/\/www.europesays.com\/no\/wp-json\/wp\/v2\/media\/47562"}],"wp:attachment":[{"href":"https:\/\/www.europesays.com\/no\/wp-json\/wp\/v2\/media?parent=47561"}],"wp:term":[{"taxonomy":"category","embeddable":true,"href":"https:\/\/www.europesays.com\/no\/wp-json\/wp\/v2\/categories?post=47561"},{"taxonomy":"post_tag","embeddable":true,"href":"https:\/\/www.europesays.com\/no\/wp-json\/wp\/v2\/tags?post=47561"}],"curies":[{"name":"wp","href":"https:\/\/api.w.org\/{rel}","templated":true}]}}