{"id":47877,"date":"2025-09-29T08:46:08","date_gmt":"2025-09-29T08:46:08","guid":{"rendered":"https:\/\/www.europesays.com\/no\/47877\/"},"modified":"2025-09-29T08:46:08","modified_gmt":"2025-09-29T08:46:08","slug":"xi-presser-trump-den-hellige-gral-for-beijing","status":"publish","type":"post","link":"https:\/\/www.europesays.com\/no\/47877\/","title":{"rendered":"Xi presser Trump: \u2013 Den hellige gral for Beijing"},"content":{"rendered":"<p>Kinas president Xi Jinping ser USAs behov for en handelsavtale som en mulighet til \u00e5 f\u00e5 gjennomslag for et av sine viktigste m\u00e5l: \u00e5 f\u00e5 Washington til \u00e5 erkl\u00e6re at landet \u00abmotsetter seg\u00bb Taiwans uavhengighet, skriver Wall Street Journal.<\/p>\n<p>If\u00f8lge kilder vil Xi bruke kommende toppm\u00f8ter med Donald Trump til \u00e5 presse fram en tydeligere amerikansk linje. En slik endring vil markere et brudd med dagens formulering, der USA kun \u00abikke st\u00f8tter\u00bb uavhengighet, og vil bli en diplomatisk seier for Beijing.<\/p>\n<p class=\"subhead\" data-element-type=\"subhead\" data-element-label=\"Mellomtittel\">Gradvis svekkelse<\/p>\n<p><b>\u2013 Ingen endring skjer over natten, men Beijing vil gradvis fors\u00f8ke \u00e5 svekke Taiwans tillit til amerikansk st\u00f8tte, sier Yun Sun ved Stimson Center.<br \/><\/b><\/p>\n<p>Siden Xi kom til makten i 2012 har han gjort \u00abgjenforening\u00bb med Taiwan til en hj\u00f8rnestein i sitt prosjekt om nasjonal fornyelse. Han har gjentatt at gjenforeningen er uunng\u00e5elig, og at utenlandske krefter ikke kan hindre den.<\/p>\n<p>For Xi er forskjellen mellom \u00e5 ikke st\u00f8tte og \u00e5 motsette seg mer enn semantikk \u2013 det vil bety at Washington aktivt stiller seg p\u00e5 Kinas side.<\/p>\n<p>\u2013 \u00c5 drive en kile mellom Washington og Taipei er den hellige gral for Beijing, sier Evan Medeiros, tidligere sikkerhetsr\u00e5dgiver for Obama.<\/p>\n<p class=\"subhead\" data-element-type=\"subhead\" data-element-label=\"Mellomtittel\">Skal m\u00f8tes<\/p>\n<p><b>If\u00f8lge WSJ har Trump-administrasjonen s\u00e5 langt sl\u00e5tt fast at den motsetter seg \u00abensidige endringer av status quo\u00bb, men Xi mener han kan lokke Trump til et linjeskifte gjennom \u00f8konomiske kompromisser.<\/b><\/p>\n<p>Parallelt planlegges et toppm\u00f8te mellom Xi og Trump i S\u00f8r-Korea, etter at partene \u00e5pnet for et TikTok-salg til amerikanske investorer.<\/p>\n<p>Samtidig er forholdet til Taipei mer usikkert. Trump har unng\u00e5tt \u00e5 si om USA vil gripe inn milit\u00e6rt ved et kinesisk angrep, utsatt v\u00e5penst\u00f8tte og nektet Taiwans president Lai Ching-te \u00e5 mellomlande. If\u00f8lge WSJ ble beslutningen forklart som et \u00f8nske om \u00e5 unng\u00e5 innblanding i taiwansk politikk.<\/p>\n","protected":false},"excerpt":{"rendered":"Kinas president Xi Jinping ser USAs behov for en handelsavtale som en mulighet til \u00e5 f\u00e5 gjennomslag for&hellip;\n","protected":false},"author":2,"featured_media":47878,"comment_status":"","ping_status":"","sticky":false,"template":"","format":"standard","meta":{"footnotes":""},"categories":[12],"tags":[20,21,24,25,15,413,22,23,13,30,28,29,14,16,2933,26,27,50,42,43,44,45],"class_list":{"0":"post-47877","1":"post","2":"type-post","3":"status-publish","4":"format-standard","5":"has-post-thumbnail","7":"category-verden","8":"tag-breaking-news","9":"tag-breakingnews","10":"tag-featured-news","11":"tag-featurednews","12":"tag-headlines","13":"tag-kina","14":"tag-latest-news","15":"tag-latestnews","16":"tag-news","17":"tag-no","18":"tag-norge","19":"tag-norway","20":"tag-nyheter","21":"tag-overskrifter","22":"tag-taiwan","23":"tag-top-stories","24":"tag-topstories","25":"tag-usa","26":"tag-verden","27":"tag-world","28":"tag-world-news","29":"tag-worldnews"},"share_on_mastodon":{"url":"","error":""},"_links":{"self":[{"href":"https:\/\/www.europesays.com\/no\/wp-json\/wp\/v2\/posts\/47877","targetHints":{"allow":["GET"]}}],"collection":[{"href":"https:\/\/www.europesays.com\/no\/wp-json\/wp\/v2\/posts"}],"about":[{"href":"https:\/\/www.europesays.com\/no\/wp-json\/wp\/v2\/types\/post"}],"author":[{"embeddable":true,"href":"https:\/\/www.europesays.com\/no\/wp-json\/wp\/v2\/users\/2"}],"replies":[{"embeddable":true,"href":"https:\/\/www.europesays.com\/no\/wp-json\/wp\/v2\/comments?post=47877"}],"version-history":[{"count":0,"href":"https:\/\/www.europesays.com\/no\/wp-json\/wp\/v2\/posts\/47877\/revisions"}],"wp:featuredmedia":[{"embeddable":true,"href":"https:\/\/www.europesays.com\/no\/wp-json\/wp\/v2\/media\/47878"}],"wp:attachment":[{"href":"https:\/\/www.europesays.com\/no\/wp-json\/wp\/v2\/media?parent=47877"}],"wp:term":[{"taxonomy":"category","embeddable":true,"href":"https:\/\/www.europesays.com\/no\/wp-json\/wp\/v2\/categories?post=47877"},{"taxonomy":"post_tag","embeddable":true,"href":"https:\/\/www.europesays.com\/no\/wp-json\/wp\/v2\/tags?post=47877"}],"curies":[{"name":"wp","href":"https:\/\/api.w.org\/{rel}","templated":true}]}}