{"id":47901,"date":"2025-09-29T09:16:13","date_gmt":"2025-09-29T09:16:13","guid":{"rendered":"https:\/\/www.europesays.com\/no\/47901\/"},"modified":"2025-09-29T09:16:13","modified_gmt":"2025-09-29T09:16:13","slug":"dodsulykke-agotnes-dodsulykken-pa-agotnes-politiet-vil-ha-bilforeren-fengslet","status":"publish","type":"post","link":"https:\/\/www.europesays.com\/no\/47901\/","title":{"rendered":"D\u00f8dsulykke, \u00c5gotnes | D\u00f8dsulykken p\u00e5 \u00c5gotnes: Politiet vil ha bilf\u00f8reren fengslet"},"content":{"rendered":"\n<p>Mandag skal mannen fremstilles for varetektsfengsling, opplyser politiadvokat Nathalie Christensen til BA.<\/p>\n<p>Begrunnelsen er at politiet mener det er en unndragelsesfare dersom han l\u00f8slates n\u00e5. Det betyr at de frykter han kan r\u00f8mme landet og p\u00e5 den m\u00e5ten potensielt unndra seg straff.<\/p>\n<p>Mannen er fra Litauen, opplyser Christensen. Han har erkjent straffskyld, uttalte forsvarer Erik Johan Mjelde til BA i helgen.<\/p>\n<p><b>\u2013 Dette er en tragedie, og han er fullstendig knust over de f\u00f8lgene hans kj\u00f8ring har medf\u00f8rt, sa Mjelde.<\/b><\/p>\n<p>D\u00f8de p\u00e5 stedet<\/p>\n<p><a rel=\"Follow nofollow noopener\" href=\"https:\/\/www.ba.no\/trafikkulykke-mellom-bil-og-syklist-pa-agotnes\/s\/5-8-3169630\" target=\"_blank\">Det var klokken 0658 s\u00f8ndag <\/a>at det ble sendt ut en trippelvarsling til n\u00f8detatene om en trafikkulykke mellom en bil og en syklist p\u00e5 \u00c5gotnes p\u00e5 Sotra.<\/p>\n<p>Stig Gjerstad (48) var p\u00e5 vei til jobb hos CCB da han ble p\u00e5kj\u00f8rt av en bil som if\u00f8lge vitner kom i h\u00f8y fart mot ham.<\/p>\n<p>   <img decoding=\"async\" width=\"1617\" height=\"1124\" fetchpriority=\"low\"  loading=\"lazy\"  src=\"https:\/\/www.europesays.com\/no\/wp-content\/uploads\/2025\/09\/IMG_2330+kopi.jpg\" alt=\"Stig Gjerstad (48) omkom i d\u00f8dsulykke p\u00e5 \u00c5gotnes \u2013 bilist siktet for uaktsomt drap.&#10;OBS: V\u00e6r n\u00f8ye p\u00e5 hvilke bilder som publiseres.\" class=\"brick-c-cFOWSL\" style=\"--brick-image-ratio: 1617 \/ 1124;\"\/><\/p>\n<p>    Politiet gjorde unders\u00f8kelser p\u00e5 ulykkesstedet.<br \/>\n    Foto: Jostein Fagerland\n  <\/p>\n<p>Brannvesenet var p\u00e5 stedet klokken 0705, og det ble umiddelbart satt i gang hjerte- og lungeredning.<\/p>\n<p><b>Men Gjerstad var for hardt skadet, og livet hans sto ikke til \u00e5 redde. Han ble erkl\u00e6rt d\u00f8d etter kort tid.<\/b><\/p>\n<p>S\u00f8ndag kveld ble det arrangert en minnestund for 48-\u00e5ringen i \u00d8ygarden r\u00e5dhus, hvor en stor forsamling m\u00f8ttes <a rel=\"Follow nofollow noopener\" href=\"https:\/\/www.ba.no\/stig-gjerstad-48-jobbet-i-ccb-og-omkom-i-en-trafikkulykke-pa-agotnes-pa-sotra-sondag-morgen-bilisten-er-siktet-for-uaktsomt-drap\/s\/5-8-3169861\" target=\"_blank\">for \u00e5 finne sammen i sorgen.<\/a><\/p>\n<p>Mistet lappen l\u00f8rdag kveld<\/p>\n<p>Mannen i 20-\u00e5rene som er siktet for uaktsomt drap i trafikken, kj\u00f8rte uten gyldig f\u00f8rerkort. Han fikk ogs\u00e5 utslag p\u00e5 promille, og politiet har sikret seg blodpr\u00f8ve.<\/p>\n<p>F\u00f8rerkortet hans hadde blitt beslaglagt l\u00f8rdag kveld, klokken 2314. Da ble han tatt i en fartskontroll ved Shell p\u00e5 Lagunen.<\/p>\n<p><b>\u2013 Han kj\u00f8rte 91 km\/t i 60-sonen, opplyser politistasjonssjef Sven Erik Midthjell til BA mandag morgen.<\/b><\/p>\n<p>Mannen kj\u00f8rte da en annen bil enn den han krasjet med s\u00f8ndag morgen.<\/p>\n<p>\u2013 En passasjer som satt i bilen hadde gyldig f\u00f8rerkort og fikk kj\u00f8re derfra. S\u00e5 skjedde denne tragiske ulykken noen timer senere, i en annen bil, sier Midthjell.<\/p>\n<p>Ulykkesbilen er beslaglagt, og avd\u00f8de skal obduseres.<\/p>\n<p>Det er ogs\u00e5 sikret videooverv\u00e5king, og krimteknikere og ulykkesgruppen fra Statens vegvesen har v\u00e6rt p\u00e5 \u00e5stedet og gjort unders\u00f8kelser.<\/p>\n","protected":false},"excerpt":{"rendered":"Mandag skal mannen fremstilles for varetektsfengsling, opplyser politiadvokat Nathalie Christensen til BA. Begrunnelsen er at politiet mener det&hellip;\n","protected":false},"author":2,"featured_media":47902,"comment_status":"","ping_status":"","sticky":false,"template":"","format":"standard","meta":{"footnotes":""},"categories":[5],"tags":[7341,36,20,21,753,24,25,15,19,983,22,23,17,18,13,30,28,29,14,16,2869,1510,26,27],"class_list":{"0":"post-47901","1":"post","2":"type-post","3":"status-publish","4":"format-standard","5":"has-post-thumbnail","7":"category-overskrifter","8":"tag-agotnes","9":"tag-art","10":"tag-breaking-news","11":"tag-breakingnews","12":"tag-dodsulykke","13":"tag-featured-news","14":"tag-featurednews","15":"tag-headlines","16":"tag-hovedoppslag","17":"tag-krim","18":"tag-latest-news","19":"tag-latestnews","20":"tag-main-news","21":"tag-mainnews","22":"tag-news","23":"tag-no","24":"tag-norge","25":"tag-norway","26":"tag-nyheter","27":"tag-overskrifter","28":"tag-oygarden","29":"tag-story","30":"tag-top-stories","31":"tag-topstories"},"share_on_mastodon":{"url":"","error":""},"_links":{"self":[{"href":"https:\/\/www.europesays.com\/no\/wp-json\/wp\/v2\/posts\/47901","targetHints":{"allow":["GET"]}}],"collection":[{"href":"https:\/\/www.europesays.com\/no\/wp-json\/wp\/v2\/posts"}],"about":[{"href":"https:\/\/www.europesays.com\/no\/wp-json\/wp\/v2\/types\/post"}],"author":[{"embeddable":true,"href":"https:\/\/www.europesays.com\/no\/wp-json\/wp\/v2\/users\/2"}],"replies":[{"embeddable":true,"href":"https:\/\/www.europesays.com\/no\/wp-json\/wp\/v2\/comments?post=47901"}],"version-history":[{"count":0,"href":"https:\/\/www.europesays.com\/no\/wp-json\/wp\/v2\/posts\/47901\/revisions"}],"wp:featuredmedia":[{"embeddable":true,"href":"https:\/\/www.europesays.com\/no\/wp-json\/wp\/v2\/media\/47902"}],"wp:attachment":[{"href":"https:\/\/www.europesays.com\/no\/wp-json\/wp\/v2\/media?parent=47901"}],"wp:term":[{"taxonomy":"category","embeddable":true,"href":"https:\/\/www.europesays.com\/no\/wp-json\/wp\/v2\/categories?post=47901"},{"taxonomy":"post_tag","embeddable":true,"href":"https:\/\/www.europesays.com\/no\/wp-json\/wp\/v2\/tags?post=47901"}],"curies":[{"name":"wp","href":"https:\/\/api.w.org\/{rel}","templated":true}]}}