{"id":47905,"date":"2025-09-29T09:21:10","date_gmt":"2025-09-29T09:21:10","guid":{"rendered":"https:\/\/www.europesays.com\/no\/47905\/"},"modified":"2025-09-29T09:21:10","modified_gmt":"2025-09-29T09:21:10","slug":"mann-domt-til-ni-ars-fengsel-for-drapet-pa-mai-kjersti-orseth-62","status":"publish","type":"post","link":"https:\/\/www.europesays.com\/no\/47905\/","title":{"rendered":"Mann d\u00f8mt til ni \u00e5rs fengsel for drapet p\u00e5 Mai Kjersti Orseth (62)"},"content":{"rendered":"\n<p class=\"_lead_ew2ao_2 _lead_xtcu6_50 layout-component text-serif-m layout-normal text-serif-l layout-component layout-wide layout-padded _wide_17hqh_1 layout-padded\">62-\u00e5ringen ble drept p\u00e5 en campingplass i Aremark i juli i fjor. <\/p>\n<p><img alt=\"Mai Kjersti Orseth ble 62 \u00e5r gammel. Foto: Privat\" class=\"_image_qp4xg_65 layout-component layout-wide\" data-fullscreen- data-track-element-type=\"Article image fullscreen\" data-track-name=\"ImageFullscreen\" fetchpriority=\"high\" decoding=\"sync\" loading=\"eager\" height=\"576\" itemprop=\"image\"  src=\"https:\/\/www.europesays.com\/no\/wp-content\/uploads\/2025\/09\/bf57b5d9-9ec0-4089-8181-ffc3c96655c6\"  style=\"object-position:50.08680555555556% 48.26388888888889%\" width=\"576\"\/>Mai Kjersti Orseth ble 62 \u00e5r gammel. Foto: Privat<\/p>\n<ul aria-hidden=\"true\" class=\"_images_1y6fe_106\">\n<li><a class=\"_link_1y6fe_111\" href=\"https:\/\/www.vg.no\/forfatter\/marie-dreyer-bakken\" style=\"z-index:1\" title=\"Marie Dreyer Bakken\" rel=\"nofollow noopener\" target=\"_blank\"><img alt=\"Bilde av Marie Dreyer Bakken\" class=\"_image_1y6fe_88\" fetchpriority=\"low\" loading=\"lazy\" decoding=\"async\" itemprop=\"image\"  src=\"https:\/\/www.europesays.com\/no\/wp-content\/uploads\/2025\/09\/1759137668_921_a58fd05d-9a13-4704-bd0c-ffb8040bb859\"  width=\"480\"\/><\/a><\/li>\n<\/ul>\n<p> Oppdatert mandag 29. september kl. 11:02     <\/p>\n<p class=\"_paragraph_ew2ao_4 _paragraph_xtcu6_10 layout-component text-serif-m layout-normal text-serif-m layout-padded\">N\u00e5 er en mann i 50-\u00e5rene d\u00f8mt til fengsel i ni \u00e5r og seks m\u00e5neder for drapet som skjedde i <a href=\"https:\/\/www.vg.no\/tag\/aremark?utm_source=vg-article&amp;utm_medium=auto-tagger&amp;utm_campaign=Gy4myl\" class=\"_link_ew2ao_39\" rel=\"nofollow noopener\" target=\"_blank\">Aremark<\/a> i \u00d8stfold i fjor sommer.<\/p>\n<p class=\"_paragraph_ew2ao_4 _paragraph_xtcu6_10 layout-component text-serif-m layout-normal text-serif-m layout-padded\">Han er ogs\u00e5 d\u00f8mt til \u00e5 betale oppreisningserstatning til Orseth sine tre barn.<\/p>\n<p class=\"_paragraph_ew2ao_4 _paragraph_xtcu6_10 layout-component text-serif-m layout-normal text-serif-m layout-padded\">TV 2 omtalte dommen f\u00f8rst. <\/p>\n<p class=\"_paragraph_ew2ao_4 _paragraph_xtcu6_10 layout-component text-serif-m layout-normal text-serif-m layout-padded\">I retten erkjente den drapsd\u00f8mte mannen straffskyld, skriver TV 2. <\/p>\n<p class=\"_paragraph_ew2ao_4 _paragraph_xtcu6_10 layout-component text-serif-m layout-normal text-serif-m layout-padded\">\u2013 Det er en grundig og god dom. Den er ogs\u00e5 ett \u00e5r under p\u00e5standen fra p\u00e5talemakten. Vi kommer ikke til \u00e5 anke, sier mannens forsvar Ann Turid Bugge til avisen. <\/p>\n<p class=\"_paragraph_ew2ao_4 _paragraph_xtcu6_10 layout-component text-serif-m layout-normal text-serif-m layout-padded\">Orseth <a href=\"https:\/\/www.vg.no\/nyheter\/i\/GyE19Q\/tiltalt-for-drapet-paa-mai-kjersti-orseth\" data-track-element-type=\"Link\" data-track-id=\"link:GyE19Q\" class=\"_link_ew2ao_39\" rel=\"nofollow noopener\" target=\"_blank\">ble funnet hardt skadet<\/a> etter \u00e5 ha blitt stukket med kniv. Hun ble erkl\u00e6rt d\u00f8d p\u00e5 stedet. <\/p>\n<p>    <img decoding=\"async\" alt=\"Tips oss illustrasjon\" width=\"62px\" height=\"auto\" src=\"https:\/\/www.europesays.com\/no\/wp-content\/uploads\/2025\/08\/1754784428_95_W9avJzE.png\"\/>    <\/p>\n<p class=\"title-serif-s\">Har du tips til oss?<\/p>\n<p class=\"text-sans-m\">Send oss informasjon, bilder eller video<\/p>\n<p>  <a href=\"https:\/\/www.vg.no\/tips-oss\" rel=\"nofollow noopener\" target=\"_blank\"> Tips oss <\/a>      <\/p>\n","protected":false},"excerpt":{"rendered":"62-\u00e5ringen ble drept p\u00e5 en campingplass i Aremark i juli i fjor. Mai Kjersti Orseth ble 62 \u00e5r&hellip;\n","protected":false},"author":2,"featured_media":47906,"comment_status":"","ping_status":"","sticky":false,"template":"","format":"standard","meta":{"footnotes":""},"categories":[12],"tags":[7444,31,20,21,377,24,25,15,22,23,13,30,28,29,14,16,656,26,27,42,43,44,45],"class_list":{"0":"post-47905","1":"post","2":"type-post","3":"status-publish","4":"format-standard","5":"has-post-thumbnail","7":"category-verden","8":"tag-aremark","9":"tag-breaking","10":"tag-breaking-news","11":"tag-breakingnews","12":"tag-drap","13":"tag-featured-news","14":"tag-featurednews","15":"tag-headlines","16":"tag-latest-news","17":"tag-latestnews","18":"tag-news","19":"tag-no","20":"tag-norge","21":"tag-norway","22":"tag-nyheter","23":"tag-overskrifter","24":"tag-ostfold","25":"tag-top-stories","26":"tag-topstories","27":"tag-verden","28":"tag-world","29":"tag-world-news","30":"tag-worldnews"},"share_on_mastodon":{"url":"","error":""},"_links":{"self":[{"href":"https:\/\/www.europesays.com\/no\/wp-json\/wp\/v2\/posts\/47905","targetHints":{"allow":["GET"]}}],"collection":[{"href":"https:\/\/www.europesays.com\/no\/wp-json\/wp\/v2\/posts"}],"about":[{"href":"https:\/\/www.europesays.com\/no\/wp-json\/wp\/v2\/types\/post"}],"author":[{"embeddable":true,"href":"https:\/\/www.europesays.com\/no\/wp-json\/wp\/v2\/users\/2"}],"replies":[{"embeddable":true,"href":"https:\/\/www.europesays.com\/no\/wp-json\/wp\/v2\/comments?post=47905"}],"version-history":[{"count":0,"href":"https:\/\/www.europesays.com\/no\/wp-json\/wp\/v2\/posts\/47905\/revisions"}],"wp:featuredmedia":[{"embeddable":true,"href":"https:\/\/www.europesays.com\/no\/wp-json\/wp\/v2\/media\/47906"}],"wp:attachment":[{"href":"https:\/\/www.europesays.com\/no\/wp-json\/wp\/v2\/media?parent=47905"}],"wp:term":[{"taxonomy":"category","embeddable":true,"href":"https:\/\/www.europesays.com\/no\/wp-json\/wp\/v2\/categories?post=47905"},{"taxonomy":"post_tag","embeddable":true,"href":"https:\/\/www.europesays.com\/no\/wp-json\/wp\/v2\/tags?post=47905"}],"curies":[{"name":"wp","href":"https:\/\/api.w.org\/{rel}","templated":true}]}}