{"id":47921,"date":"2025-09-29T09:39:10","date_gmt":"2025-09-29T09:39:10","guid":{"rendered":"https:\/\/www.europesays.com\/no\/47921\/"},"modified":"2025-09-29T09:39:10","modified_gmt":"2025-09-29T09:39:10","slug":"tobias-thorbjornsen-fra-nachspiel-til-norges-toffeste","status":"publish","type":"post","link":"https:\/\/www.europesays.com\/no\/47921\/","title":{"rendered":"Tobias Thorbj\u00f8rnsen: Fra Nachspiel til Norges T\u00f8ffeste"},"content":{"rendered":"<p class=\"kicker \" style=\"\">\u00abNorges t\u00f8ffeste\u00bb-Tobias sjokkerte alle:<\/p>\n<p>  Hans kjente storebror har deltatt i en rekke realityserier. N\u00e5 tr\u00e5kker minstemann i<br \/>\nfotsporene.<\/p>\n<p>\n    PAR I KJ\u00c6RLIGHET: Tobias er samboer med \u00abFarmen\u00bb-deltaker Tine Kornelia Kl\u00f8v. \u2013 Vi m\u00f8ttes p\u00e5 fest og klikket umiddelbart, sier han varmt. FOTO: Andreas Fadum\n  <\/p>\n<p>At Tobias \u00adThorbj\u00f8rnsen (22) dukket opp i \u00e5rets sesong av \u00abNorges t\u00f8ffeste\u00bb, er mye takket v\u00e6re mamma \u2013 og et ganske uvanlig p\u00e5meldings\u00f8yeblikk.<\/p>\n<p>&#8211; Vi satt en sein natt p\u00e5 nachspiel og tullet med \u00e5 melde meg p\u00e5. Og s\u00e5 plutselig satt vi dagen etter og fylte ut skjemaet. F\u00f8r jeg visste ordet av det, sto jeg der p\u00e5 audition, sier Tobias og ler.<\/p>\n<p>Mange forbinder ham med sin kjente storebror \u2013 artisten Stian \u00abStaysman\u00bb Thorbj\u00f8rnsen (42).<\/p>\n<p>          <img loading=\"lazy\" decoding=\"async\" src=\"https:\/\/www.europesays.com\/no\/wp-content\/uploads\/2025\/09\/83646976.webp\" width=\"686\" height=\"625\" title=\"HJERNEN BAK: Mamma Elisabeth Thorbj\u00f8rnsen har mye av \u00e6ren for at Tobias meldte seg p\u00e5 \u00abNorges t\u00f8ffeste\u00bb.\" alt=\"\" class=\"\" style=\"--aspect-ratio-image: 1.10; \"\/><\/p>\n<p>\n          HJERNEN BAK: Mamma Elisabeth Thorbj\u00f8rnsen har mye av \u00e6ren for at Tobias meldte seg p\u00e5 \u00abNorges t\u00f8ffeste\u00bb.\n      <\/p>\n<p>&#8211; For meg er det bare en fordel. Stian gj\u00f8r meg jo interessant for folk. Og s\u00e5 er det kanskje ikke alle som vet at jeg egentlig var i bedre form enn ham, f\u00f8r han begynte \u00e5 trene for alvor, sier Tobias sp\u00f8ke\u00adfullt.<\/p>\n<p>    <a itemprop=\"url\" href=\"https:\/\/www.seher.no\/kjendis\/har-vaert-helt-avgjorende\/83635344\" rel=\"nofollow noopener\" target=\"_blank\"><\/p>\n<p>      <img loading=\"lazy\" decoding=\"async\" src=\"https:\/\/www.europesays.com\/no\/wp-content\/uploads\/2025\/09\/1759138750_164_83635815.webp\" width=\"980\" height=\"441\" title=\"- Hun har v\u00e6rt helt avgj\u00f8rende\" alt=\"\" class=\"lazyload\" style=\"--aspect-ratio-image: 2.22; \"\/><\/p>\n<p>        &#8211; Hun har v\u00e6rt helt avgj\u00f8rende<\/p>\n<p>    <\/a><\/p>\n<p>&#8211; Det er jeg som har motivert ham, ikke motsatt. Jeg sier til brutter\u2019n at han m\u00e5 f\u00e5 opp styrketreninga, for bicepsene hans er ikke like store som mine, ler han.<\/p>\n<p>Tobias er ingen sofagris \u2013 han trener styrke opptil syv ganger i uken. Bakgrunnen fra Marinen p\u00e5 Haakonsvern i Bergen, har gitt ham mye.<\/p>\n<p>&#8211; Mange av \u00f8velsene minner om det jeg gjorde i Forsvaret: b\u00e6re tunge ting og gj\u00f8re oppgaver som ikke gir mening. S\u00e5 litt kjente jeg meg igjen under innspillingen, sier han.<\/p>\n<p>        UHELL: Det gikk en kule varmt under konserten til Staysman. Video: Oskar BLCKMNY, Snapchat\/@staysman<\/p>\n<p>Han har ogs\u00e5 en stor \u00adliden-skap for golf \u2013 aller helst p\u00e5 Evje golfbane i Moss.<\/p>\n<p>&#8211; Jeg har elektrisk tralle og golfbil, s\u00e5 jeg er kanskje ikke den mest utslitte golfspilleren. Men jeg elsker \u00e5 v\u00e6re ute, sier han.<\/p>\n<p>          <img loading=\"lazy\" decoding=\"async\" src=\"https:\/\/www.europesays.com\/no\/wp-content\/uploads\/2025\/09\/83640897.webp\" width=\"686\" height=\"1091\" title=\"ERFAREN BROR. Tobias&#10;sammen med storebror Stian&#10;\u2013 som har v\u00e6rt med i mange&#10;realityserier \u2013 \u00abParadise Hotel\u00bb i&#10;2008, \u00abRobinsonekspedisjonen\u00bb&#10;i 2010, \u00abSkal vi danse\u00bb i 2015 og&#10;\u00abFarmen kjendis\u00bb i 2017. FOTO: Andreas Fadum\" alt=\"\" class=\"\" style=\"--aspect-ratio-image: 0.63; \"\/><\/p>\n<p>\n          ERFAREN BROR. Tobias<br \/>\nsammen med storebror Stian<br \/>\n\u2013 som har v\u00e6rt med i mange<br \/>\nrealityserier \u2013 \u00abParadise Hotel\u00bb i<br \/>\n2008, \u00abRobinsonekspedisjonen\u00bb<br \/>\ni 2010, \u00abSkal vi danse\u00bb i 2015 og<br \/>\n\u00abFarmen kjendis\u00bb i 2017. FOTO: Andreas Fadum\n      <\/p>\n<p>Tobias bor p\u00e5 Barcode i Oslo sammen med kj\u00e6resten Tine Kornelia Kl\u00f8v (26), influenser og tidligere deltaker i \u00abFarmen\u00bb p\u00e5 TV 2. Hun ga ham r\u00e5d om TV-livet.<\/p>\n<p>&#8211; Hun sier jeg bare m\u00e5 v\u00e6re meg selv. Hvis du pr\u00f8ver \u00e5 v\u00e6re noen andre, blir det feil. Men hun minner meg ogs\u00e5 p\u00e5 \u00e5 holde litt igjen, s\u00e5 det ikke blir for mange juicy over\u00adskrifter, sier han lattermild.<\/p>\n<p>Selv dr\u00f8mmer Tobias om mer TV. Han legger ikke skjul p\u00e5 at \u00abNorges t\u00f8ffeste\u00bb ga mersmak.<\/p>\n<p>&#8211; \u00ab71 grader nord Team\u00bb hadde v\u00e6rt r\u00e5tt \u2013 enten med brutter\u2019n, eller med dama. Det hadde v\u00e6rt g\u00f8y \u00e5 sette forholdet p\u00e5 pr\u00f8ve. Haha. Jeg sier ikke nei til \u00abParadise Hotel\u00bb heller. Eller kanskje \u00abNorges dummeste\u00bb \u2013 det hadde passet meg perfekt!<\/p>\n<p class=\"font-weight-bold m-font-weight-bold\" data-lab-font_weight=\"font-weight-bold\">LES OGS\u00c5:\u00a0<a href=\"https:\/\/www.seher.no\/kongelig\/tatt-pa-fersken\/83638887\" rel=\"nofollow noopener\" target=\"_blank\">Tatt p\u00e5\u00a0fersken<\/a><\/p>\n","protected":false},"excerpt":{"rendered":"\u00abNorges t\u00f8ffeste\u00bb-Tobias sjokkerte alle: Hans kjente storebror har deltatt i en rekke realityserier. N\u00e5 tr\u00e5kker minstemann i fotsporene.&hellip;\n","protected":false},"author":2,"featured_media":47922,"comment_status":"","ping_status":"","sticky":false,"template":"","format":"standard","meta":{"footnotes":""},"categories":[58],"tags":[4104,71,479,30,28,3012,29,621,4930,7446,72],"class_list":{"0":"post-47921","1":"post","2":"type-post","3":"status-publish","4":"format-standard","5":"has-post-thumbnail","7":"category-underholdning","8":"tag-eksklusivt","9":"tag-entertainment","10":"tag-kjendis","11":"tag-no","12":"tag-norge","13":"tag-norges-toffeste","14":"tag-norway","15":"tag-staysman","16":"tag-stian-thorbjornsen","17":"tag-tobias-thorbjornsen","18":"tag-underholdning"},"share_on_mastodon":{"url":"","error":""},"_links":{"self":[{"href":"https:\/\/www.europesays.com\/no\/wp-json\/wp\/v2\/posts\/47921","targetHints":{"allow":["GET"]}}],"collection":[{"href":"https:\/\/www.europesays.com\/no\/wp-json\/wp\/v2\/posts"}],"about":[{"href":"https:\/\/www.europesays.com\/no\/wp-json\/wp\/v2\/types\/post"}],"author":[{"embeddable":true,"href":"https:\/\/www.europesays.com\/no\/wp-json\/wp\/v2\/users\/2"}],"replies":[{"embeddable":true,"href":"https:\/\/www.europesays.com\/no\/wp-json\/wp\/v2\/comments?post=47921"}],"version-history":[{"count":0,"href":"https:\/\/www.europesays.com\/no\/wp-json\/wp\/v2\/posts\/47921\/revisions"}],"wp:featuredmedia":[{"embeddable":true,"href":"https:\/\/www.europesays.com\/no\/wp-json\/wp\/v2\/media\/47922"}],"wp:attachment":[{"href":"https:\/\/www.europesays.com\/no\/wp-json\/wp\/v2\/media?parent=47921"}],"wp:term":[{"taxonomy":"category","embeddable":true,"href":"https:\/\/www.europesays.com\/no\/wp-json\/wp\/v2\/categories?post=47921"},{"taxonomy":"post_tag","embeddable":true,"href":"https:\/\/www.europesays.com\/no\/wp-json\/wp\/v2\/tags?post=47921"}],"curies":[{"name":"wp","href":"https:\/\/api.w.org\/{rel}","templated":true}]}}