{"id":47927,"date":"2025-09-29T09:46:12","date_gmt":"2025-09-29T09:46:12","guid":{"rendered":"https:\/\/www.europesays.com\/no\/47927\/"},"modified":"2025-09-29T09:46:12","modified_gmt":"2025-09-29T09:46:12","slug":"justin-bieber-far-hore-det-etter-selena-gomez-bryllup","status":"publish","type":"post","link":"https:\/\/www.europesays.com\/no\/47927\/","title":{"rendered":"Justin Bieber f\u00e5r h\u00f8re det etter Selena Gomez&#8217; bryllup"},"content":{"rendered":"<p class=\"kicker \" style=\"\">Justin Bieber:\u00a0<\/p>\n<p>  Superstjernen f\u00e5r h\u00f8re det av fansen etter ekskj\u00e6restens bryllup.\u00a0<\/p>\n<p>\n    EKSKJ\u00c6RESTER: Reaksjonene hagler etter Justin Biebers nyeste Instagram-innlegg. &#8211; Vi vet at du har det vondt akkurat n\u00e5, skriver en fan. Innlegget kommer i kj\u00f8lvannet av ekskj\u00e6resten Selena Gomez&#8217; bryllup. Her er Justin og Selena Gomez avbildet under en ferie p\u00e5 Jamaica i 2018. Foto: Splash News \/ NTB\n  <\/p>\n<p>Popstjernen Justin Bieber (31) f\u00e5r h\u00f8re det av fansen p\u00e5 sosiale medier etter at ekskj\u00e6resten, artist og skuespiller Selena Gomez (33),<a href=\"https:\/\/www.seher.no\/kjendis\/na-er-de-gift\/83651200\" rel=\"nofollow noopener\" target=\"_blank\"> giftet seg med plateprodusent Benny Blanco (37) i helgen.\u00a0<\/a><\/p>\n<p>Sangeren, som er gift med Hailey Bieber (28) og har s\u00f8nnen Jack p\u00e5 ett \u00e5r, la l\u00f8rdag ut flere bilder fra en basketballkamp i Los Angeles p\u00e5 Instagram.\u00a0<\/p>\n<p>Men i kommentarfeltet haglet det inn med kommentarer fra fansen som ikke lot sjansen g\u00e5 fra seg til \u00e5 minne ham p\u00e5 ekskj\u00e6restens store dag. Det melder blant andre<a href=\"https:\/\/www.dailymail.co.uk\/tvshowbiz\/article-15141161\/Justin-Bieber-trolled-social-media-fans-Selena-Gomez-marries-Benny-Blanco.html\" rel=\"nofollow noopener\" target=\"_blank\"> Daily Mail.\u00a0<\/a><\/p>\n<p class=\"font-weight-bold m-font-weight-bold\" data-lab-font_weight=\"font-weight-bold\">\u00abDitt livs kj\u00e6rlighet er n\u00e5 en annen manns kone &#8211; gr\u00e5ter du enn\u00e5?\u00bb lyder en kommentar fra en av Justins 293 millioner f\u00f8lgere.\u00a0<\/p>\n<p>          <img loading=\"lazy\" decoding=\"async\" src=\"https:\/\/www.europesays.com\/no\/wp-content\/uploads\/2025\/09\/83653109.webp\" width=\"686\" height=\"995\" title=\"NYGIFT: L\u00f8rdag giftet Benny Blanco og Selena Gomez seg etter to \u00e5r som kj\u00e6rester. Foto: Jordan Strauss \/ Invision for the Television Academy \/ AP Content Services \/ NTB\" alt=\"\" class=\"\" style=\"--aspect-ratio-image: 0.69; \"\/><\/p>\n<p>\n          NYGIFT: L\u00f8rdag giftet Benny Blanco og Selena Gomez seg etter to \u00e5r som kj\u00e6rester. Foto: Jordan Strauss \/ Invision for the Television Academy \/ AP Content Services \/ NTB\n      <\/p>\n<p>\u00abDu mistet henne\u00bb, skriver en annen og refererer til Selena, mens en tredje skriver: \u00abJeg er s\u00e5 lei meg p\u00e5 dine vegne\u00bb.\u00a0<\/p>\n<p class=\"font-weight-bold m-font-weight-bold\" data-lab-font_weight=\"font-weight-bold\">\u00abVi vet at du har det vondt akkurat n\u00e5\u00bb, skriver en fjerde.\u00a0<\/p>\n<p>Flere har ogs\u00e5 lagt ved GIF-er av Justin og Selena sammen.\u00a0<\/p>\n<p>        SKREMMENDE: Lola Young sitt opptreden p\u00e5 en musikkfestival p\u00e5 l\u00f8rdag tok en sv\u00e6rt dramatisk vending. Reporter: Karolina Rusov-Hansen \/ Dagbladet TV. Video: Tiktok \/ 6davidhatezyou9 &amp; Karolina Rusov-Hansen. <\/p>\n<p>Ironisk musikkvalg skaper reaksjoner\t<\/p>\n<p>Det som fikk ekstra oppmerksomhet var at Justin hadde valgt sin egen l\u00e5t \u00abI Do\u00bb som bakgrunnsmusikk til innlegget.\u00a0<\/p>\n<p>L\u00e5ten, som han slapp tidligere denne m\u00e5neden og som tilsynelatende er dedisert til kona Hailey, ble sett p\u00e5 som et ironisk valg med tanke p\u00e5 timing.<\/p>\n<p>          <img loading=\"lazy\" decoding=\"async\" src=\"https:\/\/www.europesays.com\/no\/wp-content\/uploads\/2025\/09\/83653112.webp\" width=\"686\" height=\"570\" title=\"KLINTE TIL: Selena Gomez og Justin Biebers forhold var turbulent og preget av mange pauser, forsoninger og mye offentlig oppmerksomhet. Her er de under en NBA-kamp i 2012. Foto: Jason Redmond \/ AP \/ NTB\" alt=\"\" class=\"\" style=\"--aspect-ratio-image: 1.20; \"\/><\/p>\n<p>\n          KLINTE TIL: Selena Gomez og Justin Biebers forhold var turbulent og preget av mange pauser, forsoninger og mye offentlig oppmerksomhet. Her er de under en NBA-kamp i 2012. Foto: Jason Redmond \/ AP \/ NTB\n      <\/p>\n<p class=\"font-weight-bold m-font-weight-bold\" data-lab-font_weight=\"font-weight-bold\">\u00abSynes noen andre det er morsomt at han valgte l\u00e5ten &#8216;I Do&#8217;\u00bb sp\u00f8r en, mens en annen skriver: \u00abGanske vilt \u00e5 velge \u00abI Do\u00bb p\u00e5 dagen eksen hans gifter seg\u00bb.\u00a0<\/p>\n<p>Andre tar derimot superstjernen i forsvar og ber folk la ham v\u00e6re i fred.\u00a0<\/p>\n<p>    <a itemprop=\"url\" href=\"https:\/\/www.seher.no\/kjendis\/ja-vi-er-kjaerester\/83652730\" rel=\"nofollow noopener\" target=\"_blank\"><\/p>\n<p>      <img loading=\"lazy\" decoding=\"async\" src=\"https:\/\/www.europesays.com\/no\/wp-content\/uploads\/2025\/09\/1759139171_886_83651911.webp\" width=\"147\" height=\"98\" title=\"- Ja, vi er kj\u00e6rester\" alt=\"\" class=\"lazyload\" style=\"--aspect-ratio-image: 1.50; \"\/><\/p>\n<p>        &#8211; Ja, vi er kj\u00e6rester<\/p>\n<p>    <\/a><\/p>\n<p>\u00abHan har lov til \u00e5 dele p\u00e5 sin egen Instagram&#8230; Det er bokstavelig talt det Instagram er til for! Bare en p\u00e5minnelse\u00bb, raser en av fansen.\u00a0<\/p>\n<p>\u00abDere burde la ham v\u00e6re i fred\u00bb, freser en annen fan, mens en tredje p\u00e5peker: \u00abDere burde feire bryllupet hennes, ikke v\u00e6re i hans kommentarfelt\u00bb.<\/p>\n<p>          <img loading=\"lazy\" decoding=\"async\" src=\"https:\/\/www.europesays.com\/no\/wp-content\/uploads\/2025\/09\/83653128.webp\" width=\"686\" height=\"975\" title=\"AV-OG-P\u00c5-FORHOLD: De to superstjernene slo opp for godt i 2018. Foto: Mehdi Taamallah \/ Pa Photos \/ NTB\" alt=\"\" class=\"\" style=\"--aspect-ratio-image: 0.70; \"\/><\/p>\n<p>\n          AV-OG-P\u00c5-FORHOLD: De to superstjernene slo opp for godt i 2018. Foto: Mehdi Taamallah \/ Pa Photos \/ NTB\n      <\/p>\n<p>Turbulent kj\u00e6rlighetshistorie\u00a0\t<\/p>\n<p>Justin Bieber og Selena Gomez m\u00f8ttes for f\u00f8rste gang i 2009 da de ble introdusert av managerne sine. \u00c5ret etter begynte romanseryktene \u00e5 svirre da de ble observert p\u00e5 en date sammen.<\/p>\n<p>Forholdet ble bekreftet kort tid senere, og de to stjernene dukket opp p\u00e5 r\u00f8de l\u00f8pere sammen, inkludert American Music Awards i 2011. Men allerede i 2012 tok forholdet slutt for f\u00f8rste gang.<\/p>\n<p>          <img loading=\"lazy\" decoding=\"async\" src=\"https:\/\/www.europesays.com\/no\/wp-content\/uploads\/2025\/09\/83653149.webp\" width=\"686\" height=\"913\" title=\"DUKKET OPP SAMMEN: Selena og Justin under American Music Awards i 2011. Foto: Jim Ruymen \/ UPI \/ Shutterstock \/ NTB\" alt=\"\" class=\"\" style=\"--aspect-ratio-image: 0.75; \"\/><\/p>\n<p>\n          DUKKET OPP SAMMEN: Selena og Justin under American Music Awards i 2011. Foto: Jim Ruymen \/ UPI \/ Shutterstock \/ NTB\n      <\/p>\n<p>I 2014 bekreftet \u00abBaby\u00bb-sangeren at de hadde funnet tilbake til hverandre, og duoen fortsatte sitt av-og-p\u00e5-forhold helt frem til det endelige bruddet kom i 2018.<\/p>\n<p>Samme \u00e5r giftet Justin seg med modell Hailey Baldwin, og paret fikk sin f\u00f8rste s\u00f8nn Jack i august i fjor.<\/p>\n<p>          <img loading=\"lazy\" decoding=\"async\" src=\"https:\/\/www.europesays.com\/no\/wp-content\/uploads\/2025\/09\/83653201.webp\" width=\"686\" height=\"680\" title=\"FANT KJ\u00c6RLIGHETEN P\u00c5 NYTT: Justin og Hailey forlovet seg i juli 2018 under en ferie p\u00e5 Bahamas. Foto: Palace Lee \/ Splash News \/ NTB\" alt=\"\" class=\"\" style=\"--aspect-ratio-image: 1.01; \"\/><\/p>\n<p>\n          FANT KJ\u00c6RLIGHETEN P\u00c5 NYTT: Justin og Hailey forlovet seg i juli 2018 under en ferie p\u00e5 Bahamas. Foto: Palace Lee \/ Splash News \/ NTB\n      <\/p>\n<p>Til tross for at Selena hadde kjent Benny Blanco i mange \u00e5r, bekreftet hun ikke forholdet f\u00f8r sent i 2023. I desember samme \u00e5r avsl\u00f8rte \u00abOnly Murders in the Building\u00bb-stjernen at plateprodusenten hadde fridd.<\/p>\n<p>Mindre enn et \u00e5r etter forlovelsen giftet Selena og Benny seg i en romantisk seremoni i Santa Barbara med stjerner som Taylor Swift (35), Steve Martin (80), Martin Short (75) og Eric Andre (42) p\u00e5 gjestelisten.\u00a0<\/p>\n<p>        DUO: J\u00f8rgine Massa Vasstrand og Isak Dreyer \u00e5pner seg om programledersamarbeidet og den brutale sesongen. NB! Video r\u00f8per hvem som ryker i fredagens episode. Video: NRK\/ R\u00f8d L\u00f8per\/ Lone Heimdal Gunnerud\/ Sanne Holt<\/p>\n<p>L\u00f8rdag delte Selena en serie bilder som ble tatt i l\u00f8pet av bryllupshelgen. P\u00e5 bildene kan man se Selena i en hvit kjole fra Ralph Lauren, mens Benny er elegant kledd i smoking.<\/p>\n<p>Bildene ser if\u00f8lge Daily Mail ut til \u00e5 v\u00e6re tatt p\u00e5 samme sted stjerneparet holdt en middag p\u00e5 fredagen. Middagen fant sted i et herskapshus i Goletas eksklusive Hope Ranch-omr\u00e5de i California.\u00a0<\/p>\n<p>Moren bekymret\u00a0\t<\/p>\n<p>F\u00f8r Selenas bryllup delte Justins mor, Pattie Malette, et bekymringsfullt innlegg p\u00e5 Instagram der hun ba for s\u00f8nnen.<\/p>\n<p>Ved siden av en serie svart-hvitt-bilder av sangeren skrev hun:<\/p>\n<p>\u00abVi heier p\u00e5 deg og ber for deg hele tiden, Justin. Alt som handler om frykt, forvirring, tunghet og smerte &#8211; forsvinn i Jesu navn. Hellig\u00e5nden, omgi ham med sannhet, lys og beskyttelse\u00bb.\u00a0<\/p>\n<p>Hun fortsatte:<\/p>\n<p>\u00abLeg alle s\u00e5r i hjertet, hodet og kroppen hans &#8211; b\u00e5de de synlige og usynlige. Gi ham tilbake det livet har tatt fra ham, gj\u00f8r ham hel igjen og fyll ham til randen med kj\u00e6rlighet og tr\u00f8st\u00bb.\u00a0<\/p>\n<p>Ogs\u00e5 dette innlegget fikk oppmerksomhet fra fansen p\u00e5 sosiale medier, som var kjappe med \u00e5 koble det til koblet det Selenas bryllup.\u00a0<\/p>\n<p>          <img loading=\"lazy\" decoding=\"async\" src=\"https:\/\/www.europesays.com\/no\/wp-content\/uploads\/2025\/09\/83653213.webp\" width=\"686\" height=\"892\" title=\"ALENEMOR: Pattie Malette fikk Justin som ten\u00e5ring og oppdro ham som alenemor. De to har et tett forhold, og Justin har flere ganger sagt at moren er hans st\u00f8rste st\u00f8ttespiller. Her er de avbildet i 2013. Foto: Broadimage \/ REX \/ NTB\" alt=\"\" class=\"\" style=\"--aspect-ratio-image: 0.77; \"\/><\/p>\n<p>\n          ALENEMOR: Pattie Malette fikk Justin som ten\u00e5ring og oppdro ham som alenemor. De to har et tett forhold, og Justin har flere ganger sagt at moren er hans st\u00f8rste st\u00f8ttespiller. Her er de avbildet i 2013. Foto: Broadimage \/ REX \/ NTB\n      <\/p>\n<p>\u00abMoren hans visste hva han f\u00f8lte for Selena &#8211; bryllupet hennes er jo i morgen\u00bb, skrev en, mens en annen la til:<\/p>\n<p>\u00abVel! Hans livs kj\u00e6rlighet gifter seg i morgen\u00bb.\u00a0<\/p>\n<p>Justin Bieber har i skrivende stund ikke uttalt seg om ekskj\u00e6restens bryllup eller kommentarene fra fansen.\u00a0<\/p>\n","protected":false},"excerpt":{"rendered":"Justin Bieber:\u00a0 Superstjernen f\u00e5r h\u00f8re det av fansen etter ekskj\u00e6restens bryllup.\u00a0 EKSKJ\u00c6RESTER: Reaksjonene hagler etter Justin Biebers nyeste&hellip;\n","protected":false},"author":2,"featured_media":47928,"comment_status":"","ping_status":"","sticky":false,"template":"","format":"standard","meta":{"footnotes":""},"categories":[58],"tags":[7310,4104,71,7448,1976,479,30,28,29,7447,5922,72],"class_list":{"0":"post-47927","1":"post","2":"type-post","3":"status-publish","4":"format-standard","5":"has-post-thumbnail","7":"category-underholdning","8":"tag-benny-blanco","9":"tag-eksklusivt","10":"tag-entertainment","11":"tag-hailey-bieber","12":"tag-justin-bieber","13":"tag-kjendis","14":"tag-no","15":"tag-norge","16":"tag-norway","17":"tag-pattie-mallette","18":"tag-selena-gomez","19":"tag-underholdning"},"share_on_mastodon":{"url":"","error":""},"_links":{"self":[{"href":"https:\/\/www.europesays.com\/no\/wp-json\/wp\/v2\/posts\/47927","targetHints":{"allow":["GET"]}}],"collection":[{"href":"https:\/\/www.europesays.com\/no\/wp-json\/wp\/v2\/posts"}],"about":[{"href":"https:\/\/www.europesays.com\/no\/wp-json\/wp\/v2\/types\/post"}],"author":[{"embeddable":true,"href":"https:\/\/www.europesays.com\/no\/wp-json\/wp\/v2\/users\/2"}],"replies":[{"embeddable":true,"href":"https:\/\/www.europesays.com\/no\/wp-json\/wp\/v2\/comments?post=47927"}],"version-history":[{"count":0,"href":"https:\/\/www.europesays.com\/no\/wp-json\/wp\/v2\/posts\/47927\/revisions"}],"wp:featuredmedia":[{"embeddable":true,"href":"https:\/\/www.europesays.com\/no\/wp-json\/wp\/v2\/media\/47928"}],"wp:attachment":[{"href":"https:\/\/www.europesays.com\/no\/wp-json\/wp\/v2\/media?parent=47927"}],"wp:term":[{"taxonomy":"category","embeddable":true,"href":"https:\/\/www.europesays.com\/no\/wp-json\/wp\/v2\/categories?post=47927"},{"taxonomy":"post_tag","embeddable":true,"href":"https:\/\/www.europesays.com\/no\/wp-json\/wp\/v2\/tags?post=47927"}],"curies":[{"name":"wp","href":"https:\/\/api.w.org\/{rel}","templated":true}]}}