{"id":47937,"date":"2025-09-29T10:01:30","date_gmt":"2025-09-29T10:01:30","guid":{"rendered":"https:\/\/www.europesays.com\/no\/47937\/"},"modified":"2025-09-29T10:01:30","modified_gmt":"2025-09-29T10:01:30","slug":"apple-iphone-17-pro-anmeldelse-ny-stil-og-kraftige-kameraer-i-et-mer-lommevennlig-format","status":"publish","type":"post","link":"https:\/\/www.europesays.com\/no\/47937\/","title":{"rendered":"Apple iPhone 17 Pro \u2013 anmeldelse: ny stil og kraftige kameraer i et mer lommevennlig format"},"content":{"rendered":"<p id=\"how-we-test\">\nHvorfor du kan stole p\u00e5 TechRadar<\/p>\n<p>V\u00e5re ekspertvurderinger bruker timer p\u00e5 \u00e5 teste og sammenligne produkter og tjenester, slik at du kan velge det beste for deg. <a href=\"https:\/\/global.techradar.com\/no-no\/news\/techradars-testgaranti\" data-before-rewrite-localise=\"https:\/\/global.techradar.com\/no-no\/news\/techradars-testgaranti\" rel=\"nofollow noopener\" target=\"_blank\">Finn ut mer om hvordan vi tester<\/a>.\n<\/p>\n<p><a id=\"elk-apple-iphone-17-pro-kort-sammendrag\" href=\"\" data-url=\"\" target=\"_blank\" referrerpolicy=\"no-referrer-when-downgrade\" data-hl-processed=\"none\"\/>Apple iPhone 17 Pro: Kort sammendrag<\/p>\n<p id=\"f4c0f17e-5053-4612-ade1-510e4cfc1d3e\">Tiden da man m\u00e5tte g\u00e5 p\u00e5 kompromiss mellom den fullfunksjonelle iPhone Pro Max og iPhone Pro er for lengst forbi. I dag er iPhone 17 Pro Max og iPhone 17 Pro i hovedsak den samme telefonen, med bare noen f\u00e5 forskjeller \u2013 alle relatert til st\u00f8rrelse.<\/p>\n<p>Skjermen er mindre, s\u00e5 det er f\u00e6rre piksler (men ikke lavere oppl\u00f8sning). Batteriet i iPhone 17 Pro er mindre, s\u00e5 du f\u00e5r f\u00e6rre timer per lading. Dessuten g\u00e5r lagringsalternativene opp til 1 TB, mens iPhone 17 Pro Max g\u00e5r opptil 2 TB.<\/p>\n<p>Med det i tankene gjelder i utgangspunktet alt jeg skrev i <a data-analytics-id=\"inline-link\" href=\"https:\/\/global.techradar.com\/no-no\/phones\/iphone\/test-apple-iphone-17-pro-max\" target=\"_blank\" data-url=\"https:\/\/global.techradar.com\/no-no\/phones\/iphone\/test-apple-iphone-17-pro-max\" data-hl-processed=\"none\" data-before-rewrite-localise=\"https:\/\/global.techradar.com\/no-no\/phones\/iphone\/test-apple-iphone-17-pro-max\" rel=\"nofollow noopener\">min anmeldelse av iPhone 17 Pro Max<\/a> ogs\u00e5 her, helt ned til det fantastiske kamerasystemet.<\/p>\n<p>Du kan like<\/p>\n<p class=\"vanilla-image-block\" style=\"padding-top:56.25%;\">\n<p><img decoding=\"async\" src=\"https:\/\/www.europesays.com\/no\/wp-content\/uploads\/2025\/09\/LkarrYyu96auaxgSgBW2ZN.jpg\" alt=\"Apple iPhone 17 Pro\"   loading=\"lazy\" data-new-v2-image=\"true\" data-original-mos=\"https:\/\/www.europesays.com\/no\/wp-content\/uploads\/2025\/09\/LkarrYyu96auaxgSgBW2ZN.jpg\" data-pin-media=\"https:\/\/www.europesays.com\/no\/wp-content\/uploads\/2025\/09\/LkarrYyu96auaxgSgBW2ZN.jpg\"\/>\n<\/p>\n<p>(Image credit: Lance Ulanoff \/ Future)<\/p>\n<p id=\"2e4726f3-c1d3-4468-8977-e79620d5e51a\">Denne oppdateringen er en fullstendig transformasjon innenfra og ut, der den kraftige nye A19 Pro-prosessoren st\u00f8ttes av et termisk styringssystem i dampkammeret. Jeg er imidlertid ikke sikker p\u00e5 om den ville v\u00e6rt like effektiv uten det nye unibody-designet i aluminium, som bidrar til \u00e5 spre varmen i hele kabinettet.<\/p>\n<p><a id=\"elk-inbody\" href=\"\" data-url=\"\" target=\"_blank\" referrerpolicy=\"no-referrer-when-downgrade\" data-hl-processed=\"none\"\/><a id=\"elk-seasonal\" href=\"\" data-url=\"\" target=\"_blank\" referrerpolicy=\"no-referrer-when-downgrade\" data-hl-processed=\"none\"\/><\/p>\n<p id=\"2e4726f3-c1d3-4468-8977-e79620d5e51a-1\">En omorganisering av komponentene ga ogs\u00e5 plass til et st\u00f8rre batteri, som sammen med termisk styringssystemet og det nye kabinettet gir bedre batteritid enn f\u00f8r.<\/p>\n<p>Innvendig f\u00e5r A19 Pro alle oppgaver til \u00e5 flyte jevnt, fra enkel nettsurfing til <a data-analytics-id=\"inline-link\" href=\"https:\/\/global.techradar.com\/no-no\/tag\/4k\" data-auto-tag-linker=\"true\" data-url=\"https:\/\/global.techradar.com\/no-no\/tag\/4k\" data-hl-processed=\"none\" data-before-rewrite-localise=\"https:\/\/global.techradar.com\/no-no\/tag\/4k\" rel=\"nofollow noopener\" target=\"_blank\">4K<\/a>-videoredigering og lokale AI-funksjoner.<\/p>\n<p>Vi f\u00e5r n\u00e5 tre 48 MP-kameraer, inkludert en imponerende 4x optisk zoom som ogs\u00e5 st\u00f8tter 8x optisk sensorbeskj\u00e6ring med fantastiske resultater.<\/p>\n<p class=\"newsletter-form__strapline\">Registrer deg for siste nytt, anmeldelser, meninger, toppteknologiske tilbud og mer.<\/p>\n<p>Det faktum at du f\u00e5r alt dette i en rimeligere og lommevennlig 6,3-tommers formfaktor kan gj\u00f8re iPhone 17 Pro til det beste valget for folk flest som \u00f8nsker \u00e5 jobbe p\u00e5 Pro-niv\u00e5.<\/p>\n<p><a id=\"elk-apple-iphone-17-pro-pris-og-tilgjengelighet\" href=\"\" data-url=\"\" target=\"_blank\" referrerpolicy=\"no-referrer-when-downgrade\" data-hl-processed=\"none\"\/>Apple iPhone 17 Pro: Pris og tilgjengelighet<\/p>\n<ul id=\"05afe44c-a9c4-4f42-971d-f4849039e851\">\n<li><strong>Startpris 15 990<\/strong><\/li>\n<li><strong>I butikkene fra 19. september 2025<\/strong><\/li>\n<\/ul>\n<p id=\"27d0e492-8d3d-434c-913b-069a99014c64\"><a data-analytics-id=\"inline-link\" href=\"https:\/\/global.techradar.com\/no-no\/tag\/apple\" data-auto-tag-linker=\"true\" data-url=\"https:\/\/global.techradar.com\/no-no\/tag\/apple\" data-hl-processed=\"none\" data-before-rewrite-localise=\"https:\/\/global.techradar.com\/no-no\/tag\/apple\" rel=\"nofollow noopener\" target=\"_blank\">Apple<\/a> avduket iPhone 17 Pro p\u00e5 sitt \u00abAwe Dropping\u00bb-arrangement 9. september, sammen med iPhone Air, iPhone 17 og iPhone 17 Pro Max. Forh\u00e5ndsbestillinger for iPhone 17 Pro startet 12. september, og den nye telefonen ble levert fra 19. september.<\/p>\n<p>iPhone 17 Pro starter p\u00e5 15 990 kroner for 256 GB-modellen. Prisen g\u00e5r opp til 18 990 kroner for 512 GB og 21 990 kroner for 1 TB. Hvis du trenger 2 TB, m\u00e5 du heller velge iPhone 17 Pro Max.<\/p>\n<p>Du kan like<\/p>\n<p>Swipe to scroll horizontally<\/p>\n<tr class=\"table__head__row\">\n<p>Lagring<\/p>\n<p>Pris<\/p>\n<\/tr>\n<tr class=\"table__body__row\">\n<td class=\"table_body__data\" colspan=\"1\" style=\"text-align:left\">\n<p>256 GB<\/p>\n<\/td>\n<td class=\"table_body__data\" colspan=\"1\" style=\"text-align:left\">\n<p>15 990 kroner<\/p>\n<\/td>\n<\/tr>\n<tr class=\"table__body__row\">\n<td class=\"table_body__data\" colspan=\"1\" style=\"text-align:left\">\n<p>512 GB<\/p>\n<\/td>\n<td class=\"table_body__data\" colspan=\"1\" style=\"text-align:left\">\n<p>18 990 kroner<\/p>\n<\/td>\n<\/tr>\n<tr class=\"table__body__row\">\n<td class=\"table_body__data\" colspan=\"1\" style=\"text-align:left\">\n<p>1 TB<\/p>\n<\/td>\n<td class=\"table_body__data\" colspan=\"1\" style=\"text-align:left\">\n<p>21 990 kroner<\/p>\n<\/td>\n<\/tr>\n<ul id=\"6e7aff0f-43b7-4e06-8de1-0b162b728dff\">\n<li><strong>Valuta for pengene \u2013 poeng: 5 \/ 5<\/strong><\/li>\n<\/ul>\n<p><a id=\"elk-apple-iphone-17-pro-spesifikasjoner\" href=\"\" data-url=\"\" target=\"_blank\" referrerpolicy=\"no-referrer-when-downgrade\" data-hl-processed=\"none\"\/>Apple iPhone 17 Pro: SpesifikasjonerSwipe to scroll horizontally<\/p>\n<tr class=\"table__head__row\">Header Cell &#8211; Column 0 <\/p>\n<p>iPhone 17<\/p>\n<p>iPhone 17 Air<\/p>\n<p>iPhone 17 Pro<\/p>\n<p>iPhone 17 Pro Max<\/p>\n<\/tr>\n<tr class=\"table__body__row\">\n<td class=\"table_body__data\" colspan=\"1\" style=\"text-align:left\">\n<p>Vekt:<\/p>\n<\/td>\n<td class=\"table_body__data\" colspan=\"1\" style=\"text-align:left\">\n<p>177 g<\/p>\n<\/td>\n<td class=\"table_body__data\" colspan=\"1\" style=\"text-align:left\">\n<p>165 g<\/p>\n<\/td>\n<td class=\"table_body__data\" colspan=\"1\" style=\"text-align:left\">\n<p>206 g<\/p>\n<\/td>\n<td class=\"table_body__data\" colspan=\"1\" style=\"text-align:left\">\n<p>233 g<\/p>\n<\/td>\n<\/tr>\n<tr class=\"table__body__row\">\n<td class=\"table_body__data\" colspan=\"1\" style=\"text-align:left\">\n<p>Skjerm:<\/p>\n<\/td>\n<td class=\"table_body__data\" colspan=\"1\" style=\"text-align:left\">\n<p>6,3&#8243; OLED<\/p>\n<\/td>\n<td class=\"table_body__data\" colspan=\"1\" style=\"text-align:left\">\n<p>6,5&#8243; OLED<\/p>\n<\/td>\n<td class=\"table_body__data\" colspan=\"1\" style=\"text-align:left\">\n<p>6,3&#8243; OLED<\/p>\n<\/td>\n<td class=\"table_body__data\" colspan=\"1\" style=\"text-align:left\">\n<p>6,9&#8243; OLED<\/p>\n<\/td>\n<\/tr>\n<tr class=\"table__body__row\">\n<td class=\"table_body__data\" colspan=\"1\" style=\"text-align:left\">\n<p>Oppl\u00f8sning:<\/p>\n<\/td>\n<td class=\"table_body__data\" colspan=\"1\" style=\"text-align:left\">\n<p>2622 x 1206<\/p>\n<\/td>\n<td class=\"table_body__data\" colspan=\"1\" style=\"text-align:left\">\n<p>2736 x 1260<\/p>\n<\/td>\n<td class=\"table_body__data\" colspan=\"1\" style=\"text-align:left\">\n<p>2622 x 1206<\/p>\n<\/td>\n<td class=\"table_body__data\" colspan=\"1\" style=\"text-align:left\">\n<p>2868 x 1320<\/p>\n<\/td>\n<\/tr>\n<tr class=\"table__body__row\">\n<td class=\"table_body__data\" colspan=\"1\" style=\"text-align:left\">\n<p>Oppdaterings-frekvens:<\/p>\n<\/td>\n<td class=\"table_body__data\" colspan=\"1\" style=\"text-align:left\">\n<p>120Hz<\/p>\n<\/td>\n<td class=\"table_body__data\" colspan=\"1\" style=\"text-align:left\">\n<p>120Hz<\/p>\n<\/td>\n<td class=\"table_body__data\" colspan=\"1\" style=\"text-align:left\">\n<p>120Hz<\/p>\n<\/td>\n<td class=\"table_body__data\" colspan=\"1\" style=\"text-align:left\">\n<p>120Hz<\/p>\n<\/td>\n<\/tr>\n<tr class=\"table__body__row\">\n<td class=\"table_body__data\" colspan=\"1\" style=\"text-align:left\">\n<p>Maksimal lysstyrke:<\/p>\n<\/td>\n<td class=\"table_body__data\" colspan=\"1\" style=\"text-align:left\">\n<p>3 000 nits<\/p>\n<\/td>\n<td class=\"table_body__data\" colspan=\"1\" style=\"text-align:left\">\n<p>3 000 nits<\/p>\n<\/td>\n<td class=\"table_body__data\" colspan=\"1\" style=\"text-align:left\">\n<p>3 000 nits<\/p>\n<\/td>\n<td class=\"table_body__data\" colspan=\"1\" style=\"text-align:left\">\n<p>3 000 nits<\/p>\n<\/td>\n<\/tr>\n<tr class=\"table__body__row\">\n<td class=\"table_body__data\" colspan=\"1\" style=\"text-align:left\">\n<p>Prosessorbrikke:<\/p>\n<\/td>\n<td class=\"table_body__data\" colspan=\"1\" style=\"text-align:left\">\n<p>A19<\/p>\n<\/td>\n<td class=\"table_body__data\" colspan=\"1\" style=\"text-align:left\">\n<p>A19 Pro<\/p>\n<\/td>\n<td class=\"table_body__data\" colspan=\"1\" style=\"text-align:left\">\n<p>A19 Pro<\/p>\n<\/td>\n<td class=\"table_body__data\" colspan=\"1\" style=\"text-align:left\">\n<p>A19 Pro<\/p>\n<\/td>\n<\/tr>\n<tr class=\"table__body__row\">\n<td class=\"table_body__data\" colspan=\"1\" style=\"text-align:left\">\n<p>Bakre kameraer:<\/p>\n<\/td>\n<td class=\"table_body__data\" colspan=\"1\" style=\"text-align:left\">\n<p>48 MP vidvinkel (26 mm, \u0192\/1.6), 48 MP ultravidvinkel (13 mm, \u0192\/2.2)<\/p>\n<\/td>\n<td class=\"table_body__data\" colspan=\"1\" style=\"text-align:left\">\n<p>48 MP vidvinkel (26 mm, \u0192\/1.6)<\/p>\n<\/td>\n<td class=\"table_body__data\" colspan=\"1\" style=\"text-align:left\">\n<p>48 MP vidvinkel (24 mm, \u0192\/1.78), 48 MP ultravidvinkel (13 mm, \u0192\/2.2), 48 MP telefoto (8x optisk zoom)<\/p>\n<\/td>\n<td class=\"table_body__data\" colspan=\"1\" style=\"text-align:left\">\n<p>48 MP vidvinkel (24 mm, \u0192\/1.78), 48 MP ultravidvinkel (13 mm, \u0192\/2.2), 48 MP telefoto (8x optisk zoom)<\/p>\n<\/td>\n<\/tr>\n<tr class=\"table__body__row\">\n<td class=\"table_body__data\" colspan=\"1\" style=\"text-align:left\">\n<p>Selfiekamera:<\/p>\n<\/td>\n<td class=\"table_body__data\" colspan=\"1\" style=\"text-align:left\">\n<p>18 MP (\u0192\/1.9)<\/p>\n<\/td>\n<td class=\"table_body__data\" colspan=\"1\" style=\"text-align:left\">\n<p>18 MP (\u0192\/1.9)<\/p>\n<\/td>\n<td class=\"table_body__data\" colspan=\"1\" style=\"text-align:left\">\n<p>18MP (\u0192\/1.9)<\/p>\n<\/td>\n<td class=\"table_body__data\" colspan=\"1\" style=\"text-align:left\">\n<p>18 MP (\u0192\/1.9)<\/p>\n<\/td>\n<\/tr>\n<tr class=\"table__body__row\">\n<td class=\"table_body__data\" colspan=\"1\" style=\"text-align:left\">\n<p>Lagring:<\/p>\n<\/td>\n<td class=\"table_body__data\" colspan=\"1\" style=\"text-align:left\">\n<p>256 GB, 512 GB<\/p>\n<\/td>\n<td class=\"table_body__data\" colspan=\"1\" style=\"text-align:left\">\n<p>256 GB, 512 GB, 1 TB<\/p>\n<\/td>\n<td class=\"table_body__data\" colspan=\"1\" style=\"text-align:left\">\n<p>256 GB, 512 GB, 1 TB<\/p>\n<\/td>\n<td class=\"table_body__data\" colspan=\"1\" style=\"text-align:left\">\n<p>256 GB, 512 GB, 1 TB, 2 TB<\/p>\n<\/td>\n<\/tr>\n<tr class=\"table__body__row\">\n<td class=\"table_body__data\" colspan=\"1\" style=\"text-align:left\">\n<p>Farger:<\/p>\n<\/td>\n<td class=\"table_body__data\" colspan=\"1\" style=\"text-align:left\">\n<p>Black, White, Mist Blue, Sage, Lavender<\/p>\n<\/td>\n<td class=\"table_body__data\" colspan=\"1\" style=\"text-align:left\">\n<p>Space Black, Cloud White, Light Gold, Sky Blue<\/p>\n<\/td>\n<td class=\"table_body__data\" colspan=\"1\" style=\"text-align:left\">\n<p>Silver, Cosmic Orange, Deep Blue<\/p>\n<\/td>\n<td class=\"table_body__data\" colspan=\"1\" style=\"text-align:left\">\n<p>Silver, Cosmic Orange, Deep Blue<\/p>\n<\/td>\n<\/tr>\n<p><a id=\"elk-apple-iphone-17-pro-design\" href=\"\" data-url=\"\" target=\"_blank\" referrerpolicy=\"no-referrer-when-downgrade\" data-hl-processed=\"none\"\/>Apple iPhone 17 Pro: Design<\/p>\n<ul id=\"3934d71c-17eb-4002-a16a-f4b4864586aa\">\n<li><strong>Et redesign som fungerer<\/strong><\/li>\n<li><strong>Nye materialer gir nye farger og kj\u00f8lealternativer<\/strong><\/li>\n<li><strong>Kontroll- og handlingsknappene fikk ikke et redesign<\/strong><\/li>\n<\/ul>\n<p id=\"a1eeaaca-15cc-4019-ad70-e5d96dd0cd84\">Apples iPhone 17 Pro (og 17 Pro Max) er umiddelbart gjenkjennelig som en iPhone, men jeg vil fortsatt hevde at dette er den mest betydningsfulle redesignen p\u00e5 lenge. Det dristige, brede \u00abplat\u00e5et\u00bb som Apple har valgt \u00e5 kalle det (p\u00e5 tide \u00e5 slutte \u00e5 kalle det en \u00abkameramodul\u00bb) er distinkt og penere enn jeg forventet.<\/p>\n<p>For hvem trenger vel en telefon som kan ligge helt flatt p\u00e5 ryggen lenger? Jeg vil si at forbrukere (ja, folk som meg) er mer interessert i ytelse og kapasitet enn balanse.<\/p>\n<p>Jeg var nysgjerrig p\u00e5 overgangen fra titan (et lett og slitesterkt materiale) til aluminium (enda lettere og muligens mer formbart), men n\u00e5 er jeg overbevist om at det var et godt bytte med noen klare fordeler.<\/p>\n<p>Det f\u00f8rste er fargevalgene. Det er s\u00f8lv (ikke spesielt spennende), den nydelige dypbl\u00e5 p\u00e5 telefonen jeg testet, og den nye kosmiske oransje p\u00e5 min iPhone 17 Pro Max-testenhet. Jeg digger de to sistnevnte fargene og tror ikke de ville v\u00e6rt mulige uten anodiseringsprosessen.<\/p>\n<p>Fordi iPhone-kroppen er sk\u00e5ret ut av aluminium, har iPhone 17 Pro mykere hj\u00f8rner, noe som gj\u00f8r hele telefonen mer behagelig \u00e5 holde. Denne mindre modellen vil spesielt appellere til de med mindre hender.<\/p>\n<p>Image 1 of 5<\/p>\n<p><img decoding=\"async\" src=\"https:\/\/www.europesays.com\/no\/wp-content\/uploads\/2025\/09\/KuGvDLrCiHXqdGPgMYGUXN.jpg\" alt=\"Apple iPhone 17 Pro\"   class=\"image-wrapped__image image__image\" loading=\"lazy\" data-normal=\"https:\/\/www.europesays.com\/no\/wp-content\/uploads\/2025\/09\/KuGvDLrCiHXqdGPgMYGUXN.jpg\" data-original-mos=\"https:\/\/www.europesays.com\/no\/wp-content\/uploads\/2025\/09\/KuGvDLrCiHXqdGPgMYGUXN.jpg\" data-pin-media=\"https:\/\/www.europesays.com\/no\/wp-content\/uploads\/2025\/09\/KuGvDLrCiHXqdGPgMYGUXN.jpg\" data-pin-nopin=\"true\" data-slice-image=\"true\"\/>(Image credit: Lance Ulanoff \/ Future)<img decoding=\"async\" src=\"https:\/\/www.europesays.com\/no\/wp-content\/uploads\/2025\/09\/RLmdmoq6eJafkcWZRshnMN.jpg\" alt=\"Apple iPhone 17 Pro\"   class=\"image-wrapped__image image__image\" loading=\"lazy\" data-normal=\"https:\/\/www.europesays.com\/no\/wp-content\/uploads\/2025\/09\/RLmdmoq6eJafkcWZRshnMN.jpg\" data-original-mos=\"https:\/\/www.europesays.com\/no\/wp-content\/uploads\/2025\/09\/RLmdmoq6eJafkcWZRshnMN.jpg\" data-pin-media=\"https:\/\/www.europesays.com\/no\/wp-content\/uploads\/2025\/09\/RLmdmoq6eJafkcWZRshnMN.jpg\" data-pin-nopin=\"true\" data-slice-image=\"true\"\/>(Image credit: Lance Ulanoff \/ Future)<img decoding=\"async\" src=\"https:\/\/www.europesays.com\/no\/wp-content\/uploads\/2025\/09\/kNGapddAPUea4k4NzPGMMN.jpg\" alt=\"Apple iPhone 17 Pro\"   class=\"image-wrapped__image image__image\" loading=\"lazy\" data-normal=\"https:\/\/www.europesays.com\/no\/wp-content\/uploads\/2025\/09\/kNGapddAPUea4k4NzPGMMN.jpg\" data-original-mos=\"https:\/\/www.europesays.com\/no\/wp-content\/uploads\/2025\/09\/kNGapddAPUea4k4NzPGMMN.jpg\" data-pin-media=\"https:\/\/www.europesays.com\/no\/wp-content\/uploads\/2025\/09\/kNGapddAPUea4k4NzPGMMN.jpg\" data-pin-nopin=\"true\" data-slice-image=\"true\"\/>(Image credit: Lance Ulanoff \/ Future)<img decoding=\"async\" src=\"https:\/\/www.europesays.com\/no\/wp-content\/uploads\/2025\/09\/2eT2c4nkGZn4ALF4saqBHN.jpg\" alt=\"Apple iPhone 17 Pro\"   class=\"image-wrapped__image image__image\" loading=\"lazy\" data-normal=\"https:\/\/www.europesays.com\/no\/wp-content\/uploads\/2025\/09\/2eT2c4nkGZn4ALF4saqBHN.jpg\" data-original-mos=\"https:\/\/www.europesays.com\/no\/wp-content\/uploads\/2025\/09\/2eT2c4nkGZn4ALF4saqBHN.jpg\" data-pin-media=\"https:\/\/www.europesays.com\/no\/wp-content\/uploads\/2025\/09\/2eT2c4nkGZn4ALF4saqBHN.jpg\" data-pin-nopin=\"true\" data-slice-image=\"true\"\/>(Image credit: Lance Ulanoff \/ Future)<img decoding=\"async\" src=\"https:\/\/www.europesays.com\/no\/wp-content\/uploads\/2025\/09\/qph3vkkJ9xZg6C9rcmGtEN.jpg\" alt=\"Apple iPhone 17 Pro\"   class=\"image-wrapped__image image__image\" loading=\"lazy\" data-normal=\"https:\/\/www.europesays.com\/no\/wp-content\/uploads\/2025\/09\/qph3vkkJ9xZg6C9rcmGtEN.jpg\" data-original-mos=\"https:\/\/www.europesays.com\/no\/wp-content\/uploads\/2025\/09\/qph3vkkJ9xZg6C9rcmGtEN.jpg\" data-pin-media=\"https:\/\/www.europesays.com\/no\/wp-content\/uploads\/2025\/09\/qph3vkkJ9xZg6C9rcmGtEN.jpg\" data-pin-nopin=\"true\" data-slice-image=\"true\"\/>(Image credit: Lance Ulanoff \/ Future)<\/p>\n<p id=\"043c7d7c-605a-4ab0-89eb-18e5788d1be6\">Under kamerakulen p\u00e5 baksiden, beskyttet av Ceramic Shield (skjermen f\u00e5r Ceramic Shield 2), er det et stort rektangul\u00e6rt utskj\u00e6r som huser Apple-logoen, noe som skaper et slags tofarget utseende som jeg liker. Det f\u00f8les nesten synd \u00e5 dekke det til med Apples nye Tech Woven-deksel.<\/p>\n<p>Etter et par generasjoner der vi har m\u00e5ttet venne oss til nye iPhone-knapper, beholder iPhone 17 Pro to volumknapper og handlingsknappen p\u00e5 den ene siden, og av\/p\u00e5\/hvile\/Siri-knappen og kamerakontrollknappen p\u00e5 den andre.<\/p>\n<p>Det er ingen ny funksjonalitet der, men noen vil kanskje fortsatt synes den tilpassbare handlingsknappen og direkte tilgang til fotografering og kontroller gjennom kamerakontroll er nyttig. Av de to bruker jeg kamerakontroll mest, b\u00e5de for umiddelbar tilgang til kameraet og noen ganger som en fysisk utl\u00f8serknapp.<\/p>\n<p class=\"vanilla-image-block\" style=\"padding-top:56.25%;\">\n<p><img decoding=\"async\" src=\"https:\/\/www.europesays.com\/no\/wp-content\/uploads\/2025\/09\/hhr8AMkjxwJbpYwVavLMrN.jpg\" alt=\"Apple iPhone 17 Pro\"   loading=\"lazy\" data-new-v2-image=\"true\" data-original-mos=\"https:\/\/www.europesays.com\/no\/wp-content\/uploads\/2025\/09\/hhr8AMkjxwJbpYwVavLMrN.jpg\" data-pin-media=\"https:\/\/www.europesays.com\/no\/wp-content\/uploads\/2025\/09\/hhr8AMkjxwJbpYwVavLMrN.jpg\"\/>\n<\/p>\n<p>(Image credit: Lance Ulanoff \/ Future)<\/p>\n<p id=\"091b881d-a7f4-49c3-bdfb-b13dca856282\">I likhet med iPhone 16 Pro f\u00f8r den, er iPhone 17 Pro IP68-klassifisert for st\u00f8v- og vanneksponering. Slipp den i toalettet (noe jeg ikke gjorde) eller skyll den under vann (noe jeg gjorde), s\u00e5 g\u00e5r det bra.<\/p>\n<p>Det er ogs\u00e5 noen andre sm\u00e5 forskjeller, som et antenneutskj\u00e6ring p\u00e5 \u00f8vre kant og et st\u00f8rre h\u00f8yttalergitter p\u00e5 den ene siden av basen. Kanskje det er derfor lyden kan bli s\u00e5 h\u00f8y og resonant, og h\u00f8res like bra ut p\u00e5 en talesamtale som n\u00e5r jeg str\u00f8mmer Better Call Saul p\u00e5 Netflix.<\/p>\n<p><a id=\"elk-apple-iphone-17-pro-skjerm\" href=\"\" data-url=\"\" target=\"_blank\" referrerpolicy=\"no-referrer-when-downgrade\" data-hl-processed=\"none\"\/>Apple iPhone 17 Pro: Skjerm<\/p>\n<ul id=\"1ffc9169-1b18-4aed-a0e7-279a7a3d3b78\">\n<li><strong>Super Retina XDR-skjermen er fortsatt utmerket<\/strong><\/li>\n<li><strong>Mer lyssterk enn noensinne<\/strong><\/li>\n<li><strong>Muligens mer holdbar<\/strong><\/li>\n<\/ul>\n<p class=\"vanilla-image-block\" style=\"padding-top:56.25%;\">\n<p><img decoding=\"async\" src=\"https:\/\/www.europesays.com\/no\/wp-content\/uploads\/2025\/09\/KaMZNDjTctNeqbiXvxwE5P.jpg\" alt=\"Apple iPhone 17 Pro\"   loading=\"lazy\" data-new-v2-image=\"true\" data-original-mos=\"https:\/\/www.europesays.com\/no\/wp-content\/uploads\/2025\/09\/KaMZNDjTctNeqbiXvxwE5P.jpg\" data-pin-media=\"https:\/\/www.europesays.com\/no\/wp-content\/uploads\/2025\/09\/KaMZNDjTctNeqbiXvxwE5P.jpg\"\/>\n<\/p>\n<p>(Image credit: Lance Ulanoff \/ Future)<\/p>\n<p id=\"d175d35c-6571-4f93-bc40-57807ab120dc\">Selv om Apple har lagt mye arbeid i \u00e5 redesigne utseendet og linjene til iPhone 17 Pro (og 17 Pro Max), har de i stor grad latt Super Retina XDR-skjermen v\u00e6re som den er. Det er ikke noe problem, ettersom <a data-analytics-id=\"inline-link\" href=\"https:\/\/global.techradar.com\/no-no\/tag\/oled\" data-auto-tag-linker=\"true\" data-url=\"https:\/\/global.techradar.com\/no-no\/tag\/oled\" data-hl-processed=\"none\" data-before-rewrite-localise=\"https:\/\/global.techradar.com\/no-no\/tag\/oled\" rel=\"nofollow noopener\" target=\"_blank\">OLED<\/a>-skjermens oppl\u00f8sning p\u00e5 2622 x 1206 piksler fortsatt er skarp og spektakul\u00e6r i nesten alle scenarioer.<\/p>\n<p>Bilder og videoer ser fantastiske ut p\u00e5 skjermen, delvis takket v\u00e6re kontrastforholdet p\u00e5 2 000 000:1 og det brede fargespekteret. Det er en flott plattform for stillbilder og fartsfylte actionsekvenser i AAA-spill, der oppdateringsfrekvensen p\u00e5 120 Hz holder spillingen jevn og smidig.<\/p>\n<p>Image 1 of 2<\/p>\n<p><img decoding=\"async\" src=\"https:\/\/www.europesays.com\/no\/wp-content\/uploads\/2025\/09\/R4it2cvf6ehSQ3qYA2EnMP.jpg\" alt=\"Apple iPhone 17 Pro \"   class=\"image-wrapped__image image__image\" loading=\"lazy\" data-normal=\"https:\/\/www.europesays.com\/no\/wp-content\/uploads\/2025\/09\/R4it2cvf6ehSQ3qYA2EnMP.jpg\" data-original-mos=\"https:\/\/www.europesays.com\/no\/wp-content\/uploads\/2025\/09\/R4it2cvf6ehSQ3qYA2EnMP.jpg\" data-pin-media=\"https:\/\/www.europesays.com\/no\/wp-content\/uploads\/2025\/09\/R4it2cvf6ehSQ3qYA2EnMP.jpg\" data-pin-nopin=\"true\" data-slice-image=\"true\"\/>iPhone 17 Pro i direkte sollys. Jeg synes antirefleksbelegget gj\u00f8r en merkbar forskjell.(Image credit: Lance Ulanoff \/ Future)<img decoding=\"async\" src=\"https:\/\/www.europesays.com\/no\/wp-content\/uploads\/2025\/09\/jih6nizSeJr383qaBm9WMP.jpg\" alt=\"Apple iPhone 17 Pro \"   class=\"image-wrapped__image image__image\" loading=\"lazy\" data-normal=\"https:\/\/www.europesays.com\/no\/wp-content\/uploads\/2025\/09\/jih6nizSeJr383qaBm9WMP.jpg\" data-original-mos=\"https:\/\/www.europesays.com\/no\/wp-content\/uploads\/2025\/09\/jih6nizSeJr383qaBm9WMP.jpg\" data-pin-media=\"https:\/\/www.europesays.com\/no\/wp-content\/uploads\/2025\/09\/jih6nizSeJr383qaBm9WMP.jpg\" data-pin-nopin=\"true\" data-slice-image=\"true\"\/>iPhone 16 Pro i direkte sollys.(Image credit: Lance Ulanoff \/ Future)<\/p>\n<p id=\"020ba9f1-5460-4b52-91bd-3ed16d94e245\">ProMotion-teknologien tilbyr ikke bare rask oppdateringsfrekvens, den kan ogs\u00e5 senkes helt ned til 1 Hz for \u00e5 st\u00f8tte alltid-p\u00e5-skjermen, som lar meg se tiden og varslene mine p\u00e5 l\u00e5seskjermen.<\/p>\n<p>Dette er en lysere skjerm som n\u00e5r 3000 nits i direkte sollys. Denne kombinasjonen, sammen med et nytt antirefleksbelegg, hjalp den med \u00e5 sl\u00e5 iPhone 16 Pro i mine utend\u00f8rstester av Netflix-str\u00f8mming i sterkt sollys.<\/p>\n<p>N\u00e5r det gjelder den nye Ceramic Shield 2-skjermbeskytteren, er jeg n\u00f8lende med \u00e5 gni husn\u00f8klene mot den, men jeg er nysgjerrig p\u00e5 \u00e5 se hvordan skjermen ser ut om to m\u00e5neder.<\/p>\n<p>Den 6,3-tommers skjermen har fortsatt Dynamic Island-utskj\u00e6ringen, som huser Face ID-sensorene og det nye Center Stage-kameraet. Den er fortsatt st\u00f8rre enn jeg skulle \u00f8nske, og vises i noen spill og videoer som en svart, pilleformet utskj\u00e6ring. Men hvis du, som meg, setter pris p\u00e5 den live-informasjonen (som sportsresultater) som den flaten kan gi, tviler jeg p\u00e5 at du vil bli spesielt plaget av dens eksistens.<\/p>\n<p class=\"vanilla-image-block\" style=\"padding-top:56.25%;\">\n<p><img decoding=\"async\" src=\"https:\/\/www.europesays.com\/no\/wp-content\/uploads\/2025\/09\/8KbXkUyHfZJd57bgAneCuN.jpg\" alt=\"Apple iPhone 17 Pro\"   loading=\"lazy\" data-new-v2-image=\"true\" data-original-mos=\"https:\/\/www.europesays.com\/no\/wp-content\/uploads\/2025\/09\/8KbXkUyHfZJd57bgAneCuN.jpg\" data-pin-media=\"https:\/\/www.europesays.com\/no\/wp-content\/uploads\/2025\/09\/8KbXkUyHfZJd57bgAneCuN.jpg\"\/>\n<\/p>\n<p>(Image credit: Lance Ulanoff \/ Future)<\/p>\n<ul id=\"8d75952c-e2fc-439d-9f9b-86f66254d302\">\n<li><strong>Skjerm \u2013 poeng: 4,5 \/ 5<\/strong><\/li>\n<\/ul>\n<p><a id=\"elk-apple-iphone-17-pro-kameraer\" href=\"\" data-url=\"\" target=\"_blank\" referrerpolicy=\"no-referrer-when-downgrade\" data-hl-processed=\"none\"\/>Apple iPhone 17 Pro: Kameraer<\/p>\n<ul id=\"1e8a0bd2-63b3-45b9-a2d8-c71829287bc6\">\n<li><strong>Tre utmerkede 48MP-kameraer p\u00e5 baksiden<\/strong><\/li>\n<li><strong>Zoomen er endelig der jeg vil ha den<\/strong><\/li>\n<li><strong>Center Stage utgj\u00f8r en stor forskjell for selfier<\/strong><\/li>\n<\/ul>\n<p class=\"vanilla-image-block\" style=\"padding-top:56.25%;\">\n<p><img decoding=\"async\" src=\"https:\/\/www.europesays.com\/no\/wp-content\/uploads\/2025\/09\/DLW4H4TVuELjyjDiq3vPpN.jpg\" alt=\"Apple iPhone 17 Pro\"   loading=\"lazy\" data-new-v2-image=\"true\" data-original-mos=\"https:\/\/www.europesays.com\/no\/wp-content\/uploads\/2025\/09\/DLW4H4TVuELjyjDiq3vPpN.jpg\" data-pin-media=\"https:\/\/www.europesays.com\/no\/wp-content\/uploads\/2025\/09\/DLW4H4TVuELjyjDiq3vPpN.jpg\"\/>\n<\/p>\n<p>(Image credit: Lance Ulanoff \/ Future)<\/p>\n<p id=\"000955f8-c585-4d5b-9685-8a0307303399\">Apple har bel\u00f8nnet min besettelse med fotografering med de tre beste 48MP-objektivene jeg noensinne har sett p\u00e5 en iPhone (pluss et utmerket nytt selfiekamera). Objektivutvalget er identisk p\u00e5 begge Pro-modellene, noe som gj\u00f8r dem like attraktive. Kameraytelsen p\u00e5 iPhone 17 Pro og 17 Pro Max ser ut til \u00e5 v\u00e6re identisk. Her er listen over fysiske objektiver:<\/p>\n<ul id=\"802d82a7-14ac-4dab-95cd-d28da883165f\">\n<li><strong>Hovedkamera: 48 MP \u0192\/1,78<\/strong><\/li>\n<li><strong>Ultravidvinkel: 48 MP \u0192\/2,2<\/strong><\/li>\n<li><strong>Telefoto: 48 MP (4x optisk) \u0192\/2,8<\/strong><\/li>\n<li><strong>Selfiekamera: 18 MP (ikke kalt \u00abFusion\u00bb)<\/strong><\/li>\n<\/ul>\n<p id=\"59ed7bbd-8027-4bc9-945a-475e6b553532\">Hovedkameraet tar bilder med 24 MP som standard, men du kan ta bilder med full oppl\u00f8sning eller som en 2x optisk sensorbeskj\u00e6ring, som tar de beste 12 MP fra de fulle 48 MP for det endelige bildet.<\/p>\n<p>Ultravidvinkelen tar ogs\u00e5 bilder med 24 MP som standard, mens det samme objektivet tar makrobilder med 12 MP.<\/p>\n<p>For meg er den mest spennende nyheten det nye 48 MP 4x optiske zoomobjektivet, som tar 24 MP bilder tilsvarende 100 mm, og som med en annen optisk sensorbeskj\u00e6ring ogs\u00e5 kan ta 12 MP 8x zoombilder. Selv om sistnevnte ikke er et ekte 8x optisk zoomobjektiv, tar det bilder som ser ut som det.<\/p>\n<p>Image 1 of 5<\/p>\n<p><img decoding=\"async\" src=\"https:\/\/www.europesays.com\/no\/wp-content\/uploads\/2025\/09\/dPc9ZWw95PXTwvVRfQxS2P.jpg\" alt=\"Apple iPhone 17 Pro\"   class=\"image-wrapped__image image__image\" loading=\"lazy\" data-normal=\"https:\/\/www.europesays.com\/no\/wp-content\/uploads\/2025\/09\/dPc9ZWw95PXTwvVRfQxS2P.jpg\" data-original-mos=\"https:\/\/www.europesays.com\/no\/wp-content\/uploads\/2025\/09\/dPc9ZWw95PXTwvVRfQxS2P.jpg\" data-pin-media=\"https:\/\/www.europesays.com\/no\/wp-content\/uploads\/2025\/09\/dPc9ZWw95PXTwvVRfQxS2P.jpg\" data-pin-nopin=\"true\" data-slice-image=\"true\"\/>(Image credit: Lance Ulanoff \/ Future)<img decoding=\"async\" src=\"https:\/\/www.europesays.com\/no\/wp-content\/uploads\/2025\/09\/p4YoELCxQXNeMxNXM5b86P.jpg\" alt=\"Apple iPhone 17 Pro\"   class=\"image-wrapped__image image__image\" loading=\"lazy\" data-normal=\"https:\/\/www.europesays.com\/no\/wp-content\/uploads\/2025\/09\/p4YoELCxQXNeMxNXM5b86P.jpg\" data-original-mos=\"https:\/\/www.europesays.com\/no\/wp-content\/uploads\/2025\/09\/p4YoELCxQXNeMxNXM5b86P.jpg\" data-pin-media=\"https:\/\/www.europesays.com\/no\/wp-content\/uploads\/2025\/09\/p4YoELCxQXNeMxNXM5b86P.jpg\" data-pin-nopin=\"true\" data-slice-image=\"true\"\/>(Image credit: Lance Ulanoff \/ Future)<img decoding=\"async\" src=\"https:\/\/www.europesays.com\/no\/wp-content\/uploads\/2025\/09\/ArXTUMfzspPoiZBSBnP97P.jpg\" alt=\"Apple iPhone 17 Pro\"   class=\"image-wrapped__image image__image\" loading=\"lazy\" data-normal=\"https:\/\/www.europesays.com\/no\/wp-content\/uploads\/2025\/09\/ArXTUMfzspPoiZBSBnP97P.jpg\" data-original-mos=\"https:\/\/www.europesays.com\/no\/wp-content\/uploads\/2025\/09\/ArXTUMfzspPoiZBSBnP97P.jpg\" data-pin-media=\"https:\/\/www.europesays.com\/no\/wp-content\/uploads\/2025\/09\/ArXTUMfzspPoiZBSBnP97P.jpg\" data-pin-nopin=\"true\" data-slice-image=\"true\"\/>(Image credit: Lance Ulanoff \/ Future)<img decoding=\"async\" src=\"https:\/\/www.europesays.com\/no\/wp-content\/uploads\/2025\/09\/BcfQqRgEx3ryRHsasWTP6P.jpg\" alt=\"Apple iPhone 17 Pro\"   class=\"image-wrapped__image image__image\" loading=\"lazy\" data-normal=\"https:\/\/www.europesays.com\/no\/wp-content\/uploads\/2025\/09\/BcfQqRgEx3ryRHsasWTP6P.jpg\" data-original-mos=\"https:\/\/www.europesays.com\/no\/wp-content\/uploads\/2025\/09\/BcfQqRgEx3ryRHsasWTP6P.jpg\" data-pin-media=\"https:\/\/www.europesays.com\/no\/wp-content\/uploads\/2025\/09\/BcfQqRgEx3ryRHsasWTP6P.jpg\" data-pin-nopin=\"true\" data-slice-image=\"true\"\/>(Image credit: Lance Ulanoff \/ Future)<img decoding=\"async\" src=\"https:\/\/www.europesays.com\/no\/wp-content\/uploads\/2025\/09\/b7yvhBvdQyMu4HNVFehV5P.jpg\" alt=\"Apple iPhone 17 Pro\"   class=\"image-wrapped__image image__image\" loading=\"lazy\" data-normal=\"https:\/\/www.europesays.com\/no\/wp-content\/uploads\/2025\/09\/b7yvhBvdQyMu4HNVFehV5P.jpg\" data-original-mos=\"https:\/\/www.europesays.com\/no\/wp-content\/uploads\/2025\/09\/b7yvhBvdQyMu4HNVFehV5P.jpg\" data-pin-media=\"https:\/\/www.europesays.com\/no\/wp-content\/uploads\/2025\/09\/b7yvhBvdQyMu4HNVFehV5P.jpg\" data-pin-nopin=\"true\" data-slice-image=\"true\"\/>(Image credit: Lance Ulanoff \/ Future)<\/p>\n<p id=\"da51629d-a70e-446b-aacc-69d2cbf1894b\">Jeg ble konsekvent imponert over detaljene jeg klarte \u00e5 fange opp. Etter min erfaring er det beste objektivet av de tre 4x zoom. Det fungerer utmerket for portretter og stilleben.<\/p>\n<p>Bildekvaliteten p\u00e5 tvers av de forskjellige objektivene og fotostilene skyldes delvis Apples fantastiske bildebehandling. Den samler inn og behandler s\u00e5 mye informasjon, men gj\u00f8r aldri et bilde om til AI-gr\u00f8t eller et grovt estimat. Bildene blir levende med ekte farger og uts\u00f8kte detaljer.<\/p>\n<p>Image 1 of 2<\/p>\n<p><img decoding=\"async\" src=\"https:\/\/www.europesays.com\/no\/wp-content\/uploads\/2025\/09\/ybp65WHbnzbFDChjXZtRSX.jpg\" alt=\"Apple iPhone 17 Pro \u2013\u00a0fotoeksempel\"   class=\"image-wrapped__image image__image\" loading=\"lazy\" data-normal=\"https:\/\/www.europesays.com\/no\/wp-content\/uploads\/2025\/09\/ybp65WHbnzbFDChjXZtRSX.jpg\" data-original-mos=\"https:\/\/www.europesays.com\/no\/wp-content\/uploads\/2025\/09\/ybp65WHbnzbFDChjXZtRSX.jpg\" data-pin-media=\"https:\/\/www.europesays.com\/no\/wp-content\/uploads\/2025\/09\/ybp65WHbnzbFDChjXZtRSX.jpg\" data-pin-nopin=\"true\" data-slice-image=\"true\"\/>(Image credit: Lance Ulanoff \/ Future)<img decoding=\"async\" src=\"https:\/\/www.europesays.com\/no\/wp-content\/uploads\/2025\/09\/XQLNEHuBMZzgRKFpdygGcY.jpg\" alt=\"Apple iPhone 17 Pro \u2013\u00a0fotoeksempel\"   class=\"image-wrapped__image image__image\" loading=\"lazy\" data-normal=\"https:\/\/www.europesays.com\/no\/wp-content\/uploads\/2025\/09\/XQLNEHuBMZzgRKFpdygGcY.jpg\" data-original-mos=\"https:\/\/www.europesays.com\/no\/wp-content\/uploads\/2025\/09\/XQLNEHuBMZzgRKFpdygGcY.jpg\" data-pin-media=\"https:\/\/www.europesays.com\/no\/wp-content\/uploads\/2025\/09\/XQLNEHuBMZzgRKFpdygGcY.jpg\" data-pin-nopin=\"true\" data-slice-image=\"true\"\/>(Image credit: Lance Ulanoff \/ Future)<\/p>\n<p id=\"93794b7a-ecbd-4426-b18f-3f18a879c2e0\">Portrettfotograferingen tar seg bedre ut enn noensinne. Jeg var spesielt imponert over hvordan kameraene h\u00e5ndterte h\u00e5r og brilleinnfatninger. Hvert eneste bilde s\u00e5 ut til \u00e5 v\u00e6re av profesjonell kvalitet.<\/p>\n<p class=\"vanilla-image-block\" style=\"padding-top:56.25%;\">\n<p><img decoding=\"async\" src=\"https:\/\/www.europesays.com\/no\/wp-content\/uploads\/2025\/09\/rCHJADFZHmRQFpiHVjrSDY.jpg\" alt=\"Apple iPhone 17 Pro\"   loading=\"lazy\" data-new-v2-image=\"true\" data-original-mos=\"https:\/\/www.europesays.com\/no\/wp-content\/uploads\/2025\/09\/rCHJADFZHmRQFpiHVjrSDY.jpg\" data-pin-media=\"https:\/\/www.europesays.com\/no\/wp-content\/uploads\/2025\/09\/rCHJADFZHmRQFpiHVjrSDY.jpg\"\/>\n<\/p>\n<p>Jeg tok bildet til h\u00f8yre med Center Stage Camera uten \u00e5 snu telefonen 90 grader. (Image credit: Lance Ulanoff \/ Future)<\/p>\n<p id=\"17327587-2a8d-4691-b4d6-cb161602e086\">Et annet stort h\u00f8ydepunkt innen foto er det nye Center Stage-selfiekameraet. Der TrueDepth-kameraet tidligere var et kapabelt 12 MP-system, st\u00f8ttes Center Stage n\u00e5 av en firkantet 18 MP-sensor. Den bruker de ekstra pikslene til \u00e5 automatisk tilpasse grupper av mennesker til bildet ved \u00e5 zoome litt ut.<\/p>\n<p>Enda bedre er dette det f\u00f8rste selfiekameraet p\u00e5 en telefon som, etter min erfaring, lar deg bytte fra portrett til landskapsselfie uten \u00e5 m\u00e5tte rotere telefonen 90 grader. I stedet trykker du bare p\u00e5 en programvareknapp \u2013 og ja, det fungerer med b\u00e5de bilder og videoer. Det er str\u00e5lende, og jeg forventer at andre produsenter vil f\u00f8lge etter.<\/p>\n<p>Image 1 of 16<\/p>\n<p><img decoding=\"async\" src=\"https:\/\/www.europesays.com\/no\/wp-content\/uploads\/2025\/09\/YHHnrutEhg7UzoGnFn6wXZ.jpg\" alt=\"Apple iPhone 17 Pro \u2013\u00a0fotoeksempel\"   class=\"image-wrapped__image image__image\" loading=\"lazy\" data-normal=\"https:\/\/www.europesays.com\/no\/wp-content\/uploads\/2025\/09\/YHHnrutEhg7UzoGnFn6wXZ.jpg\" data-original-mos=\"https:\/\/www.europesays.com\/no\/wp-content\/uploads\/2025\/09\/YHHnrutEhg7UzoGnFn6wXZ.jpg\" data-pin-media=\"https:\/\/www.europesays.com\/no\/wp-content\/uploads\/2025\/09\/YHHnrutEhg7UzoGnFn6wXZ.jpg\" data-pin-nopin=\"true\" data-slice-image=\"true\"\/>(Image credit: Lance Ulanoff \/ Future)<img decoding=\"async\" src=\"https:\/\/www.europesays.com\/no\/wp-content\/uploads\/2025\/09\/3UiuxsiuhtcoAr5vA9BgtZ.jpg\" alt=\"Apple iPhone 17 Pro \u2013\u00a0fotoeksempel\"   class=\"image-wrapped__image image__image\" loading=\"lazy\" data-normal=\"https:\/\/www.europesays.com\/no\/wp-content\/uploads\/2025\/09\/3UiuxsiuhtcoAr5vA9BgtZ.jpg\" data-original-mos=\"https:\/\/www.europesays.com\/no\/wp-content\/uploads\/2025\/09\/3UiuxsiuhtcoAr5vA9BgtZ.jpg\" data-pin-media=\"https:\/\/www.europesays.com\/no\/wp-content\/uploads\/2025\/09\/3UiuxsiuhtcoAr5vA9BgtZ.jpg\" data-pin-nopin=\"true\" data-slice-image=\"true\"\/>(Image credit: Lance Ulanoff \/ Future)<img decoding=\"async\" src=\"https:\/\/www.europesays.com\/no\/wp-content\/uploads\/2025\/09\/VGCgMyjSr3xRDNF4L3GpyZ.jpg\" alt=\"Apple iPhone 17 Pro \u2013\u00a0fotoeksempel\"   class=\"image-wrapped__image image__image\" loading=\"lazy\" data-normal=\"https:\/\/www.europesays.com\/no\/wp-content\/uploads\/2025\/09\/VGCgMyjSr3xRDNF4L3GpyZ.jpg\" data-original-mos=\"https:\/\/www.europesays.com\/no\/wp-content\/uploads\/2025\/09\/VGCgMyjSr3xRDNF4L3GpyZ.jpg\" data-pin-media=\"https:\/\/www.europesays.com\/no\/wp-content\/uploads\/2025\/09\/VGCgMyjSr3xRDNF4L3GpyZ.jpg\" data-pin-nopin=\"true\" data-slice-image=\"true\"\/>(Image credit: Lance Ulanoff \/ Future)<img decoding=\"async\" src=\"https:\/\/www.europesays.com\/no\/wp-content\/uploads\/2025\/09\/AD8hZTNUdpMAzHqjyR26rZ.jpg\" alt=\"Apple iPhone 17 Pro \u2013\u00a0fotoeksempel\"   class=\"image-wrapped__image image__image\" loading=\"lazy\" data-normal=\"https:\/\/www.europesays.com\/no\/wp-content\/uploads\/2025\/09\/AD8hZTNUdpMAzHqjyR26rZ.jpg\" data-original-mos=\"https:\/\/www.europesays.com\/no\/wp-content\/uploads\/2025\/09\/AD8hZTNUdpMAzHqjyR26rZ.jpg\" data-pin-media=\"https:\/\/www.europesays.com\/no\/wp-content\/uploads\/2025\/09\/AD8hZTNUdpMAzHqjyR26rZ.jpg\" data-pin-nopin=\"true\" data-slice-image=\"true\"\/>(Image credit: Lance Ulanoff \/ Future)<img decoding=\"async\" src=\"https:\/\/www.europesays.com\/no\/wp-content\/uploads\/2025\/09\/fvnnKoEPWfHTT2F8F32XqZ.jpg\" alt=\"Apple iPhone 17 Pro \u2013\u00a0fotoeksempel\"   class=\"image-wrapped__image image__image\" loading=\"lazy\" data-normal=\"https:\/\/www.europesays.com\/no\/wp-content\/uploads\/2025\/09\/fvnnKoEPWfHTT2F8F32XqZ.jpg\" data-original-mos=\"https:\/\/www.europesays.com\/no\/wp-content\/uploads\/2025\/09\/fvnnKoEPWfHTT2F8F32XqZ.jpg\" data-pin-media=\"https:\/\/www.europesays.com\/no\/wp-content\/uploads\/2025\/09\/fvnnKoEPWfHTT2F8F32XqZ.jpg\" data-pin-nopin=\"true\" data-slice-image=\"true\"\/>(Image credit: Lance Ulanoff \/ Future)<img decoding=\"async\" src=\"https:\/\/www.europesays.com\/no\/wp-content\/uploads\/2025\/09\/Grg7HGAUA3SVMVLbsRcF2a.jpg\" alt=\"Apple iPhone 17 Pro \u2013\u00a0fotoeksempel\"   class=\"image-wrapped__image image__image\" loading=\"lazy\" data-normal=\"https:\/\/www.europesays.com\/no\/wp-content\/uploads\/2025\/09\/Grg7HGAUA3SVMVLbsRcF2a.jpg\" data-original-mos=\"https:\/\/www.europesays.com\/no\/wp-content\/uploads\/2025\/09\/Grg7HGAUA3SVMVLbsRcF2a.jpg\" data-pin-media=\"https:\/\/www.europesays.com\/no\/wp-content\/uploads\/2025\/09\/Grg7HGAUA3SVMVLbsRcF2a.jpg\" data-pin-nopin=\"true\" data-slice-image=\"true\"\/>(Image credit: Lance Ulanoff \/ Future)<img decoding=\"async\" src=\"https:\/\/www.europesays.com\/no\/wp-content\/uploads\/2025\/09\/zhCrHjmpVegAKZ6qX4ikvZ.jpg\" alt=\"Apple iPhone 17 Pro \u2013\u00a0fotoeksempel\"   class=\"image-wrapped__image image__image\" loading=\"lazy\" data-normal=\"https:\/\/www.europesays.com\/no\/wp-content\/uploads\/2025\/09\/zhCrHjmpVegAKZ6qX4ikvZ.jpg\" data-original-mos=\"https:\/\/www.europesays.com\/no\/wp-content\/uploads\/2025\/09\/zhCrHjmpVegAKZ6qX4ikvZ.jpg\" data-pin-media=\"https:\/\/www.europesays.com\/no\/wp-content\/uploads\/2025\/09\/zhCrHjmpVegAKZ6qX4ikvZ.jpg\" data-pin-nopin=\"true\" data-slice-image=\"true\"\/>(Image credit: Lance Ulanoff \/ Future)<img decoding=\"async\" src=\"https:\/\/www.europesays.com\/no\/wp-content\/uploads\/2025\/09\/5CuuFzhm2HeSZZnM6mSWTY.jpg\" alt=\"Apple iPhone 17 Pro \u2013\u00a0fotoeksempel\"   class=\"image-wrapped__image image__image\" loading=\"lazy\" data-normal=\"https:\/\/www.europesays.com\/no\/wp-content\/uploads\/2025\/09\/5CuuFzhm2HeSZZnM6mSWTY.jpg\" data-original-mos=\"https:\/\/www.europesays.com\/no\/wp-content\/uploads\/2025\/09\/5CuuFzhm2HeSZZnM6mSWTY.jpg\" data-pin-media=\"https:\/\/www.europesays.com\/no\/wp-content\/uploads\/2025\/09\/5CuuFzhm2HeSZZnM6mSWTY.jpg\" data-pin-nopin=\"true\" data-slice-image=\"true\"\/>(Image credit: Lance Ulanoff \/ Future)<img decoding=\"async\" src=\"https:\/\/www.europesays.com\/no\/wp-content\/uploads\/2025\/09\/4LJSPwkuMXC3T7FowFvcRY.jpg\" alt=\"Apple iPhone 17 Pro \u2013\u00a0fotoeksempel\"   class=\"image-wrapped__image image__image\" loading=\"lazy\" data-normal=\"https:\/\/www.europesays.com\/no\/wp-content\/uploads\/2025\/09\/4LJSPwkuMXC3T7FowFvcRY.jpg\" data-original-mos=\"https:\/\/www.europesays.com\/no\/wp-content\/uploads\/2025\/09\/4LJSPwkuMXC3T7FowFvcRY.jpg\" data-pin-media=\"https:\/\/www.europesays.com\/no\/wp-content\/uploads\/2025\/09\/4LJSPwkuMXC3T7FowFvcRY.jpg\" data-pin-nopin=\"true\" data-slice-image=\"true\"\/>(Image credit: Lance Ulanoff \/ Future)<img decoding=\"async\" src=\"https:\/\/www.europesays.com\/no\/wp-content\/uploads\/2025\/09\/ZzbQUjgdqCZ4JXkCQEBsJY.jpg\" alt=\"Apple iPhone 17 Pro \u2013\u00a0fotoeksempel\"   class=\"image-wrapped__image image__image\" loading=\"lazy\" data-normal=\"https:\/\/www.europesays.com\/no\/wp-content\/uploads\/2025\/09\/ZzbQUjgdqCZ4JXkCQEBsJY.jpg\" data-original-mos=\"https:\/\/www.europesays.com\/no\/wp-content\/uploads\/2025\/09\/ZzbQUjgdqCZ4JXkCQEBsJY.jpg\" data-pin-media=\"https:\/\/www.europesays.com\/no\/wp-content\/uploads\/2025\/09\/ZzbQUjgdqCZ4JXkCQEBsJY.jpg\" data-pin-nopin=\"true\" data-slice-image=\"true\"\/>(Image credit: Lance Ulanoff \/ Future)<img decoding=\"async\" src=\"https:\/\/www.europesays.com\/no\/wp-content\/uploads\/2025\/09\/bpUwYyTAa4PDWC3SJbNjtW.jpg\" alt=\"Apple iPhone 17 Pro \u2013\u00a0fotoeksempel\"   class=\"image-wrapped__image image__image\" loading=\"lazy\" data-normal=\"https:\/\/www.europesays.com\/no\/wp-content\/uploads\/2025\/09\/bpUwYyTAa4PDWC3SJbNjtW.jpg\" data-original-mos=\"https:\/\/www.europesays.com\/no\/wp-content\/uploads\/2025\/09\/bpUwYyTAa4PDWC3SJbNjtW.jpg\" data-pin-media=\"https:\/\/www.europesays.com\/no\/wp-content\/uploads\/2025\/09\/bpUwYyTAa4PDWC3SJbNjtW.jpg\" data-pin-nopin=\"true\" data-slice-image=\"true\"\/>(Image credit: Lance Ulanoff \/ Future)<img decoding=\"async\" src=\"https:\/\/www.europesays.com\/no\/wp-content\/uploads\/2025\/09\/ALPRCFsRhpAUuc6uotzufU.jpg\" alt=\"Apple iPhone 17 Pro \u2013\u00a0fotoeksempel\"   class=\"image-wrapped__image image__image\" loading=\"lazy\" data-normal=\"https:\/\/www.europesays.com\/no\/wp-content\/uploads\/2025\/09\/ALPRCFsRhpAUuc6uotzufU.jpg\" data-original-mos=\"https:\/\/www.europesays.com\/no\/wp-content\/uploads\/2025\/09\/ALPRCFsRhpAUuc6uotzufU.jpg\" data-pin-media=\"https:\/\/www.europesays.com\/no\/wp-content\/uploads\/2025\/09\/ALPRCFsRhpAUuc6uotzufU.jpg\" data-pin-nopin=\"true\" data-slice-image=\"true\"\/>(Image credit: Lance Ulanoff \/ Future)<img decoding=\"async\" src=\"https:\/\/www.europesays.com\/no\/wp-content\/uploads\/2025\/09\/Pg2gUJCuN9xfbYBhAQnfoZ.jpg\" alt=\"Apple iPhone 17 Pro \u2013\u00a0fotoeksempel\"   class=\"image-wrapped__image image__image\" loading=\"lazy\" data-normal=\"https:\/\/www.europesays.com\/no\/wp-content\/uploads\/2025\/09\/Pg2gUJCuN9xfbYBhAQnfoZ.jpg\" data-original-mos=\"https:\/\/www.europesays.com\/no\/wp-content\/uploads\/2025\/09\/Pg2gUJCuN9xfbYBhAQnfoZ.jpg\" data-pin-media=\"https:\/\/www.europesays.com\/no\/wp-content\/uploads\/2025\/09\/Pg2gUJCuN9xfbYBhAQnfoZ.jpg\" data-pin-nopin=\"true\" data-slice-image=\"true\"\/>(Image credit: Lance Ulanoff \/ Future)<img decoding=\"async\" src=\"https:\/\/www.europesays.com\/no\/wp-content\/uploads\/2025\/09\/9gHPooJ6DsvsDgUrQGskeZ.jpg\" alt=\"Apple iPhone 17 Pro \u2013\u00a0fotoeksempel\"   class=\"image-wrapped__image image__image\" loading=\"lazy\" data-normal=\"https:\/\/www.europesays.com\/no\/wp-content\/uploads\/2025\/09\/9gHPooJ6DsvsDgUrQGskeZ.jpg\" data-original-mos=\"https:\/\/www.europesays.com\/no\/wp-content\/uploads\/2025\/09\/9gHPooJ6DsvsDgUrQGskeZ.jpg\" data-pin-media=\"https:\/\/www.europesays.com\/no\/wp-content\/uploads\/2025\/09\/9gHPooJ6DsvsDgUrQGskeZ.jpg\" data-pin-nopin=\"true\" data-slice-image=\"true\"\/>(Image credit: Lance Ulanoff \/ Future)<img decoding=\"async\" src=\"https:\/\/www.europesays.com\/no\/wp-content\/uploads\/2025\/09\/uSg7YTzK2yiJtMsqBEDJ7Y.jpg\" alt=\"Apple iPhone 17 Pro \u2013\u00a0fotoeksempel\"   class=\"image-wrapped__image image__image\" loading=\"lazy\" data-normal=\"https:\/\/www.europesays.com\/no\/wp-content\/uploads\/2025\/09\/uSg7YTzK2yiJtMsqBEDJ7Y.jpg\" data-original-mos=\"https:\/\/www.europesays.com\/no\/wp-content\/uploads\/2025\/09\/uSg7YTzK2yiJtMsqBEDJ7Y.jpg\" data-pin-media=\"https:\/\/www.europesays.com\/no\/wp-content\/uploads\/2025\/09\/uSg7YTzK2yiJtMsqBEDJ7Y.jpg\" data-pin-nopin=\"true\" data-slice-image=\"true\"\/>(Image credit: Lance Ulanoff \/ Future)<img decoding=\"async\" src=\"https:\/\/www.europesays.com\/no\/wp-content\/uploads\/2025\/09\/bJpuVrrQWTxEPmSujTk36X.jpg\" alt=\"Apple iPhone 17 Pro \u2013\u00a0fotoeksempel\"   class=\"image-wrapped__image image__image\" loading=\"lazy\" data-normal=\"https:\/\/www.europesays.com\/no\/wp-content\/uploads\/2025\/09\/bJpuVrrQWTxEPmSujTk36X.jpg\" data-original-mos=\"https:\/\/www.europesays.com\/no\/wp-content\/uploads\/2025\/09\/bJpuVrrQWTxEPmSujTk36X.jpg\" data-pin-media=\"https:\/\/www.europesays.com\/no\/wp-content\/uploads\/2025\/09\/bJpuVrrQWTxEPmSujTk36X.jpg\" data-pin-nopin=\"true\" data-slice-image=\"true\"\/>(Image credit: Lance Ulanoff \/ Future)<\/p>\n<p id=\"94596327-c46b-485e-b771-4c1a11cf1459\">Jeg tok bilder under alle slags lysforhold, fra sol og klart til overskyet, regnfullt og til og med om natten. Nattfotograferingen er bedre enn noensinne. Dette var telefonen jeg brukte til \u00e5 forevige New Yorks 9\/11-minnesmerkelys (byen ligger 80 kilometer unna). Det var en bragd jeg ikke kunne gjenskape med iPhone 16 Pro.<\/p>\n<p class=\"vanilla-image-block\" style=\"padding-top:75.00%;\">\n<p><img decoding=\"async\" src=\"https:\/\/www.europesays.com\/no\/wp-content\/uploads\/2025\/09\/q8TPtLPmBwKx8vP6Ds6CGB.jpg\" alt=\"Apple iPhone 17 Pro\"   loading=\"lazy\" data-new-v2-image=\"true\" data-original-mos=\"https:\/\/www.europesays.com\/no\/wp-content\/uploads\/2025\/09\/q8TPtLPmBwKx8vP6Ds6CGB.jpg\" data-pin-media=\"https:\/\/www.europesays.com\/no\/wp-content\/uploads\/2025\/09\/q8TPtLPmBwKx8vP6Ds6CGB.jpg\"\/>\n<\/p>\n<p>Jeg digger selfier i regnet, og jeg ble spesielt imponert over Center Stage-kameraets evne til \u00e5 fange individuelle regndr\u00e5per. (Image credit: Lance Ulanoff \/ Future)<\/p>\n<p id=\"c0c9acf2-fc31-4b43-aae5-63a6c6e02f24\">Du kan ta opp video i 4K (opptil 120 fps). Det ser flott ut, spesielt siden den sensorbaserte optiske bildestabiliseringen h\u00e5ndterer selv de mest urolige omgivelser.<\/p>\n<p>P\u00e5 min f\u00f8rste dag med telefonen kom det et kraftig regnskyll, som jeg benyttet anledningen til \u00e5 teste Audio Mix, Apples AI-drevne st\u00f8yrensingsverkt\u00f8y. Regnet var s\u00e5 kraftig at det nesten overd\u00f8vet hele basisvideoen min. Alt jeg trengte \u00e5 gj\u00f8re var \u00e5 velge et av alternativene (In-Frame, Studio, Cinematic), og iPhone 17 Pro gjorde en utmerket jobb med \u00e5 l\u00f8fte stemmen min over st\u00f8yen. Den h\u00f8res litt bearbeidet ut, men ogs\u00e5 brukbar \u2013 noe jeg ikke kan si om den opprinnelige videoen.<\/p>\n<p>En annen ny funksjon du kanskje liker (eller lurer p\u00e5 hvorfor den er der) er dobbeltkamera. Som navnet antyder, lar denne noe skjulte funksjonen deg ta opp video med b\u00e5de front- og bakkameraet. Selfie-visningen din vises som et lite, bevegelig vindu opp\u00e5 hovedvideoen, antagelig slik at du kan kommentere hva som skjer. Jeg brukte den i et bryllup og syntes den var morsom, om enn ikke supernyttig.<\/p>\n<p>Image 1 of 1<\/p>\n<p><img decoding=\"async\" src=\"https:\/\/www.europesays.com\/no\/wp-content\/uploads\/2025\/09\/Yw7WotNXw4ndE5PW9sNDhX.jpg\" alt=\"Apple iPhone 17 Pro\"   class=\"image-wrapped__image image__image\" loading=\"lazy\" data-normal=\"https:\/\/www.europesays.com\/no\/wp-content\/uploads\/2025\/09\/Yw7WotNXw4ndE5PW9sNDhX.jpg\" data-original-mos=\"https:\/\/www.europesays.com\/no\/wp-content\/uploads\/2025\/09\/Yw7WotNXw4ndE5PW9sNDhX.jpg\" data-pin-media=\"https:\/\/www.europesays.com\/no\/wp-content\/uploads\/2025\/09\/Yw7WotNXw4ndE5PW9sNDhX.jpg\" data-pin-nopin=\"true\" data-slice-image=\"true\"\/>Sett deg selv inn i videoen med dobbeltkameraet.(Image credit: Lance Ulanoff \/ Future)<\/p>\n<p id=\"3a14150e-e654-4e2d-b93f-ebd3ab660309\">Den nye kameraappen er s\u00e5 annerledes at den kan v\u00e6re forvirrende i starten. Mye av det du vanligvis ser n\u00e5r du \u00e5pner appen er skjult. Men for eksempel, et trykk og dra p\u00e5 ordet \u00abFoto\u00bb avsl\u00f8rer raskt hvordan du finner alle de viktigste alternativene for \u00e5 ta bilder.<\/p>\n<p>Kort sagt, du venner deg til det.<\/p>\n<p class=\"vanilla-image-block\" style=\"padding-top:56.25%;\">\n<p><img decoding=\"async\" src=\"https:\/\/www.europesays.com\/no\/wp-content\/uploads\/2025\/09\/E2d4P93QtQMRHZ8bmt7qYA.jpg\" alt=\"Apple iPhone 17 Pro Max\"   loading=\"lazy\" data-new-v2-image=\"true\" data-original-mos=\"https:\/\/www.europesays.com\/no\/wp-content\/uploads\/2025\/09\/E2d4P93QtQMRHZ8bmt7qYA.jpg\" data-pin-media=\"https:\/\/www.europesays.com\/no\/wp-content\/uploads\/2025\/09\/E2d4P93QtQMRHZ8bmt7qYA.jpg\"\/>\n<\/p>\n<p>(Image credit: Lance Ulanoff \/ Future)<\/p>\n<p id=\"a8ae5c69-63ce-4713-9272-5c039843dea6\">Alt i alt er dette uten tvil det beste kameraoppsettet (inkludert frontkameraet) Apple noensinne har produsert. Det tar fantastiske bilder alle vennene dine vil misunne deg. I tillegg, med sin 4K Dolby Vision, er det en videoplattform p\u00e5 proffniv\u00e5.<\/p>\n<p>Hvis jeg trengte ytterligere bevis p\u00e5 at dette er et verkt\u00f8y for profesjonelle videografer, fikk jeg det da jeg testet Genlock-st\u00f8tten, som lar deg ta opp og automatisk synkronisere flere videostr\u00f8mmer.<\/p>\n<p>For \u00e5 teste dette koblet jeg iPhone 17 Pro og iPhone 17 Pro Max tr\u00e5dl\u00f8st til en iPad Pro 13. iPaden kj\u00f8rte en Testflight-versjon av Final Cut Pro for iPad, og telefonene kj\u00f8rte Testflight-versjoner av Final Cut-kameraer.<\/p>\n<p>Final Cut p\u00e5 iPaden presenterte \u00e9n enkelt opptaksknapp, og da jeg trykket p\u00e5 den, begynte begge telefonene \u00e5 ta opp. Jeg fanget to vinkler samtidig, og Final Cut presenterte dem som to koblede str\u00f8mmer som jeg kunne redigere for \u00e5 lage en virkelig profesjonell flerkameravideo.<\/p>\n<p><a id=\"elk-fotoeksempler\" href=\"\" data-url=\"\" target=\"_blank\" referrerpolicy=\"no-referrer-when-downgrade\" data-hl-processed=\"none\"\/>Fotoeksempler<\/p>\n<p>Image 1 of 7<\/p>\n<p><img decoding=\"async\" src=\"https:\/\/www.europesays.com\/no\/wp-content\/uploads\/2025\/09\/m4suEVWWamyFZ9rRyFsvgV.jpg\" alt=\"Apple iPhone 17 Pro \u2013\u00a0fotoeksempel\"   class=\"image-wrapped__image image__image\" loading=\"lazy\" data-normal=\"https:\/\/www.europesays.com\/no\/wp-content\/uploads\/2025\/09\/m4suEVWWamyFZ9rRyFsvgV.jpg\" data-original-mos=\"https:\/\/www.europesays.com\/no\/wp-content\/uploads\/2025\/09\/m4suEVWWamyFZ9rRyFsvgV.jpg\" data-pin-media=\"https:\/\/www.europesays.com\/no\/wp-content\/uploads\/2025\/09\/m4suEVWWamyFZ9rRyFsvgV.jpg\" data-pin-nopin=\"true\" data-slice-image=\"true\"\/>(Image credit: Lance Ulanoff \/ Future)<img decoding=\"async\" src=\"https:\/\/www.europesays.com\/no\/wp-content\/uploads\/2025\/09\/JsXC7BKFNdEHPHhYmXTdEY.jpg\" alt=\"Apple iPhone 17 Pro \u2013\u00a0fotoeksempel\"   class=\"image-wrapped__image image__image\" loading=\"lazy\" data-normal=\"https:\/\/www.europesays.com\/no\/wp-content\/uploads\/2025\/09\/JsXC7BKFNdEHPHhYmXTdEY.jpg\" data-original-mos=\"https:\/\/www.europesays.com\/no\/wp-content\/uploads\/2025\/09\/JsXC7BKFNdEHPHhYmXTdEY.jpg\" data-pin-media=\"https:\/\/www.europesays.com\/no\/wp-content\/uploads\/2025\/09\/JsXC7BKFNdEHPHhYmXTdEY.jpg\" data-pin-nopin=\"true\" data-slice-image=\"true\"\/>(Image credit: Lance Ulanoff \/ Future)<img decoding=\"async\" src=\"https:\/\/www.europesays.com\/no\/wp-content\/uploads\/2025\/09\/c2AvgFEDA8gbM3fPGRZMmV.jpg\" alt=\"Apple iPhone 17 Pro \u2013\u00a0fotoeksempel\"   class=\"image-wrapped__image image__image\" loading=\"lazy\" data-normal=\"https:\/\/www.europesays.com\/no\/wp-content\/uploads\/2025\/09\/c2AvgFEDA8gbM3fPGRZMmV.jpg\" data-original-mos=\"https:\/\/www.europesays.com\/no\/wp-content\/uploads\/2025\/09\/c2AvgFEDA8gbM3fPGRZMmV.jpg\" data-pin-media=\"https:\/\/www.europesays.com\/no\/wp-content\/uploads\/2025\/09\/c2AvgFEDA8gbM3fPGRZMmV.jpg\" data-pin-nopin=\"true\" data-slice-image=\"true\"\/>(Image credit: Lance Ulanoff \/ Future)<img decoding=\"async\" src=\"https:\/\/www.europesays.com\/no\/wp-content\/uploads\/2025\/09\/dReSGxd4bx95kofnUvR7VY.jpg\" alt=\"Apple iPhone 17 Pro \u2013\u00a0fotoeksempel\"   class=\"image-wrapped__image image__image\" loading=\"lazy\" data-normal=\"https:\/\/www.europesays.com\/no\/wp-content\/uploads\/2025\/09\/dReSGxd4bx95kofnUvR7VY.jpg\" data-original-mos=\"https:\/\/www.europesays.com\/no\/wp-content\/uploads\/2025\/09\/dReSGxd4bx95kofnUvR7VY.jpg\" data-pin-media=\"https:\/\/www.europesays.com\/no\/wp-content\/uploads\/2025\/09\/dReSGxd4bx95kofnUvR7VY.jpg\" data-pin-nopin=\"true\" data-slice-image=\"true\"\/>(Image credit: Lance Ulanoff \/ Future)<img decoding=\"async\" src=\"https:\/\/www.europesays.com\/no\/wp-content\/uploads\/2025\/09\/2KG9B6ZQSnqz5r3QyZGJWY.jpg\" alt=\"Apple iPhone 17 Pro \u2013\u00a0fotoeksempel\"   class=\"image-wrapped__image image__image\" loading=\"lazy\" data-normal=\"https:\/\/www.europesays.com\/no\/wp-content\/uploads\/2025\/09\/2KG9B6ZQSnqz5r3QyZGJWY.jpg\" data-original-mos=\"https:\/\/www.europesays.com\/no\/wp-content\/uploads\/2025\/09\/2KG9B6ZQSnqz5r3QyZGJWY.jpg\" data-pin-media=\"https:\/\/www.europesays.com\/no\/wp-content\/uploads\/2025\/09\/2KG9B6ZQSnqz5r3QyZGJWY.jpg\" data-pin-nopin=\"true\" data-slice-image=\"true\"\/>(Image credit: Lance Ulanoff \/ Future)<img decoding=\"async\" src=\"https:\/\/www.europesays.com\/no\/wp-content\/uploads\/2025\/09\/QdRjVnzGjxfjGsLMpCBe7Y.jpg\" alt=\"Apple iPhone 17 Pro \u2013\u00a0fotoeksempel\"   class=\"image-wrapped__image image__image\" loading=\"lazy\" data-normal=\"https:\/\/www.europesays.com\/no\/wp-content\/uploads\/2025\/09\/QdRjVnzGjxfjGsLMpCBe7Y.jpg\" data-original-mos=\"https:\/\/www.europesays.com\/no\/wp-content\/uploads\/2025\/09\/QdRjVnzGjxfjGsLMpCBe7Y.jpg\" data-pin-media=\"https:\/\/www.europesays.com\/no\/wp-content\/uploads\/2025\/09\/QdRjVnzGjxfjGsLMpCBe7Y.jpg\" data-pin-nopin=\"true\" data-slice-image=\"true\"\/>(Image credit: Lance Ulanoff \/ Future)<img decoding=\"async\" src=\"https:\/\/www.europesays.com\/no\/wp-content\/uploads\/2025\/09\/pAwsiA748EAHkxAjf83JtX.jpg\" alt=\"Apple iPhone 17 Pro \u2013\u00a0fotoeksempel\"   class=\"image-wrapped__image image__image\" loading=\"lazy\" data-normal=\"https:\/\/www.europesays.com\/no\/wp-content\/uploads\/2025\/09\/pAwsiA748EAHkxAjf83JtX.jpg\" data-original-mos=\"https:\/\/www.europesays.com\/no\/wp-content\/uploads\/2025\/09\/pAwsiA748EAHkxAjf83JtX.jpg\" data-pin-media=\"https:\/\/www.europesays.com\/no\/wp-content\/uploads\/2025\/09\/pAwsiA748EAHkxAjf83JtX.jpg\" data-pin-nopin=\"true\" data-slice-image=\"true\"\/>(Image credit: Lance Ulanoff \/ Future)<\/p>\n<ul id=\"90dbcc3c-a95a-4581-984b-2a56d78d70cf\">\n<li><strong>Kameraer \u2013 poeng: 5 \/ 5<\/strong><\/li>\n<\/ul>\n<p><a id=\"elk-apple-iphone-17-pro-programvare-apple-intelligence\" href=\"\" data-url=\"\" target=\"_blank\" referrerpolicy=\"no-referrer-when-downgrade\" data-hl-processed=\"none\"\/>Apple iPhone 17 Pro: Programvare &amp; Apple Intelligence<\/p>\n<ul id=\"2cde3043-6087-46c9-a744-9c1fc6cbaa62\">\n<li><strong>iOS 26<\/strong><\/li>\n<li><strong>Apple Intelligence f\u00e5r noen nye funksjoner<\/strong><\/li>\n<li><strong>Den ultimate Siri er fortsatt p\u00e5fallende med sitt frav\u00e6r<\/strong><\/li>\n<\/ul>\n<p id=\"3b4ff436-18bb-43b7-b176-edf4429215bd\">Det har kanskje aldri v\u00e6rt en vakrere iOS enn iOS 26. Liquid Glass, som skimrer fra nesten alle virtuelle overflater, ser b\u00e5de polert og spennende ut. Det er en imponerende programmeringsbragd \u00e5 f\u00e5 piksler til \u00e5 se ut som glass, noe som gir uventet substans til ting som knapper og widgeter.<\/p>\n<p>Generelt er jeg en fan, bortsett fra de gangene Liquid Glass sin grunnleggende gjennomsiktighet skaper en tunglest opplevelse \u2013 hvis du kan se hva som er bak en tekstboks n\u00e5r du pr\u00f8ver \u00e5 skrive i den, kan det v\u00e6re litt forvirrende. Jeg er sikker p\u00e5 at Apple kan tilby en innstilling for \u00e5 justere gjennomsiktigheten i en fremtidig oppdatering.<\/p>\n<p class=\"vanilla-image-block\" style=\"padding-top:56.25%;\">\n<p><img decoding=\"async\" src=\"https:\/\/www.europesays.com\/no\/wp-content\/uploads\/2025\/09\/xziTRtD6pC4tSbm3hMTUDP.jpg\" alt=\"Apple iPhone 17 Pro\"   loading=\"lazy\" data-new-v2-image=\"true\" data-original-mos=\"https:\/\/www.europesays.com\/no\/wp-content\/uploads\/2025\/09\/xziTRtD6pC4tSbm3hMTUDP.jpg\" data-pin-media=\"https:\/\/www.europesays.com\/no\/wp-content\/uploads\/2025\/09\/xziTRtD6pC4tSbm3hMTUDP.jpg\"\/>\n<\/p>\n<p>(Image credit: Lance Ulanoff \/ Future)<\/p>\n<p id=\"e8fabbb8-1186-410b-978d-fad23b0151a5\">Fjor\u00e5rets stjerne, Apple Intelligence, f\u00e5r noen oppdateringer, som en bedre Image Playground og forbedret visuell intelligens, som umiddelbart kan ta informasjon fra et bilde og legge det til i kalenderen din. Clean Up er fortsatt et imponerende bilderedigeringsverkt\u00f8y.<\/p>\n<p>P\u00e5 et tidspunkt brukte jeg det til \u00e5 fjerne et tau foran en hest. Jeg tegnet en lys linje over det tynne hvite stoffet, trykket p\u00e5 skjermen, og tauet forsvant \u2013 og etterlot hesten intakt (og ansiktet fylt ut) bak meg.<\/p>\n<p>Image 1 of 2<\/p>\n<p><img decoding=\"async\" src=\"https:\/\/www.europesays.com\/no\/wp-content\/uploads\/2025\/09\/VNhLnTLY7guot3csgVx4Mn.jpg\" alt=\"Apple iPhone 17 Pro \"   class=\"image-wrapped__image image__image\" loading=\"lazy\" data-normal=\"https:\/\/www.europesays.com\/no\/wp-content\/uploads\/2025\/09\/VNhLnTLY7guot3csgVx4Mn.jpg\" data-original-mos=\"https:\/\/www.europesays.com\/no\/wp-content\/uploads\/2025\/09\/VNhLnTLY7guot3csgVx4Mn.jpg\" data-pin-media=\"https:\/\/www.europesays.com\/no\/wp-content\/uploads\/2025\/09\/VNhLnTLY7guot3csgVx4Mn.jpg\" data-pin-nopin=\"true\" data-slice-image=\"true\"\/>Clean Up er et av Apples mest nyttige AI-verkt\u00f8y.(Image credit: Lance Ulanoff \/ Future)<img decoding=\"async\" src=\"https:\/\/www.europesays.com\/no\/wp-content\/uploads\/2025\/09\/reDwqG65Eg4BPf9kwd9PMn.jpg\" alt=\"Apple iPhone 17 Pro \"   class=\"image-wrapped__image image__image\" loading=\"lazy\" data-normal=\"https:\/\/www.europesays.com\/no\/wp-content\/uploads\/2025\/09\/reDwqG65Eg4BPf9kwd9PMn.jpg\" data-original-mos=\"https:\/\/www.europesays.com\/no\/wp-content\/uploads\/2025\/09\/reDwqG65Eg4BPf9kwd9PMn.jpg\" data-pin-media=\"https:\/\/www.europesays.com\/no\/wp-content\/uploads\/2025\/09\/reDwqG65Eg4BPf9kwd9PMn.jpg\" data-pin-nopin=\"true\" data-slice-image=\"true\"\/>(Image credit: Lance Ulanoff \/ Future)<\/p>\n<p id=\"e1b714dc-18ad-4bea-a6e7-93da4f639ebd\">Men Apple Intelligence sine muligheter er fortsatt bleke i sammenligning med hva jeg kan f\u00e5 med <a data-analytics-id=\"inline-link\" href=\"https:\/\/global.techradar.com\/no-no\/tag\/google\" data-auto-tag-linker=\"true\" data-url=\"https:\/\/global.techradar.com\/no-no\/tag\/google\" data-hl-processed=\"none\" data-before-rewrite-localise=\"https:\/\/global.techradar.com\/no-no\/tag\/google\" rel=\"nofollow noopener\" target=\"_blank\">Google<\/a> Gemini eller fra partneren OpenAI (og ChatGPT). Jeg venter fortsatt p\u00e5 dagen da Siri blir like konversasjonsorientert og systembevisst som disse andre plattformene.<\/p>\n<ul id=\"7c05d51c-57dd-43a5-844e-da344db69a12\">\n<li><strong>Programvare \u2013 poeng: 4,5 \/ 5<\/strong><\/li>\n<\/ul>\n<p><a id=\"elk-apple-iphone-17-pro-ytelse\" href=\"\" data-url=\"\" target=\"_blank\" referrerpolicy=\"no-referrer-when-downgrade\" data-hl-processed=\"none\"\/>Apple iPhone 17 Pro: Ytelse<\/p>\n<ul id=\"b29f66fa-8ae5-47e8-abb2-22e73566d63f\">\n<li><strong>A19 Pro er Apples kraftigste mobile CPU<\/strong><\/li>\n<li><strong>12 GB er minnet du trenger<\/strong><\/li>\n<\/ul>\n<p id=\"cef43840-888b-45b2-a07f-88f308adad76\">Bare ut fra spesifikasjonene er A19 Pro noe av et monster:<\/p>\n<ul id=\"32f171bf-f862-4c2b-a3ad-20216caeca92\">\n<li>6-kjerners CPU med to ytelseskjerner og fire effektivitetskjerner<\/li>\n<li>6-kjerners GPU, hver med sin egen nevrale akselerator<\/li>\n<li>16-kjerners nevrale motor<\/li>\n<\/ul>\n<p id=\"337c29a7-c2b5-4bcb-b980-37183d91bcaa\">Ikke helt uventet er ytelsesresultatene for A19 Pro-brikken, basert p\u00e5 Future Labs-tester, betydelig bedre enn A18 Pro som drev iPhone 16 Pro. Faktisk makset brikken noen av v\u00e5re bildefrekvenstester.<\/p>\n<p>Disse tallene er merkbare i alt telefonen gj\u00f8r. Det er en kapabel spillmaskin p\u00e5 konsollniv\u00e5 som spiller Destiny: Rising med imponerende niv\u00e5er av skyggelegging, refleksjoner, t\u00e5ke og ild. A19 Pros maskinvareakselererte Ray Tracing spiller absolutt en stor rolle i dette.<\/p>\n<p>Det er n\u00e5 ogs\u00e5 12 GB RAM innebygd, noe som sannsynligvis betyr mer enn nok plass til stadig st\u00f8rre AI-modeller. Apples preferanse er \u00e5 gj\u00f8re ting som AI-assistert Live Translation lokalt.<\/p>\n<p>Image 1 of 2<\/p>\n<p><img decoding=\"async\" src=\"https:\/\/www.europesays.com\/no\/wp-content\/uploads\/2025\/09\/VB2FcdqCjz3LapBdtuDR3C.jpg\" alt=\"Apple iPhone 17 Pro\"   class=\"image-wrapped__image image__image\" loading=\"lazy\" data-normal=\"https:\/\/www.europesays.com\/no\/wp-content\/uploads\/2025\/09\/VB2FcdqCjz3LapBdtuDR3C.jpg\" data-original-mos=\"https:\/\/www.europesays.com\/no\/wp-content\/uploads\/2025\/09\/VB2FcdqCjz3LapBdtuDR3C.jpg\" data-pin-media=\"https:\/\/www.europesays.com\/no\/wp-content\/uploads\/2025\/09\/VB2FcdqCjz3LapBdtuDR3C.jpg\" data-pin-nopin=\"true\" data-slice-image=\"true\"\/>(Image credit: Lance Ulanoff \/ Future)<img decoding=\"async\" src=\"https:\/\/www.europesays.com\/no\/wp-content\/uploads\/2025\/09\/QwwwTUtmRV6B2o7S6ehE2C.jpg\" alt=\"Apple iPhone 17 Pro\"   class=\"image-wrapped__image image__image\" loading=\"lazy\" data-normal=\"https:\/\/www.europesays.com\/no\/wp-content\/uploads\/2025\/09\/QwwwTUtmRV6B2o7S6ehE2C.jpg\" data-original-mos=\"https:\/\/www.europesays.com\/no\/wp-content\/uploads\/2025\/09\/QwwwTUtmRV6B2o7S6ehE2C.jpg\" data-pin-media=\"https:\/\/www.europesays.com\/no\/wp-content\/uploads\/2025\/09\/QwwwTUtmRV6B2o7S6ehE2C.jpg\" data-pin-nopin=\"true\" data-slice-image=\"true\"\/>(Image credit: Lance Ulanoff \/ Future)<\/p>\n<p id=\"0f0c0934-b53a-43b1-be12-0dac5555bef2\">Dette er et <a data-analytics-id=\"inline-link\" href=\"https:\/\/no.wikipedia.org\/wiki\/System_on_a_chip\" target=\"_blank\" data-url=\"https:\/\/no.wikipedia.org\/wiki\/System_on_a_chip\" referrerpolicy=\"no-referrer-when-downgrade\" data-hl-processed=\"none\" rel=\"nofollow noopener\">SOC-system<\/a> som komfortabelt kan b\u00e5de ta opp og redigere 4K-video. Det er som et lite kraftverk.<\/p>\n<p>Men det er mer enn bare en arbeidshest. Apple har lagt til et dampkammersystem som, sammen med den n\u00e5 mer termisk effektive aluminiumsrammen, bidrar til \u00e5 fange varme fra brikken og spre den gjennom hele iPhone 17 Pro-huset, slik at det ikke lenger er et merkbart varmt punkt.<\/p>\n<p>I praksis er dette et omr\u00e5de der den mindre iPhone 17 Pro skiller seg litt fra iPhone 17 Pro Max. Jeg vet ikke om det er fordi Pro Max har mer plass, men den f\u00f8ltes kj\u00f8ligere i testene mine enn iPhone 17 Pro, som ble litt varm \u00e5 ta p\u00e5 under et intenst spill med Asphalt 9 Legends.<\/p>\n<p><a id=\"elk-apple-iphone-17-pro-batteri\" href=\"\" data-url=\"\" target=\"_blank\" referrerpolicy=\"no-referrer-when-downgrade\" data-hl-processed=\"none\"\/>Apple iPhone 17 Pro: Batteri<\/p>\n<ul id=\"d9cbf958-31c8-415c-9c7e-f91ec12b2997\">\n<li><strong>Batteritiden er betydelig forbedret.<\/strong><\/li>\n<li><strong>St\u00f8tter Qi2.<\/strong><\/li>\n<li><strong>Ingen adapter inkludert.<\/strong><\/li>\n<\/ul>\n<p id=\"7f9ad664-031b-4d4f-a187-eaff3f81a85d\">Med all den nye effektiviteten og Apples redesign av de indre delene for et st\u00f8rre batteri, kan iPhone 17 Pro ha den beste batteritiden noensinne for en Pro-modell \u2013 bortsett fra den st\u00f8rre iPhone 17 Pro Max, som n\u00e5 n\u00e6rmer seg to dagers bruk.<\/p>\n<p>I mine egne tester varte iPhone 17 Pro mellom 25 og 30 timer p\u00e5 \u00e9n lading. Apple sier opptil 30 timer hvis du bare str\u00f8mmer video, mens blandet bruk \u2013 spesielt tung spilling \u2013 forkorter tiden. Likevel er dette den beste batteritiden jeg noen gang har sett p\u00e5 en vanlig Pro-modell. Kombinasjonen av en mer effektiv CPU, et st\u00f8rre batteri og det energisparende varmestyringssystemet ser ut til \u00e5 l\u00f8nne seg.<\/p>\n<p>Dette er et Qi2-kompatibelt system, som betyr at det lader raskere p\u00e5 en Qi2-klar ladeplate. Telefonen leveres ikke med en ladeadapter, bare en vevd USB-C-kabel, men hvis du kj\u00f8per den nye valgfrie Dynamic 40W-laderen (opptil 60W), kan du ogs\u00e5 regne med raskere kablet lading. Da jeg testet den, klarte jeg \u00e5 lade den opp til 50 % p\u00e5 20 minutter.<\/p>\n<ul id=\"c1f34d09-f1ac-4843-ba8d-0617477d2096\">\n<li><strong>Batteri \u2013 poeng: 4,5 \/ 5<\/strong><\/li>\n<\/ul>\n<p><a id=\"elk-burde-du-kjoepe-apple-iphone-17-pro\" href=\"\" data-url=\"\" target=\"_blank\" referrerpolicy=\"no-referrer-when-downgrade\" data-hl-processed=\"none\"\/>Burde du kj\u00f8pe Apple iPhone 17 Pro?Swipe to scroll horizontallyApple iPhone 17 Pro Max \u2013 totalpoeng<\/p>\n<tr class=\"table__head__row\">\n<p>Kategori<\/p>\n<p>Kommentar<\/p>\n<p>Poeng<\/p>\n<\/tr>\n<tr class=\"table__body__row\">\n<td class=\"table_body__data\" colspan=\"1\" style=\"text-align:left\">\n<p>Valuta for pengene<\/p>\n<\/td>\n<td class=\"table_body__data\" colspan=\"1\" style=\"text-align:left\">\n<p>En bedre telefon p\u00e5 nesten alle m\u00e5ter til samme pris som i fjor.<\/p>\n<\/td>\n<td class=\"table_body__data\" colspan=\"1\" style=\"text-align:left\">\n<p>5 \/ 5<\/p>\n<\/td>\n<\/tr>\n<tr class=\"table__body__row\">\n<td class=\"table_body__data\" colspan=\"1\" style=\"text-align:left\">\n<p>Design<\/p>\n<\/td>\n<td class=\"table_body__data\" colspan=\"1\" style=\"text-align:left\">\n<p>Et oppdatert design som ogs\u00e5 gir ytelsesfordeler.<\/p>\n<\/td>\n<td class=\"table_body__data\" colspan=\"1\" style=\"text-align:left\">\n<p>5 \/ 5<\/p>\n<\/td>\n<\/tr>\n<tr class=\"table__body__row\">\n<td class=\"table_body__data\" colspan=\"1\" style=\"text-align:left\">\n<p>Skjerm<\/p>\n<\/td>\n<td class=\"table_body__data\" colspan=\"1\" style=\"text-align:left\">\n<p>Skjermteknologien er noe bedre takket v\u00e6re h\u00f8yere lysstyrke og mer slitesterkt glass.<\/p>\n<\/td>\n<td class=\"table_body__data\" colspan=\"1\" style=\"text-align:left\">\n<p>4,5 \/ 5<\/p>\n<\/td>\n<\/tr>\n<tr class=\"table__body__row\">\n<td class=\"table_body__data\" colspan=\"1\" style=\"text-align:left\">\n<p>Programvare<\/p>\n<\/td>\n<td class=\"table_body__data\" colspan=\"1\" style=\"text-align:left\">\n<p>iOS 26 er flott, men noen ganger litt i overkant \u2013 fortsatt en utmerket programvarepakke, selv uten den ultimate Siri-oppgraderingen fra Apple Intelligence.<\/p>\n<\/td>\n<td class=\"table_body__data\" colspan=\"1\" style=\"text-align:left\">\n<p>4,5 \/ 5<\/p>\n<\/td>\n<\/tr>\n<tr class=\"table__body__row\">\n<td class=\"table_body__data\" colspan=\"1\" style=\"text-align:left\">\n<p>Kameraer<\/p>\n<\/td>\n<td class=\"table_body__data\" colspan=\"1\" style=\"text-align:left\">\n<p>De beste kameraene Apple noensinne har produsert.<\/p>\n<\/td>\n<td class=\"table_body__data\" colspan=\"1\" style=\"text-align:left\">\n<p>5 \/ 5<\/p>\n<\/td>\n<\/tr>\n<tr class=\"table__body__row\">\n<td class=\"table_body__data\" colspan=\"1\" style=\"text-align:left\">\n<p>Ytelse<\/p>\n<\/td>\n<td class=\"table_body__data\" colspan=\"1\" style=\"text-align:left\">\n<p>A19 Pro er kraftig og har mer minne enn noensinne \u2013 klar for enhver oppgave<\/p>\n<\/td>\n<td class=\"table_body__data\" colspan=\"1\" style=\"text-align:left\">\n<p>5 \/ 5<\/p>\n<\/td>\n<\/tr>\n<tr class=\"table__body__row\">\n<td class=\"table_body__data\" colspan=\"1\" style=\"text-align:left\">\n<p>Batteri<\/p>\n<\/td>\n<td class=\"table_body__data\" colspan=\"1\" style=\"text-align:left\">\n<p>Et st\u00f8rre batteri betyr opptil 30 timers bruk.<\/p>\n<\/td>\n<td class=\"table_body__data\" colspan=\"1\" style=\"text-align:left\">\n<p>4,5 \/ 5<\/p>\n<\/td>\n<\/tr>\n<p><a id=\"elk-71ecaddc-722f-451c-b380-8de5c3e027b0\" href=\"\" data-url=\"\" target=\"_blank\" referrerpolicy=\"no-referrer-when-downgrade\" data-hl-processed=\"none\"\/>Kj\u00f8p den hvis \u2026<a id=\"elk-ac17cdf5-0d2b-4543-9571-06ececc28db4\" href=\"\" data-url=\"\" target=\"_blank\" referrerpolicy=\"no-referrer-when-downgrade\" data-hl-processed=\"none\"\/><a id=\"elk-19342fb4-076e-4fa8-9b68-62eb64a2b74c\" href=\"\" data-url=\"\" target=\"_blank\" referrerpolicy=\"no-referrer-when-downgrade\" data-hl-processed=\"none\"\/><a id=\"elk-56115a67-7631-43cb-8f9f-da8ec1111d59\" href=\"\" data-url=\"\" target=\"_blank\" referrerpolicy=\"no-referrer-when-downgrade\" data-hl-processed=\"none\"\/>Ikke kj\u00f8p den hvis \u2026<a id=\"elk-25625ea2-d51e-45f8-bdbd-cfe0023c7f56\" href=\"\" data-url=\"\" target=\"_blank\" referrerpolicy=\"no-referrer-when-downgrade\" data-hl-processed=\"none\"\/><a id=\"elk-2065f350-773c-4a1a-b25b-6b43dcfacede\" href=\"\" data-url=\"\" target=\"_blank\" referrerpolicy=\"no-referrer-when-downgrade\" data-hl-processed=\"none\"\/><a id=\"elk-apple-iphone-17-pro-andre-alternativer\" href=\"\" data-url=\"\" target=\"_blank\" referrerpolicy=\"no-referrer-when-downgrade\" data-hl-processed=\"none\"\/>Apple iPhone 17 Pro: Andre alternativer<\/p>\n<p id=\"3e7238fe-c184-488b-8ce7-22698acbe870\">Ikke interessert i Apples nyeste Pro iPhone? Her er noen alternativer fra Android-fronten.<\/p>\n<p><a id=\"elk-222ac010-5708-4349-b41d-1e6be4b504c1\" href=\"\" data-url=\"\" target=\"_blank\" referrerpolicy=\"no-referrer-when-downgrade\" data-hl-processed=\"none\"\/><a id=\"elk-080587d7-b134-4cec-9dd8-67e0f0c5ac72\" href=\"\" data-url=\"\" target=\"_blank\" referrerpolicy=\"no-referrer-when-downgrade\" data-hl-processed=\"none\"\/><a id=\"elk-b5eb9b53-7929-43d9-b384-e4a569597489\" href=\"\" data-url=\"\" target=\"_blank\" referrerpolicy=\"no-referrer-when-downgrade\" data-hl-processed=\"none\"\/><a id=\"elk-slik-testet-vi-apple-iphone-17-pro\" href=\"\" data-url=\"\" target=\"_blank\" referrerpolicy=\"no-referrer-when-downgrade\" data-hl-processed=\"none\"\/>Slik testet vi Apple iPhone 17 Pro<\/p>\n<ul id=\"35f25ada-0ddf-4349-b52a-c80b3d4cf4ec\">\n<li><strong>Testperiode:<\/strong> Jeg mottok telefonen 9. september og testet den frem til 16. september.<\/li>\n<li><strong>Testene inkluderte:<\/strong> daglig bruk, fotografering, videosamtaler, spilling, videostr\u00f8mming, musikkavspilling og Apple Intelligence-test.<\/li>\n<li><strong>Verkt\u00f8y:<\/strong> Geekbench 6, Geekbench AI, 3DMark.<\/li>\n<\/ul>\n<p id=\"7cf3c3ca-ff6a-43cc-926a-2ae9b6d4e548\">Jeg testet iPhone 17 Pro (og iPhone 17 Pro Max) side om side med min iPhone 16 Pro Max. Jeg bar den med meg overalt og brukte den som om det var min egen telefon.<\/p>\n<p>Jeg har testet telefoner i over 20 \u00e5r og har skrevet om iPhone siden lanseringen. Jeg har ogs\u00e5 fulgt og skrevet om AI siden de f\u00f8rste forbrukerrettede l\u00f8sningene for over et ti\u00e5r siden, og jeg har dekket teknologi i 39 \u00e5r.<\/p>\n<p><a data-analytics-id=\"inline-link\" href=\"https:\/\/www.techradar.com\/news\/how-we-test\" target=\"_blank\" rel=\"nofollow noopener\">Les mer om hvordan vi tester teknologidingser p\u00e5 TechRadar<\/a>.<\/p>\n<p id=\"85621b11-3cde-4810-addb-d10cd6799c6d\">F\u00f8rst testet i september 2025.<\/p>\n<p><a id=\"elk-bot-widget\" href=\"\" data-url=\"\" target=\"_blank\" referrerpolicy=\"no-referrer-when-downgrade\" data-hl-processed=\"none\"\/><\/p>\n<p>Apple iPhone 17 Pro: Prissammenlikning<\/p>\n","protected":false},"excerpt":{"rendered":"Hvorfor du kan stole p\u00e5 TechRadar V\u00e5re ekspertvurderinger bruker timer p\u00e5 \u00e5 teste og sammenligne produkter og tjenester,&hellip;\n","protected":false},"author":2,"featured_media":47938,"comment_status":"","ping_status":"","sticky":false,"template":"","format":"standard","meta":{"footnotes":""},"categories":[57],"tags":[30,28,29,65,63,64,66,70,69,67,68],"class_list":{"0":"post-47937","1":"post","2":"type-post","3":"status-publish","4":"format-standard","5":"has-post-thumbnail","7":"category-vitenskap-og-teknologi","8":"tag-no","9":"tag-norge","10":"tag-norway","11":"tag-science","12":"tag-science-and-technology","13":"tag-scienceandtechnology","14":"tag-technology","15":"tag-teknologi","16":"tag-vitenskap","17":"tag-vitenskap-og-teknologi","18":"tag-vitenskapteknologi"},"share_on_mastodon":{"url":"","error":""},"_links":{"self":[{"href":"https:\/\/www.europesays.com\/no\/wp-json\/wp\/v2\/posts\/47937","targetHints":{"allow":["GET"]}}],"collection":[{"href":"https:\/\/www.europesays.com\/no\/wp-json\/wp\/v2\/posts"}],"about":[{"href":"https:\/\/www.europesays.com\/no\/wp-json\/wp\/v2\/types\/post"}],"author":[{"embeddable":true,"href":"https:\/\/www.europesays.com\/no\/wp-json\/wp\/v2\/users\/2"}],"replies":[{"embeddable":true,"href":"https:\/\/www.europesays.com\/no\/wp-json\/wp\/v2\/comments?post=47937"}],"version-history":[{"count":0,"href":"https:\/\/www.europesays.com\/no\/wp-json\/wp\/v2\/posts\/47937\/revisions"}],"wp:featuredmedia":[{"embeddable":true,"href":"https:\/\/www.europesays.com\/no\/wp-json\/wp\/v2\/media\/47938"}],"wp:attachment":[{"href":"https:\/\/www.europesays.com\/no\/wp-json\/wp\/v2\/media?parent=47937"}],"wp:term":[{"taxonomy":"category","embeddable":true,"href":"https:\/\/www.europesays.com\/no\/wp-json\/wp\/v2\/categories?post=47937"},{"taxonomy":"post_tag","embeddable":true,"href":"https:\/\/www.europesays.com\/no\/wp-json\/wp\/v2\/tags?post=47937"}],"curies":[{"name":"wp","href":"https:\/\/api.w.org\/{rel}","templated":true}]}}