{"id":48120,"date":"2025-09-29T13:43:13","date_gmt":"2025-09-29T13:43:13","guid":{"rendered":"https:\/\/www.europesays.com\/no\/48120\/"},"modified":"2025-09-29T13:43:13","modified_gmt":"2025-09-29T13:43:13","slug":"statsministeren-om-drone-trusselen-i-danmark-alvorlig-situasjon","status":"publish","type":"post","link":"https:\/\/www.europesays.com\/no\/48120\/","title":{"rendered":"Statsministeren om drone-trusselen i Danmark: \u2013 Alvorlig situasjon"},"content":{"rendered":"\n<p class=\"_lead_ew2ao_2 _lead_xtcu6_50 layout-component text-serif-m layout-normal text-serif-l layout-component layout-wide layout-padded _wide_17hqh_1 layout-padded\">Sverige og Frankrike skal bidra med dronehjelp til Danmark i forbindelse med EU-toppm\u00f8tet i K\u00f8benhavn denne uken. <\/p>\n<p><img alt=\" Foto: KIMMO BRANDT \/ EPA \/ NTB\" class=\"_image_qp4xg_65 layout-component layout-wide\" data-fullscreen- data-track-element-type=\"Article image fullscreen\" data-track-name=\"ImageFullscreen\" fetchpriority=\"high\" decoding=\"sync\" loading=\"eager\" height=\"5504\" itemprop=\"image\"  src=\"https:\/\/www.europesays.com\/no\/wp-content\/uploads\/2025\/09\/9cbe1182-3c3b-4549-8e92-cdf10371b8b3\"  style=\"object-position:0% 0%\" width=\"8256\"\/> Foto: KIMMO BRANDT \/ EPA \/ NTB<\/p>\n<ul aria-hidden=\"true\" class=\"_images_1y6fe_106\">\n<li><a class=\"_link_1y6fe_111\" href=\"https:\/\/www.vg.no\/forfatter\/bernhard-moe-nyquist\" style=\"z-index:1\" title=\"Bernhard Moe Nyquist\" rel=\"nofollow noopener\" target=\"_blank\"><img alt=\"Bilde av Bernhard Moe Nyquist\" class=\"_image_1y6fe_88\" fetchpriority=\"low\" loading=\"lazy\" decoding=\"async\" itemprop=\"image\"  src=\"https:\/\/www.europesays.com\/no\/wp-content\/uploads\/2025\/09\/1759153392_314_6365e445-83dd-4973-9da1-29fb6ae8c22d\"  width=\"480\"\/><\/a><\/li>\n<\/ul>\n<p> Oppdatert mandag 29. september kl. 14:15     <\/p>\n<p class=\"_paragraph_ew2ao_4 _paragraph_xtcu6_10 layout-component text-serif-m layout-normal text-serif-m layout-padded\">P\u00e5 onsdag samles EUs stats- og regjeringssjefer i den danske hovedstaden.<\/p>\n<p class=\"_paragraph_ew2ao_4 _paragraph_xtcu6_10 layout-component text-serif-m layout-normal text-serif-m layout-padded\">\u2013 En rekke europeiske land er rammet av droner og andre former for hybridangrep. Det er en alvorlig situasjon, og jeg h\u00e5per alle ser at ingen land kan h\u00e5ndtere hybrid krigf\u00f8ring alene, skriver <a href=\"https:\/\/www.vg.no\/tag\/danmark?utm_source=vg-article&amp;utm_medium=auto-tagger&amp;utm_campaign=RzvpRx\" class=\"_link_ew2ao_39\" rel=\"nofollow noopener\" target=\"_blank\">Danmarks<\/a> statsminister Mette Frederiksen i et innlegg p\u00e5 Facebook.<\/p>\n<p class=\"_paragraph_ew2ao_4 _paragraph_xtcu6_10 layout-component text-serif-m layout-normal text-serif-m layout-padded\">Sveriges statsminister bekreftet mandag at de vil bist\u00e5 danskene med anti-droneteknologi i forbindelse med toppm\u00f8tet.<\/p>\n<p class=\"_paragraph_ew2ao_4 _paragraph_xtcu6_10 layout-component text-serif-m layout-normal text-serif-m layout-padded\">\u2013 Skal 44 regjeringssjefer lande i K\u00f8benhavn, da vil man ikke ha droner som blokkerer flyplassen, sier Sveriges statsminister Ulf Kristersson til TV4.<\/p>\n<p class=\"_paragraph_ew2ao_4 _paragraph_xtcu6_10 layout-component text-serif-m layout-normal text-serif-m layout-padded\">Den svenske regjeringen har nettopp tatt beslutningen.<\/p>\n<p class=\"_paragraph_ew2ao_4 _paragraph_xtcu6_10 layout-component text-serif-m layout-normal text-serif-m layout-padded\">\u2013 Regjeringen har nettopp tatt en beslutning om \u00e5 gi F\u00f6rsvarsmakten i oppdrag \u00e5 st\u00f8tte Danmark med milit\u00e6r evne til \u00e5 motvirke droner i sammenheng med ukens toppm\u00f8te i K\u00f8benhavn, skriver han p\u00e5 X.<\/p>\n<p class=\"_paragraph_ew2ao_4 _paragraph_xtcu6_10 layout-component text-serif-m layout-normal text-serif-m layout-padded\">Ogs\u00e5 Frankrike vil bist\u00e5. De sender et Fennec-helikopter til Danmark, if\u00f8lge Reuters.<\/p>\n<p class=\"_paragraph_ew2ao_4 _paragraph_xtcu6_10 layout-component text-serif-m layout-normal text-serif-m layout-padded\">Frederiksen skriver i innlegget p\u00e5 Facebook at de i disse dager trenger hjelp fra allierte. <\/p>\n<p class=\"_paragraph_ew2ao_4 _paragraph_xtcu6_10 layout-component text-serif-m layout-normal text-serif-m layout-padded\">\u2013 Som sagt tidligere, myndighetene kan ikke konkludere hvem som st\u00e5r bak hybridangrepene. Men vi kan konstatere at det f\u00f8rst og fremst er ett land som utgj\u00f8r en trussel mot Europas sikkerhet \u2013 og det er Russland.<\/p>\n<p class=\"_paragraph_ew2ao_4 _paragraph_xtcu6_10 layout-component text-serif-m layout-normal text-serif-m layout-padded\">\u2013 Putin \u00f8nsker \u00e5 splitte oss. Jeg vil gj\u00f8re alt jeg kan for at de aldri skal lykkes.<\/p>\n<p>Nasjonalt droneforbud<\/p>\n<p class=\"_paragraph_ew2ao_4 _paragraph_xtcu6_10 layout-component text-serif-m layout-normal text-serif-m layout-padded\">S\u00f8ndag ble det klart at Danmarks luftrom blir stengt for sivil droneflygning etter mistenkelig droneaktivitet. <\/p>\n<p class=\"_paragraph_ew2ao_4 _paragraph_xtcu6_10 layout-component text-serif-m layout-normal text-serif-m layout-padded\">Forbudet trer i kraft mandag, og gjelder til fredag.<\/p>\n<p class=\"_paragraph_ew2ao_4 _paragraph_xtcu6_10 layout-component text-serif-m layout-normal text-serif-m layout-padded\">Det var en rekke dronehendelser i Danmark forrige uke, og regjeringen har varslet at den vil skaffe seg nye kapasiteter for \u00e5 oppdage og n\u00f8ytralisere droner, og regelverket for bruk av droner skal strammes inn.<\/p>\n<p>       <img decoding=\"async\" alt=\"Tips oss illustrasjon\" width=\"62px\" height=\"auto\" src=\"https:\/\/www.europesays.com\/no\/wp-content\/uploads\/2025\/08\/1754784428_95_W9avJzE.png\"\/>    <\/p>\n<p class=\"title-serif-s\">Har du tips til oss?<\/p>\n<p class=\"text-sans-m\">Send oss informasjon, bilder eller video<\/p>\n<p>  <a href=\"https:\/\/www.vg.no\/tips-oss\" rel=\"nofollow noopener\" target=\"_blank\"> Tips oss <\/a>      <\/p>\n","protected":false},"excerpt":{"rendered":"Sverige og Frankrike skal bidra med dronehjelp til Danmark i forbindelse med EU-toppm\u00f8tet i K\u00f8benhavn denne uken. Foto:&hellip;\n","protected":false},"author":2,"featured_media":48121,"comment_status":"","ping_status":"","sticky":false,"template":"","format":"standard","meta":{"footnotes":""},"categories":[10],"tags":[31,20,21,1524,6847,1014,24,25,1244,15,22,23,13,30,28,29,14,16,1359,26,27,1358],"class_list":{"0":"post-48120","1":"post","2":"type-post","3":"status-publish","4":"format-standard","5":"has-post-thumbnail","7":"category-norge","8":"tag-breaking","9":"tag-breaking-news","10":"tag-breakingnews","11":"tag-danmark","12":"tag-droneobservasjoner","13":"tag-droner","14":"tag-featured-news","15":"tag-featurednews","16":"tag-frankrike","17":"tag-headlines","18":"tag-latest-news","19":"tag-latestnews","20":"tag-news","21":"tag-no","22":"tag-norge","23":"tag-norway","24":"tag-nyheter","25":"tag-overskrifter","26":"tag-sverige","27":"tag-top-stories","28":"tag-topstories","29":"tag-ulf-kristersson"},"share_on_mastodon":{"url":"","error":""},"_links":{"self":[{"href":"https:\/\/www.europesays.com\/no\/wp-json\/wp\/v2\/posts\/48120","targetHints":{"allow":["GET"]}}],"collection":[{"href":"https:\/\/www.europesays.com\/no\/wp-json\/wp\/v2\/posts"}],"about":[{"href":"https:\/\/www.europesays.com\/no\/wp-json\/wp\/v2\/types\/post"}],"author":[{"embeddable":true,"href":"https:\/\/www.europesays.com\/no\/wp-json\/wp\/v2\/users\/2"}],"replies":[{"embeddable":true,"href":"https:\/\/www.europesays.com\/no\/wp-json\/wp\/v2\/comments?post=48120"}],"version-history":[{"count":0,"href":"https:\/\/www.europesays.com\/no\/wp-json\/wp\/v2\/posts\/48120\/revisions"}],"wp:featuredmedia":[{"embeddable":true,"href":"https:\/\/www.europesays.com\/no\/wp-json\/wp\/v2\/media\/48121"}],"wp:attachment":[{"href":"https:\/\/www.europesays.com\/no\/wp-json\/wp\/v2\/media?parent=48120"}],"wp:term":[{"taxonomy":"category","embeddable":true,"href":"https:\/\/www.europesays.com\/no\/wp-json\/wp\/v2\/categories?post=48120"},{"taxonomy":"post_tag","embeddable":true,"href":"https:\/\/www.europesays.com\/no\/wp-json\/wp\/v2\/tags?post=48120"}],"curies":[{"name":"wp","href":"https:\/\/api.w.org\/{rel}","templated":true}]}}