{"id":48132,"date":"2025-09-29T13:57:08","date_gmt":"2025-09-29T13:57:08","guid":{"rendered":"https:\/\/www.europesays.com\/no\/48132\/"},"modified":"2025-09-29T13:57:08","modified_gmt":"2025-09-29T13:57:08","slug":"nyhet-krim-mann-funnet-med-stikkskader-i-trogstad-betegnes-som-kritisk-skadet","status":"publish","type":"post","link":"https:\/\/www.europesays.com\/no\/48132\/","title":{"rendered":"Nyhet, Krim | Mann funnet med stikkskader i Tr\u00f8gstad \u2013 betegnes som kritisk skadet"},"content":{"rendered":"\n<p>Politiet fikk melding om at mannen klokken 11.19 mandag ettermiddag.<\/p>\n<p>De rykket ut med flere patruljer og fant mannen hardt skadet p\u00e5 en adresse i Tr\u00f8gstad.<\/p>\n<p>Ingen er p\u00e5grepet etter hendelsen.<\/p>\n<p>\u2013 Det er startet etterforskning. Fornaledningen er ukjent. Det er ingen informasjon som tilsier at en eventuell gjerningsperson p\u00e5 frifot er til fare for andre, opplyser operasjonsleder Melissa Krag i politiet.<\/p>\n<p>Mannen skal v\u00e6re p\u00e5f\u00f8rt flere stikkskader i overkroppen. <\/p>\n<p>Politiet opplyser at de jobber utifra flere hypoteser.<\/p>\n<p>Barnevernet er p\u00e5 stedet for \u00e5 ivareta flere barn og familiemedlemmer.<\/p>\n<p>I f\u00f8lge <a href=\"https:\/\/www.smaalenene.no\/mann-floyet-til-sykehus-med-stikkskader\/s\/5-38-1807167\" rel=\"Follow nofollow noopener\" target=\"_blank\">Smaalenenes Avis<\/a> er krimteknikere p\u00e5 stedet for \u00e5 foreta sine unders\u00f8kelser.<\/p>\n<p>\u2013 Hvorvidt det er han selv eller noen andre som har p\u00e5f\u00f8rt disse vet vi forel\u00f8pig ikke og det vil videre etterforskning vise. Det er etter det vi vet ingen fare for tredjemann, sier innsatsleder i politiet, Frode T\u00f8llefsen, til avisen.<\/p>\n<p>SA f\u00f8lger saken.<\/p>\n","protected":false},"excerpt":{"rendered":"Politiet fikk melding om at mannen klokken 11.19 mandag ettermiddag. De rykket ut med flere patruljer og fant&hellip;\n","protected":false},"author":2,"featured_media":2136,"comment_status":"","ping_status":"","sticky":false,"template":"","format":"standard","meta":{"footnotes":""},"categories":[10],"tags":[36,20,21,24,25,15,983,22,23,13,30,28,29,447,14,16,254,1510,26,27,5405],"class_list":{"0":"post-48132","1":"post","2":"type-post","3":"status-publish","4":"format-standard","5":"has-post-thumbnail","7":"category-norge","8":"tag-art","9":"tag-breaking-news","10":"tag-breakingnews","11":"tag-featured-news","12":"tag-featurednews","13":"tag-headlines","14":"tag-krim","15":"tag-latest-news","16":"tag-latestnews","17":"tag-news","18":"tag-no","19":"tag-norge","20":"tag-norway","21":"tag-nyhet","22":"tag-nyheter","23":"tag-overskrifter","24":"tag-politi","25":"tag-story","26":"tag-top-stories","27":"tag-topstories","28":"tag-trogstad"},"share_on_mastodon":{"url":"","error":""},"_links":{"self":[{"href":"https:\/\/www.europesays.com\/no\/wp-json\/wp\/v2\/posts\/48132","targetHints":{"allow":["GET"]}}],"collection":[{"href":"https:\/\/www.europesays.com\/no\/wp-json\/wp\/v2\/posts"}],"about":[{"href":"https:\/\/www.europesays.com\/no\/wp-json\/wp\/v2\/types\/post"}],"author":[{"embeddable":true,"href":"https:\/\/www.europesays.com\/no\/wp-json\/wp\/v2\/users\/2"}],"replies":[{"embeddable":true,"href":"https:\/\/www.europesays.com\/no\/wp-json\/wp\/v2\/comments?post=48132"}],"version-history":[{"count":0,"href":"https:\/\/www.europesays.com\/no\/wp-json\/wp\/v2\/posts\/48132\/revisions"}],"wp:featuredmedia":[{"embeddable":true,"href":"https:\/\/www.europesays.com\/no\/wp-json\/wp\/v2\/media\/2136"}],"wp:attachment":[{"href":"https:\/\/www.europesays.com\/no\/wp-json\/wp\/v2\/media?parent=48132"}],"wp:term":[{"taxonomy":"category","embeddable":true,"href":"https:\/\/www.europesays.com\/no\/wp-json\/wp\/v2\/categories?post=48132"},{"taxonomy":"post_tag","embeddable":true,"href":"https:\/\/www.europesays.com\/no\/wp-json\/wp\/v2\/tags?post=48132"}],"curies":[{"name":"wp","href":"https:\/\/api.w.org\/{rel}","templated":true}]}}