{"id":48195,"date":"2025-09-29T15:01:10","date_gmt":"2025-09-29T15:01:10","guid":{"rendered":"https:\/\/www.europesays.com\/no\/48195\/"},"modified":"2025-09-29T15:01:10","modified_gmt":"2025-09-29T15:01:10","slug":"stoltenberg-i-ny-bok-trump-spurte-om-norge-kunne-sparkes-ut-av-nato","status":"publish","type":"post","link":"https:\/\/www.europesays.com\/no\/48195\/","title":{"rendered":"Stoltenberg i ny bok: Trump spurte om Norge kunne sparkes ut av Nato"},"content":{"rendered":"<p class=\"txt-ind\">P\u00e5 et m\u00f8te i Det hvite hus 17. mai 2018 skal Trump ha spurt: \u00abKan vi sparke dem ut? Kan Norge heller ha en svensk modell hvis de ikke betaler?\u00bb<\/p>\n<p class=\"txt-ind\">Norge brukte p\u00e5 dette tidspunktet kun 1,6 prosent av BNP p\u00e5 forsvar \u2013 godt under Natos m\u00e5l p\u00e5 2 prosent. USA brukte til sammenligning 3,4 prosent av et mer enn 36 ganger s\u00e5 stort BNP.<\/p>\n<p class=\"txt-ind\">\u00abDet var forretningstankegangen som slo igjennom. Hvis Norge ikke var villig til \u00e5 betale for &#8216;fullt Nato&#8217;, s\u00e5 burde de kanskje heller g\u00e5 for et &#8216;halvt Nato&#8217;, en l\u00f8sere tilknytning \u00e0 la den Sverige hadde. Hvis du vil ha 100 prosent dekning, s\u00e5 m\u00e5 du betale hele forsikringspremien. Slik var logikken hans\u00bb, skriver Stoltenberg i boka, if\u00f8lge <a href=\"https:\/\/www.tv2.no\/nyheter\/innenriks\/stoltenberg-i-ny-bok-trump-foreslo-a-sparke-norge-ut-av-nato\/18139287\/\" target=\"_blank\" rel=\"noopener nofollow\">TV 2<\/a>.<\/p>\n<p class=\"txt-ind\">I boken, som tar for seg Stoltenbergs ti \u00e5r som Nato-sjef, beskriver han ogs\u00e5 dramatiske scener fra Nato-toppm\u00f8tet i juli 2018, der han fryktet alliansens kollaps.<\/p>\n<p class=\"txt-ind\">\u00abDette kan bli m\u00f8tet der Nato g\u00e5r til grunne, tenkte jeg. Det skjer p\u00e5 min vakt\u00bb, st\u00e5r det i boken.<\/p>\n<p class=\"txt-ind\">Trump truet med at USA kunne forlate alliansen hvis ikke de europeiske landene \u00f8kte sine forsvarsbudsjetter kraftig.<\/p>\n<p class=\"txt-ind\">\u00abTo prosent er s\u00e5 lite. Dere m\u00e5 sikte mot fire prosent hvis dere vil ha ordentlig beskyttelse\u00bb.<\/p>\n<p class=\"txt-ind\">Toppm\u00f8tet endte til slutt med en skj\u00f8r \u00abv\u00e5penhvile\u00bb.<\/p>\n<p><a class=\"group clear-both w-full !no-underline my-8 sm:my-12 bg-stone-50 dark:bg-brandStone-700 dark:text-brandNeutral-100 flex items-stretch flex-nowrap\" href=\"https:\/\/www.tu.no\/artikler\/superyachten-til-russisk-oligark-skal-selges-pa-auksjon-i-florida\/561159\" rel=\"nofollow noopener\" target=\"_blank\"><img decoding=\"async\" class=\" object-cover h-full w-full transition-transform duration-700 ease-in-out group-hover:scale-[1.05] will-change-transform\" src=\"https:\/\/www.europesays.com\/no\/wp-content\/uploads\/2025\/09\/NTB_BRVoya-O9zc.jpg\"  alt=\"Den beslaglagte russiske superyachten Amadea skal under hammeren i tr\u00e5d med amerikanske sanksjonsregler. Amerikanske myndigheter mener den tilh\u00f8rer en milliard\u00e6r med n\u00e6r tilknytning til president Vladimir Putin. Pengene fra salget skal brukes til humanit\u00e6r bistand til Ukraina.\" loading=\"lazy\"\/><\/p>\n<p>Les ogs\u00e5:<\/p>\n<p class=\"group-hover:underline text-brandNeutral-900 dark:text-brandNeutral-100 mt-2 text-base sm:text-xl leading-5 sm:leading-6 font-bold\">Russiskeid superyacht auksjoneres bort \u2013 pengene g\u00e5r til Ukraina<\/p>\n<p><\/a><\/p>\n","protected":false},"excerpt":{"rendered":"P\u00e5 et m\u00f8te i Det hvite hus 17. mai 2018 skal Trump ha spurt: \u00abKan vi sparke dem&hellip;\n","protected":false},"author":2,"featured_media":48196,"comment_status":"","ping_status":"","sticky":false,"template":"","format":"standard","meta":{"footnotes":""},"categories":[5],"tags":[20,21,24,25,226,15,19,22,23,17,18,13,30,28,29,14,16,26,27],"class_list":{"0":"post-48195","1":"post","2":"type-post","3":"status-publish","4":"format-standard","5":"has-post-thumbnail","7":"category-overskrifter","8":"tag-breaking-news","9":"tag-breakingnews","10":"tag-featured-news","11":"tag-featurednews","12":"tag-forsvar","13":"tag-headlines","14":"tag-hovedoppslag","15":"tag-latest-news","16":"tag-latestnews","17":"tag-main-news","18":"tag-mainnews","19":"tag-news","20":"tag-no","21":"tag-norge","22":"tag-norway","23":"tag-nyheter","24":"tag-overskrifter","25":"tag-top-stories","26":"tag-topstories"},"share_on_mastodon":{"url":"","error":""},"_links":{"self":[{"href":"https:\/\/www.europesays.com\/no\/wp-json\/wp\/v2\/posts\/48195","targetHints":{"allow":["GET"]}}],"collection":[{"href":"https:\/\/www.europesays.com\/no\/wp-json\/wp\/v2\/posts"}],"about":[{"href":"https:\/\/www.europesays.com\/no\/wp-json\/wp\/v2\/types\/post"}],"author":[{"embeddable":true,"href":"https:\/\/www.europesays.com\/no\/wp-json\/wp\/v2\/users\/2"}],"replies":[{"embeddable":true,"href":"https:\/\/www.europesays.com\/no\/wp-json\/wp\/v2\/comments?post=48195"}],"version-history":[{"count":0,"href":"https:\/\/www.europesays.com\/no\/wp-json\/wp\/v2\/posts\/48195\/revisions"}],"wp:featuredmedia":[{"embeddable":true,"href":"https:\/\/www.europesays.com\/no\/wp-json\/wp\/v2\/media\/48196"}],"wp:attachment":[{"href":"https:\/\/www.europesays.com\/no\/wp-json\/wp\/v2\/media?parent=48195"}],"wp:term":[{"taxonomy":"category","embeddable":true,"href":"https:\/\/www.europesays.com\/no\/wp-json\/wp\/v2\/categories?post=48195"},{"taxonomy":"post_tag","embeddable":true,"href":"https:\/\/www.europesays.com\/no\/wp-json\/wp\/v2\/tags?post=48195"}],"curies":[{"name":"wp","href":"https:\/\/api.w.org\/{rel}","templated":true}]}}