{"id":48275,"date":"2025-09-29T16:11:16","date_gmt":"2025-09-29T16:11:16","guid":{"rendered":"https:\/\/www.europesays.com\/no\/48275\/"},"modified":"2025-09-29T16:11:16","modified_gmt":"2025-09-29T16:11:16","slug":"opplysninger-til-vg-familien-fikk-trusselmelding","status":"publish","type":"post","link":"https:\/\/www.europesays.com\/no\/48275\/","title":{"rendered":"Opplysninger til VG: Familien fikk trusselmelding"},"content":{"rendered":"\n<ul class=\"_list_ew2ao_3 _list_64s2r_85 _unordered_ew2ao_99 text-sans-m\">\n<li class=\"_item_ew2ao_30\">En 24 \u00e5r gammel mann skal ha blitt bortf\u00f8rt fra Norge i taxi, if\u00f8lge VGs opplysninger.<\/li>\n<li class=\"_item_ew2ao_30\">Familien mottok en trusselmelding knyttet til den svenske gjengen Foxtrot og ble presset for 15-20 millioner kroner, if\u00f8lge VGs opplysninger.<\/li>\n<li class=\"_item_ew2ao_30\">Kort tid etter kastet to 13-\u00e5ringer en granat mot et lokale knyttet til familien.<\/li>\n<li class=\"_item_ew2ao_30\">De siktede i saken nekter straffskyld.<\/li>\n<\/ul>\n<p>Vis mer <\/p>\n<p class=\"_paragraph_ew2ao_4 _paragraph_xtcu6_10 layout-component text-serif-m layout-normal text-serif-m layout-padded\">I meldingen skal flere av familiemedlemmene til den 24 \u00e5r gamle mannen ha blitt navngitt og f\u00e5tt flere krav rettet mot seg, if\u00f8lge VGs opplysninger.<\/p>\n<p class=\"_paragraph_ew2ao_4 _paragraph_xtcu6_10 layout-component text-serif-m layout-normal text-serif-m layout-padded\">Dersom kravene ikke ble innfridd innen et angitt tidspunkt, skal avsenderen ha v\u00e6rt tydelig p\u00e5 at 24-\u00e5ringen risikerte \u00e5 miste livet.<\/p>\n<p class=\"_paragraph_ew2ao_4 _paragraph_xtcu6_10 layout-component text-serif-m layout-normal text-serif-m layout-padded\">Avsenderen av meldingen hevder selv \u00e5 v\u00e6re knyttet til den svenske gjengen Foxtrot, og skal ha v\u00e6rt tydelig p\u00e5 at politiets involvering i saken ikke vil hjelpe familien \u2013 snarere tvert i mot:<\/p>\n<p class=\"_paragraph_ew2ao_4 _paragraph_xtcu6_10 layout-component text-serif-m layout-normal text-serif-m layout-padded\">De kan ogs\u00e5 selv risikere konsekvenser.<\/p>\n<p class=\"_paragraph_ew2ao_4 _paragraph_xtcu6_10 layout-component text-serif-m layout-normal text-serif-m layout-padded\">Men.<\/p>\n<p class=\"_paragraph_ew2ao_4 _paragraph_xtcu6_10 layout-component text-serif-m layout-normal text-serif-m layout-padded\">Avsenderen skisserer ogs\u00e5 l\u00f8sninger p\u00e5 problemet, deriblant pengekrav, f\u00e5r VG opplyst.<\/p>\n<p class=\"_paragraph_ew2ao_4 _paragraph_xtcu6_10 layout-component text-serif-m layout-normal text-serif-m layout-padded\">Familien skal ha f\u00e5tt beskjed om at de m\u00e5 betale mellom 15 og 20 millioner norske kroner \u2013 og at de kan benytte seg av ulike typer betalingsmuligheter, som for eksempel kontanter og kryptovaluta.<\/p>\n<p class=\"_paragraph_ew2ao_4 _paragraph_xtcu6_10 layout-component text-serif-m layout-normal text-serif-m layout-padded\">Politiet \u00f8nsker ikke si noe om pengekravet:<\/p>\n<p class=\"_paragraph_ew2ao_4 _paragraph_xtcu6_10 layout-component text-serif-m layout-normal text-serif-m layout-padded\">\u2013 Vi kan ikke kommentere denne typen opplysninger av hensyn til den p\u00e5g\u00e5ende etterforskningen, sier politiadvokat Sonika Sharma-Sundheim til VG.<\/p>\n<p><img decoding=\"async\" alt=\"Bilde av Sonika Sharma-Sundheim\" class=\"_image_ygndg_42\" height=\"27\" itemprop=\"image\" loading=\"lazy\"  src=\"https:\/\/www.europesays.com\/no\/wp-content\/uploads\/2025\/09\/1f8685d4-fea2-45ca-be39-ebf9c98c4601\"  width=\"40\"\/><strong class=\"_name_ygndg_51 title-serif-xs\">Sonika Sharma-Sundheim<\/strong><\/p>\n<p class=\"_paragraph_ew2ao_4 text-sans-m _description_ygndg_56\">Politiadvokat i Oslo politidistrikt<\/p>\n<p>Granatangrepet<\/p>\n<p class=\"_paragraph_ew2ao_4 _paragraph_xtcu6_10 layout-component text-serif-m layout-normal text-serif-m layout-padded\">Noen dager etter at familien mottok trusselmeldingen skal to 13 \u00e5r gamle gutter ha tatt p\u00e5 seg et oppdrag om \u00e5 kaste en granat mot et n\u00e6ringslokale i Pilestredet i <a href=\"https:\/\/www.vg.no\/tag\/oslo?utm_source=vg-article&amp;utm_medium=auto-tagger&amp;utm_campaign=Gy481V\" class=\"_link_ew2ao_39\" rel=\"nofollow noopener\" target=\"_blank\">Oslo<\/a>, if\u00f8lge politiet.<\/p>\n<p class=\"_paragraph_ew2ao_4 _paragraph_xtcu6_10 layout-component text-serif-m layout-normal text-serif-m layout-padded\">Lokalet er knyttet til et familiemedlem av den forn\u00e6rmede 24-\u00e5ringen. Politiet jobber n\u00e5 intensivt for \u00e5 f\u00e5 kontroll p\u00e5 situasjonen og stoppe en videre eskalering. <\/p>\n<p class=\"_paragraph_ew2ao_4 _paragraph_xtcu6_10 layout-component text-serif-m layout-normal text-serif-m layout-padded\">\u2013 Vi gj\u00f8r de tiltak vi mener er n\u00f8dvendig i forhold til den trusselvurderingen som er i saken, sier Sharma-Sundheim.<\/p>\n<p>   Ny trusselsak<\/p>\n<p class=\"_paragraph_ew2ao_4 _paragraph_xtcu6_10 layout-component text-serif-m layout-normal text-serif-m layout-padded\">I kj\u00f8lvannet av trusselmeldingen har politiet f\u00e5tt informasjon i frihetsber\u00f8velsessaken.<\/p>\n<p class=\"_paragraph_ew2ao_4 _paragraph_xtcu6_10 layout-component text-serif-m layout-normal text-serif-m layout-padded\">\u2013 Det er kommet informasjon til politiet i saken om frihetsber\u00f8velse som har gjort at vi har opprettet en egen sak om trusler mot familien til forn\u00e6rmede. Det er ingen siktet i denne saken forel\u00f8pig, sier politiadvokat Sonika Sharma-Sundheim i Oslo politidistrikt til VG.<\/p>\n<p class=\"_paragraph_ew2ao_4 _paragraph_xtcu6_10 layout-component text-serif-m layout-normal text-serif-m layout-padded\">To personer ble varetektsfengslet i saken i forrige uke. Fredag ble en norsk statsborger internasjonalt etterlyst i forbindelse med bortf\u00f8ringssaken og l\u00f8rdag ble enda en mann fengslet i samme sak.<\/p>\n<p class=\"_paragraph_ew2ao_4 _paragraph_xtcu6_10 layout-component text-serif-m layout-normal text-serif-m layout-padded\">\u2013 Vi har innledet et samarbeid internasjonal og samarbeider godt i de kanalene vi mener er riktige, sier  Sonika Sharma-Sundheim.<\/p>\n<p class=\"_paragraph_ew2ao_4 _paragraph_xtcu6_10 layout-component text-serif-m layout-normal text-serif-m layout-padded\">Mandag formiddag bekrefter politiet at de p\u00e5grep en ny mann p\u00e5 l\u00f8rdag. Mannen i 20-\u00e5rene er siktet for medvirkning til befatning med eksplosiver, men ikke i tilknytning til hendelsen ved Pilestredet. <\/p>\n<p class=\"_paragraph_ew2ao_4 _paragraph_xtcu6_10 layout-component text-serif-m layout-normal text-serif-m layout-padded\">Mannens forsvarer sier til Aftenposten at han ikke erkjenner straffskyld.<\/p>\n<p class=\"_paragraph_ew2ao_4 _paragraph_xtcu6_10 layout-component text-serif-m layout-normal text-serif-m layout-padded\">Mannen er begj\u00e6rt varetektsfengslet i to uker. Fengslingsm\u00f8tet vil bli avholdt som kontorforretning, noe som betyr at forhandlingene gj\u00f8re skriftlig uten at partene m\u00f8ter fysisk i Oslo tingrett, opplyser politiet til VG.<\/p>\n<p>Nekter skyld<\/p>\n<p class=\"_paragraph_ew2ao_4 _paragraph_xtcu6_10 layout-component text-serif-m layout-normal text-serif-m layout-padded\">VG har v\u00e6rt i kontakt med forsvarerne til fire av de siktede mennene.<\/p>\n<p class=\"_paragraph_ew2ao_4 _paragraph_xtcu6_10 layout-component text-serif-m layout-normal text-serif-m layout-padded\">\u2013 Min klient nekter straffskyld og vil ikke forklare seg for politiet. Det gjenst\u00e5r virkelig \u00e5 se om det har skjedd en frihetsber\u00f8velse i saken. Min klient satt fengslet p\u00e5 flere av tidspunktene og hendelsene som VG beskriver, sier 28-\u00e5ringens forsvarer, advokat Nils Christian Nordhus, til VG.<\/p>\n<p class=\"_paragraph_ew2ao_4 _paragraph_xtcu6_10 layout-component text-serif-m layout-normal text-serif-m layout-padded\">De andre forsvarerne, advokatene Inam Ali, Bendik Falch-Koslung og Simen Stormyr, \u00f8nsker ikke \u00e5 kommentere saken.<\/p>\n<p class=\"_paragraph_ew2ao_4 _paragraph_xtcu6_10 layout-component text-serif-m layout-normal text-serif-m layout-padded\">Ingen av klientene deres erkjenner straffskyld for grov frihetsber\u00f8velse.<\/p>\n<p><img alt=\"EKSPLOSJON: Politiet mener m\u00e5let for granatangrepet var et n\u00e6ringslokale i Pilestredet i Oslo, et lokale som knyttes til et familiemedlem av den forn\u00e6rmede 24-\u00e5ringen som skal ha blitt bortf\u00f8rt.  Foto: Gabriel Aas Sk\u00e5levik \/ VG\" class=\"_image_qp4xg_65 layout-component layout-normal\" data-fullscreen- data-track-element-type=\"Article image fullscreen\" data-track-name=\"ImageFullscreen\" decoding=\"async\" loading=\"lazy\" height=\"2859\" itemprop=\"image\"  src=\"https:\/\/www.europesays.com\/no\/wp-content\/uploads\/2025\/09\/1759162274_16_3e002686-aef4-40af-8fb7-998f42ec512a\"  style=\"object-position:55.840522266262525% 50.76949982511367%\" width=\"4289\"\/>EKSPLOSJON: Politiet mener m\u00e5let for granatangrepet var et n\u00e6ringslokale i Pilestredet i Oslo, et lokale som knyttes til et familiemedlem av den forn\u00e6rmede 24-\u00e5ringen som skal ha blitt bortf\u00f8rt.  Foto: Gabriel Aas Sk\u00e5levik \/ VG<\/p>\n<p class=\"_paragraph_ew2ao_4 _paragraph_xtcu6_10 layout-component text-serif-m layout-normal text-serif-m layout-padded\">VG har ogs\u00e5 v\u00e6rt i kontakt med advokat Stian M\u00e6land, som er bistandsadvokat for familiemedlemmet som knyttes til lokalet i Pilestredet. Han \u00f8nsker heller ikke \u00e5 kommentere saken.<\/p>\n<p class=\"_paragraph_ew2ao_4 _paragraph_xtcu6_10 layout-component text-serif-m layout-normal text-serif-m layout-padded\">VG har v\u00e6rt i kontakt med bistandsadvokaten til den forn\u00e6rmede 24-\u00e5ringen, advokat Espen Wangberg. Han \u00f8nsker ikke \u00e5 kommentere saken.<\/p>\n<p>       <img decoding=\"async\" alt=\"Tips oss illustrasjon\" width=\"62px\" height=\"auto\" src=\"https:\/\/www.europesays.com\/no\/wp-content\/uploads\/2025\/08\/1754784428_95_W9avJzE.png\"\/>    <\/p>\n<p class=\"title-serif-s\">Har du tips til oss?<\/p>\n<p class=\"text-sans-m\">Send oss informasjon, bilder eller video<\/p>\n<p>  <a href=\"https:\/\/www.vg.no\/tips-oss\" rel=\"nofollow noopener\" target=\"_blank\"> Tips oss <\/a>      <\/p>\n","protected":false},"excerpt":{"rendered":"En 24 \u00e5r gammel mann skal ha blitt bortf\u00f8rt fra Norge i taxi, if\u00f8lge VGs opplysninger. Familien mottok&hellip;\n","protected":false},"author":2,"featured_media":48276,"comment_status":"","ping_status":"","sticky":false,"template":"","format":"standard","meta":{"footnotes":""},"categories":[10],"tags":[20,21,24,25,15,22,23,13,30,28,29,14,636,16,26,27,3739],"class_list":{"0":"post-48275","1":"post","2":"type-post","3":"status-publish","4":"format-standard","5":"has-post-thumbnail","7":"category-norge","8":"tag-breaking-news","9":"tag-breakingnews","10":"tag-featured-news","11":"tag-featurednews","12":"tag-headlines","13":"tag-latest-news","14":"tag-latestnews","15":"tag-news","16":"tag-no","17":"tag-norge","18":"tag-norway","19":"tag-nyheter","20":"tag-oslo","21":"tag-overskrifter","22":"tag-top-stories","23":"tag-topstories","24":"tag-vgkrimgruppa"},"share_on_mastodon":{"url":"","error":""},"_links":{"self":[{"href":"https:\/\/www.europesays.com\/no\/wp-json\/wp\/v2\/posts\/48275","targetHints":{"allow":["GET"]}}],"collection":[{"href":"https:\/\/www.europesays.com\/no\/wp-json\/wp\/v2\/posts"}],"about":[{"href":"https:\/\/www.europesays.com\/no\/wp-json\/wp\/v2\/types\/post"}],"author":[{"embeddable":true,"href":"https:\/\/www.europesays.com\/no\/wp-json\/wp\/v2\/users\/2"}],"replies":[{"embeddable":true,"href":"https:\/\/www.europesays.com\/no\/wp-json\/wp\/v2\/comments?post=48275"}],"version-history":[{"count":0,"href":"https:\/\/www.europesays.com\/no\/wp-json\/wp\/v2\/posts\/48275\/revisions"}],"wp:featuredmedia":[{"embeddable":true,"href":"https:\/\/www.europesays.com\/no\/wp-json\/wp\/v2\/media\/48276"}],"wp:attachment":[{"href":"https:\/\/www.europesays.com\/no\/wp-json\/wp\/v2\/media?parent=48275"}],"wp:term":[{"taxonomy":"category","embeddable":true,"href":"https:\/\/www.europesays.com\/no\/wp-json\/wp\/v2\/categories?post=48275"},{"taxonomy":"post_tag","embeddable":true,"href":"https:\/\/www.europesays.com\/no\/wp-json\/wp\/v2\/tags?post=48275"}],"curies":[{"name":"wp","href":"https:\/\/api.w.org\/{rel}","templated":true}]}}