{"id":48316,"date":"2025-09-29T16:53:13","date_gmt":"2025-09-29T16:53:13","guid":{"rendered":"https:\/\/www.europesays.com\/no\/48316\/"},"modified":"2025-09-29T16:53:13","modified_gmt":"2025-09-29T16:53:13","slug":"henrik-christiansens-kjaereste-sanne-sofie-andersen-ble-alvorlig-syk-med-sepsis-i-thailand","status":"publish","type":"post","link":"https:\/\/www.europesays.com\/no\/48316\/","title":{"rendered":"Henrik Christiansens kj\u00e6reste Sanne Sofie Andersen ble alvorlig syk med sepsis i Thailand"},"content":{"rendered":"<p class=\"kicker \" style=\"\">Sanne Sofie Andersen:<\/p>\n<p>  Livet ble snudd p\u00e5 hodet for samboeren til OL-stjerna. N\u00e5 deler hun \u00e5penhjertig om det hun beskriver som\u00a0\u00abmitt eget personlige helvete\u00bb.<\/p>\n<p>\n    ST\u00d8TTESPILLER: Kj\u00e6resteparet Henrik Christiansen og Sanne Sofie Andersen har st\u00e5tt ved hverandres side i en \u00e5rrekke. Foto: Andreas Fadum\/Se og H\u00f8r.\n  <\/p>\n<p>    Kort fortalt<\/p>\n<ul lang=\"nb-NO\">\n<li>Henrik Christiansen, kjent som \u00abThe Muffin Man\u00bb, fikk internasjonal oppmerksomhet etter sommer-OL.<\/li>\n<li>Kj\u00e6resten Sanne Sofie Andersen ble alvorlig syk etter en Thailand-tur, og m\u00e5tte kjempe for livet p\u00e5 sykehus.<\/li>\n<li>Hun opplevde septisk sjokk og ble diagnostisert med perikarditt, men er n\u00e5 p\u00e5 bedringens vei.<\/li>\n<li>Andersen uttrykker takknemlighet for st\u00f8tten fra Henrik, familie og venner gjennom den t\u00f8ffe tiden.<\/li>\n<\/ul>\n<p class=\"italic ai-disclaimer\" data-lab-italic=\"italic\">Sammendraget er laget av ChatGPT og godkjent av Dagbladet.<\/p>\n<p>      Vis mer<br \/>\n      Vis mindre<\/p>\n<p>I fjor sommer var sv\u00f8mmer Henrik Christiansen (28) \u00e9n av tre nordmenn som representerte Norge under sommer-OL. Her gjorde han ogs\u00e5 stor suksess utenfor bassenget da han fikk internasjonal oppmerksomhet som \u00abThe Muffin Man\u00bb p\u00e5 sosiale medier.\u00a0<\/p>\n<p> 28-\u00e5ringen ble kjent over natta ogs\u00e5 for \u00abikke-sportsidioter\u00bb, og i tida etter var det flere som fikk \u00f8ynene opp for sv\u00f8mmeren, som for f\u00f8rste gang fikk anledningen til \u00e5 delta p\u00e5 fjor\u00e5rets ELLE-galla.<\/p>\n<p>    <a itemprop=\"url\" href=\"https:\/\/www.dagbladet.no\/kjendis\/hinter-om-ring-er-oss-to\/82203727\" rel=\"nofollow noopener\" target=\"_blank\"><\/p>\n<p>      <img loading=\"lazy\" decoding=\"async\" src=\"https:\/\/www.europesays.com\/no\/wp-content\/uploads\/2025\/09\/82204313.webp\" width=\"147\" height=\"98\" title=\"Hinter om ring: - Er oss to\" alt=\"\" class=\"lazyload\" style=\"--aspect-ratio-image: 1.50; \"\/><\/p>\n<p>        Hinter om ring: &#8211; Er oss to<\/p>\n<p>    <\/a><\/p>\n<p>&#8211; Det er jo ganske uvirkelig. Jeg hadde bare lyst \u00e5 publisere noen morsomme videoer, men det er ingen som kan forutse noe s\u00e5 stort som det ble. Men jeg har hatt det utrolig g\u00f8y med det, fortalte han til Dagbladet den gang.\u00a0<\/p>\n<p>Med seg p\u00e5 det store eventyret har han hatt kj\u00e6resten og samboeren Sanne Sofie Andersen (26), som har st\u00e5tt p\u00e5 sidelinja og heiet.<\/p>\n<p>          <img loading=\"lazy\" decoding=\"async\" src=\"https:\/\/www.europesays.com\/no\/wp-content\/uploads\/2025\/09\/1759164790_741_83646740.webp\" width=\"686\" height=\"995\" title=\"KJENDISFEST: OL-stjerna tok med kj\u00e6resten Sanne Sofie Andersen p\u00e5 ELLE-gallaen. Foto: Andreas Fadum\/Se og H\u00f8r\" alt=\"\" class=\"\" style=\"--aspect-ratio-image: 0.69; \"\/><\/p>\n<p>\n          KJENDISFEST: OL-stjerna tok med kj\u00e6resten Sanne Sofie Andersen p\u00e5 ELLE-gallaen. Foto: Andreas Fadum\/Se og H\u00f8r\n      <\/p>\n<p>Paret har v\u00e6rt kj\u00e6rester i fire \u00e5r, og 26-\u00e5ringen legger ikke skjul p\u00e5 at sv\u00f8mmeren ble en ekstra viktig st\u00f8ttespiller da hun for et \u00e5r siden ble alvorlig syk. Det kommer fram i et ferskt Instagram-innlegg.<\/p>\n<p> \u00abDet kunne godt ha hendt at jeg ikke hadde v\u00e6rt her i dag, s\u00e5 etter \u00e5 ha f\u00e5tt livet i gave for andre gang har jeg l\u00e6rt meg \u00e5 sette pris p\u00e5 hva jeg har og de jeg har rundt meg p\u00e5 en helt annen m\u00e5te. Jeg har virkelig verdens beste st\u00f8tteapparat i Henrik, familie og venner\u00bb, forteller Andersen i et innlegg, delt p\u00e5 Instagram i anledning sepsis awareness month.\u00a0<\/p>\n<p>    <a itemprop=\"url\" href=\"https:\/\/www.dagbladet.no\/kjendis\/ser-opp-til-dem\/83643502\" rel=\"nofollow noopener\" target=\"_blank\"><\/p>\n<p>      <img loading=\"lazy\" decoding=\"async\" src=\"https:\/\/www.europesays.com\/no\/wp-content\/uploads\/2025\/09\/83641371.webp\" width=\"980\" height=\"441\" title=\"- Ser opp til dem\" alt=\"\" class=\"lazyload\" style=\"--aspect-ratio-image: 2.22; \"\/><\/p>\n<p>        &#8211; Ser opp til dem<\/p>\n<p>    <\/a><\/p>\n<p>Livskritisk tilstand\t<\/p>\n<p>En ferietur til Thailand i desember 2024 ble starten p\u00e5 en lang kamp for 26-\u00e5ringen. To dager f\u00f8r julaften ble Andersen hastet til sykehuset etter \u00e5 ha pustet inn sj\u00f8vann som inneholdt bakterien Streptococcus anginosus.\u00a0<\/p>\n<p>\u00abVi ankommer sykehuset i Thailand 22. desember, og jeg blir lagt rett i kunstig koma. P\u00e5 dette tidspunktet har jeg 644 i CRP (ja, vilt h\u00f8yt til dere som har kontroll p\u00e5 den slags), og jeg er i livskritisk tilstand\u00bb\u00a0<\/p>\n<p> If\u00f8lge Andersen dannet det seg store pusslommer som gjorde at hjertet hennes ble flyttet over til h\u00f8yre side av kroppen, og seinere samme natt fikk hun et\u00a0septisk sjokk der nyrene sluttet \u00e5 fungere.\u00a0<\/p>\n<p class=\"font-weight-bold m-font-weight-bold\" data-lab-font_weight=\"font-weight-bold\">Familien fikk derfor beskjed av sykehuset om \u00e5 sette seg p\u00e5 f\u00f8rste fly til Thailand.\u00a0<\/p>\n<p>    Sepsis og septisk sjokk<\/p>\n<p> Sepsis eller blodforgiftning, er en livstruende klinisk tilstand med\u00a0organsvikt\u00a0for\u00e5rsaket av kroppens respons p\u00e5 en infeksjon. Sepsis er et syndrom som p\u00e5virker mange fysiologiske funksjoner i kroppen. Sepsis har varierende alvorlighetsgrad, og utvikling av septisk sjokk\u00a0kan f\u00f8re til flerorgansvikt og d\u00f8d. <\/p>\n<p> Septisk sjokk er en alvorlig, akutt tilstand hvor kroppens blodforsyning er utilstrekkelig til \u00e5 m\u00f8te cellenes behov hos en pasient med sepsis. Septisk sjokk er en type akutt sirkulasjonssvikt.<\/p>\n<p> Historisk sett har d\u00f8deligheten ved septisk sjokk variert mellom 20 og 50 prosent i ulike studier, men dette kan ikke uten videre overf\u00f8res til risikoen den enkelte pasient med septisk sjokk har. Det er mange faktorer som p\u00e5virker d\u00f8delighet ved septisk sjokk, blant annet alder, sykdomsbyrde, type mikroorganisme og om det er som f\u00f8lge av et kirurgisk inngrep. <\/p>\n<p class=\"italic m-italic\" data-lab-italic=\"italic\">Kilde: snl.no<\/p>\n<p>      Vis mer<br \/>\n      Vis mindre<\/p>\n<p>Etter en uke i koma og seinere en vellykket operasjon, ble Andersen tatt av respiratoren og ekstubert, og hun begynte endelig \u00e5 se lyset i enden av tunnelen. De p\u00e5f\u00f8lgende ukene skulle derimot bli en ny pr\u00f8velse, der hun m\u00e5tte l\u00e6re seg \u00e5 puste p\u00e5 egen h\u00e5nd og bygge opp kroppen fra bunnen av.\u00a0<\/p>\n<p>    <a itemprop=\"url\" href=\"https:\/\/www.dagbladet.no\/kjendis\/ville-gjore-eksen-min-sjalu\/83638294\" rel=\"nofollow noopener\" target=\"_blank\"><\/p>\n<p>      <img loading=\"lazy\" decoding=\"async\" src=\"https:\/\/www.europesays.com\/no\/wp-content\/uploads\/2025\/09\/83637033.webp\" width=\"980\" height=\"441\" title=\"- Ville gj\u00f8re eksen min sjalu\" alt=\"\" class=\"lazyload\" style=\"--aspect-ratio-image: 2.22; \"\/><\/p>\n<p>        &#8211; Ville gj\u00f8re eksen min sjalu<\/p>\n<p>    <\/a><\/p>\n<p>\u00ab\u00c5 v\u00e6re intubert og v\u00e5ken var de verste d\u00f8gnene i mitt liv, og jeg f\u00f8ler jeg har levd gjennom mitt eget personlige helvete. Jeg har aldri f\u00f8lt meg s\u00e5 fanget i min egen kropp f\u00f8r som da jeg l\u00e5 med et stort r\u00f8r ned i halsen og ikke kunne snakke, samt at hendene mine var bundet fast i sengen da jeg var v\u00e5ken.\u00bb<\/p>\n<p>Fikk livet i gave\t<\/p>\n<p>Etter hvert ble Andersen fraktet hjem til Norge, til tross for en bl\u00f8dning i operasjonss\u00e5ret. Herfra ble hun hastet til Ullev\u00e5l sykehus der infeksjonen i lungene viste seg \u00e5 ha blitt forverret, og hun ble v\u00e6rende p\u00e5 sykehuset i over to uker f\u00f8r hun ble skrevet ut i starten av februar.\u00a0<\/p>\n<p>        DUO: J\u00f8rgine Massa Vasstrand og Isak Dreyer \u00e5pner seg om programledersamarbeidet og den brutale sesongen. Video: NRK\/ R\u00f8d L\u00f8per\/ Lone Heimdal Gunnerud\/ Sanne Holt<\/p>\n<p>\u00abDe 6,5 ukene jeg tilbrakte p\u00e5 sykehus var de vanskeligste ukene jeg har kjempet meg igjennom, b\u00e5de fysisk og psykisk. Det var en kamp \u00e5 forst\u00e5 hva jeg har gjort for \u00e5 fortjene \u00e5 st\u00e5 i den situasjonen, og jeg har trengt mye hjelp for \u00e5 forst\u00e5 at det ikke var min feil.\u00bb<\/p>\n<p>I mai ble hun som f\u00f8lge av infeksjonen diagnostisert med den autoimmune sykdommen perikarditt, og store deler av sommeren ble tilbrakt p\u00e5 sykehuset.\u00a0<\/p>\n<p>    <a itemprop=\"url\" href=\"https:\/\/www.dagbladet.no\/kjendis\/skikkelig-trist\/83639460\" rel=\"nofollow noopener\" target=\"_blank\"><\/p>\n<p>      <img loading=\"lazy\" decoding=\"async\" src=\"https:\/\/www.europesays.com\/no\/wp-content\/uploads\/2025\/09\/1759164793_321_83639451.webp\" width=\"980\" height=\"441\" title=\"- Skikkelig trist\" alt=\"\" class=\"lazyload\" style=\"--aspect-ratio-image: 2.22; \"\/><\/p>\n<p>        &#8211; Skikkelig trist<\/p>\n<p>    <\/a><\/p>\n<p class=\"font-weight-bold m-font-weight-bold\" data-lab-font_weight=\"font-weight-bold\">Denne m\u00e5neden ble hun derimot tatt av hjertemedisinen, og kunne gledelig r\u00f8pe at hun er blitt pillefri.\u00a0<\/p>\n<p>Til Dagbladet forteller Andersen at hun fortsatt er sykmeldt og jobber tett med legene for \u00e5 komme tilbake i toppform. Hun \u00f8nsker ikke \u00e5 kommentere saken ytterligere, men er kjent med at Dagbladet omtaler Instagram-innlegget.<\/p>\n<p>Avslutningsvis i innlegget understreker hun at hun har mye \u00e5 v\u00e6re takknemlig for, og deler samtidig bilder sammen med de hun er ekstra glad i.\u00a0<\/p>\n<p>        T\u00c5RER: Det blir en t\u00f8ff start p\u00e5 \u00ab71 grader nord kjendis\u00bb-eventyret for Ingrid Gjessing Linhave. Video: TV Norge\/ Thea Hope\/ R\u00f8d L\u00f8per<\/p>\n<p>\u00abDet er fint \u00e5 se tilbake p\u00e5 den f\u00f8rste gangen jeg fikk klemme familien min igjen, og ligge i armkroken til Henrik. F\u00f8rste natten i min egen seng, \u00e5 kj\u00f8re bil igjen, \u00e5 dra i bursdager til venner og feire livet, dra p\u00e5 fjellet, og kanskje viktigst av alt s\u00e5 hadde vi nok ikke f\u00e5tt livets fineste gave i lille Chili hadde ikke dette skjedd\u00bb<\/p>\n","protected":false},"excerpt":{"rendered":"Sanne Sofie Andersen: Livet ble snudd p\u00e5 hodet for samboeren til OL-stjerna. N\u00e5 deler hun \u00e5penhjertig om det&hellip;\n","protected":false},"author":2,"featured_media":48317,"comment_status":"","ping_status":"","sticky":false,"template":"","format":"standard","meta":{"footnotes":""},"categories":[10],"tags":[20,21,24,25,15,1026,479,22,23,13,30,28,29,14,16,7186,7187,1185,26,27],"class_list":{"0":"post-48316","1":"post","2":"type-post","3":"status-publish","4":"format-standard","5":"has-post-thumbnail","7":"category-norge","8":"tag-breaking-news","9":"tag-breakingnews","10":"tag-featured-news","11":"tag-featurednews","12":"tag-headlines","13":"tag-henrik-christiansen","14":"tag-kjendis","15":"tag-latest-news","16":"tag-latestnews","17":"tag-news","18":"tag-no","19":"tag-norge","20":"tag-norway","21":"tag-nyheter","22":"tag-overskrifter","23":"tag-sanne-andersen","24":"tag-sepsis","25":"tag-sykdom","26":"tag-top-stories","27":"tag-topstories"},"share_on_mastodon":{"url":"","error":""},"_links":{"self":[{"href":"https:\/\/www.europesays.com\/no\/wp-json\/wp\/v2\/posts\/48316","targetHints":{"allow":["GET"]}}],"collection":[{"href":"https:\/\/www.europesays.com\/no\/wp-json\/wp\/v2\/posts"}],"about":[{"href":"https:\/\/www.europesays.com\/no\/wp-json\/wp\/v2\/types\/post"}],"author":[{"embeddable":true,"href":"https:\/\/www.europesays.com\/no\/wp-json\/wp\/v2\/users\/2"}],"replies":[{"embeddable":true,"href":"https:\/\/www.europesays.com\/no\/wp-json\/wp\/v2\/comments?post=48316"}],"version-history":[{"count":0,"href":"https:\/\/www.europesays.com\/no\/wp-json\/wp\/v2\/posts\/48316\/revisions"}],"wp:featuredmedia":[{"embeddable":true,"href":"https:\/\/www.europesays.com\/no\/wp-json\/wp\/v2\/media\/48317"}],"wp:attachment":[{"href":"https:\/\/www.europesays.com\/no\/wp-json\/wp\/v2\/media?parent=48316"}],"wp:term":[{"taxonomy":"category","embeddable":true,"href":"https:\/\/www.europesays.com\/no\/wp-json\/wp\/v2\/categories?post=48316"},{"taxonomy":"post_tag","embeddable":true,"href":"https:\/\/www.europesays.com\/no\/wp-json\/wp\/v2\/tags?post=48316"}],"curies":[{"name":"wp","href":"https:\/\/api.w.org\/{rel}","templated":true}]}}