{"id":48410,"date":"2025-09-29T18:39:08","date_gmt":"2025-09-29T18:39:08","guid":{"rendered":"https:\/\/www.europesays.com\/no\/48410\/"},"modified":"2025-09-29T18:39:08","modified_gmt":"2025-09-29T18:39:08","slug":"redningsselskapet-vil-dekke-begravelsen-til-adrian","status":"publish","type":"post","link":"https:\/\/www.europesays.com\/no\/48410\/","title":{"rendered":"Redningsselskapet vil dekke begravelsen til Adrian"},"content":{"rendered":"\n<p class=\"_paragraph_ew2ao_4 _paragraph_xtcu6_10 layout-component text-serif-m layout-normal text-serif-m layout-padded\">\u2013 Vi vil rette en stor og varm takk til alle som har st\u00f8ttet opp i forbindelse med bortgangen til Adrian. Vi kommer til \u00e5 opprette en dialog med Adrians familie der vi tilbyr oss \u00e5 dekke utgiftene til begravelsen, sier pressevakt Markus Plementas i <a href=\"https:\/\/www.vg.no\/tag\/redningsselskapet?utm_source=vg-article&amp;utm_medium=auto-tagger&amp;utm_campaign=OowAQA\" class=\"_link_ew2ao_39\" rel=\"nofollow noopener\" target=\"_blank\">Redningsselskapet<\/a> til VG. <\/p>\n<p class=\"_paragraph_ew2ao_4 _paragraph_xtcu6_10 layout-component text-serif-m layout-normal text-serif-m layout-padded\">\u2013 Vi vil selvsagt v\u00e6re til stede for \u00e5 hedre hans minne, sier Plementas. <\/p>\n<p class=\"_paragraph_ew2ao_4 _paragraph_xtcu6_10 layout-component text-serif-m layout-normal text-serif-m layout-padded\">Brask var p\u00e5 oppdrag for Redningsselskapet i forbindelse med at en b\u00e5t kantret i Nappstraumen i Lofoten da han omkom fredag. <\/p>\n<p class=\"_paragraph_ew2ao_4 _paragraph_xtcu6_10 layout-component text-serif-m layout-normal text-serif-m layout-padded\"><strong class=\"_strong_ew2ao_25\">\u2013\u00a0Adrian d\u00f8de mens han gjorde det viktigste man kan gj\u00f8re, sa generalsekret\u00e6r i Redningsselskapet, Grete Herlofsson l\u00f8rdag formiddag. <\/strong><\/p>\n<p class=\"_paragraph_ew2ao_4 _paragraph_xtcu6_10 layout-component text-serif-m layout-normal text-serif-m layout-padded\">Ulykken blir beskrevet som den m\u00f8rkeste dagen p\u00e5 over 100 \u00e5r i Redningsselskapets historie. <\/p>\n<p class=\"_paragraph_ew2ao_4 _paragraph_xtcu6_10 layout-component text-serif-m layout-normal text-serif-m layout-padded\">Den svenske 11-\u00e5ringen Ebba Torstenson ble meldt savnet etter b\u00e5tkantringen. Hun ble senere funnet omkommet. <\/p>\n<p class=\"_paragraph_ew2ao_4 _paragraph_xtcu6_10 layout-component text-serif-m layout-normal text-serif-m layout-padded\">\u2013 I anledning Adrians bortgang har vi i Redningsselskapet opprettet en spleis der pengene uavkortet g\u00e5r til Adrians kone og hans tre \u00e5r gamle datter, som n\u00e5 m\u00e5 leve videre uten sin mann og pappa, sier Plementas.<\/p>\n<p class=\"_paragraph_ew2ao_4 _paragraph_xtcu6_10 layout-component text-serif-m layout-normal text-serif-m layout-padded\">\u00abAdrian var en mild kjempe. Rolig, raus og alltid klar til \u00e5 hjelpe. Han satte andre foran seg selv, og \u00f8nsket alltid \u00e5 gj\u00f8re en forskjell. Han etterlater seg dyp sorg, men ogs\u00e5 varme minner hos alle som kjente ham\u00bb, skriver Redningsselskapet i Spleisen.<\/p>\n<p class=\"_paragraph_ew2ao_4 _paragraph_xtcu6_10 layout-component text-serif-m layout-normal text-serif-m layout-padded\">Ogs\u00e5 Skjeggmenn har opprettet en spleis til minne om Adrian Willyson Brask. <\/p>\n<p class=\"_paragraph_ew2ao_4 _paragraph_xtcu6_10 layout-component text-serif-m layout-normal text-serif-m layout-padded\">\u2013 \u00a0Om du velger \u00e5 gi din omtanke via v\u00e5r Spleis eller den andre spleisen betyr ingenting for oss, da dette kun handler om Adrians kone og datter, sier Plementas i Redningsselskapet. <\/p>\n<p class=\"_paragraph_ew2ao_4 _paragraph_xtcu6_10 layout-component text-serif-m layout-normal text-serif-m layout-padded\">I en pressemelding mandag opplyser politiet at det er besluttet obduksjon av Brask og den 11 \u00e5r gamle jenta som ble funnet d\u00f8d. <\/p>\n<p class=\"_paragraph_ew2ao_4 _paragraph_xtcu6_10 layout-component text-serif-m layout-normal text-serif-m layout-padded\">Statens Havarikommisjon er varslet og har gjort innledende unders\u00f8kelser. Politiet har ogs\u00e5 gjort krimtekniske unders\u00f8kelser.<\/p>\n<p class=\"_paragraph_ew2ao_4 _paragraph_xtcu6_10 layout-component text-serif-m layout-normal text-serif-m layout-padded\">De understreker at det er for tidlig \u00e5 si noe om hvorfor Brask omkom under redningsoppdraget. <\/p>\n<p class=\"_paragraph_ew2ao_4 _paragraph_xtcu6_10 layout-component text-serif-m layout-normal text-serif-m layout-padded\"><strong class=\"_strong_ew2ao_25\">\u2013 Mannen var en habil dykker. Jeg skj\u00f8nner ikke hvordan det kan ha skjedd, sier Andreas Brandvoll.<\/strong><\/p>\n<p class=\"_paragraph_ew2ao_4 _paragraph_xtcu6_10 layout-component text-serif-m layout-normal text-serif-m layout-padded\">Han er grunnlegger av Plast PiratenePlast PirateneEn veldedig organisasjon som blant annet jobber for minimere plast i naturen. Det er flere dykkere som er aktive i organisasjonen. . Brask var aktiv i organisasjonen. <\/p>\n<p class=\"_paragraph_ew2ao_4 _paragraph_xtcu6_10 layout-component text-serif-m layout-normal text-serif-m layout-padded\">\u2013 For det f\u00f8rste var han en j\u00e6vlig morsom fyr og folk lo s\u00e5 de skrek. Han kunne lese et rom veldig godt, og hadde gode sosiale antenner, minnes Brandvoll.<\/p>\n<p class=\"_paragraph_ew2ao_4 _paragraph_xtcu6_10 layout-component text-serif-m layout-normal text-serif-m layout-padded\">\u2013 Han s\u00e5 de som hadde det tungt og var veldig flink til \u00e5 se mennesker. <\/p>\n<p class=\"_paragraph_ew2ao_4 _paragraph_xtcu6_10 layout-component text-serif-m layout-normal text-serif-m layout-padded\">Det var etter en b\u00e5t kantret i Lofoten p\u00e5 fredag at Adrian ble sendt ut av Redningsselskapet som dykker, for \u00e5 gj\u00f8re s\u00f8k i vannet. <\/p>\n<p class=\"_paragraph_ew2ao_4 _paragraph_xtcu6_10 layout-component text-serif-m layout-normal text-serif-m layout-padded\">Han jobbet ogs\u00e5 som frivillig i R\u00f8de Kors, og var aktiv som Skjeggnisse.<\/p>\n<p class=\"_paragraph_ew2ao_4 _paragraph_xtcu6_10 layout-component text-serif-m layout-normal text-serif-m layout-padded\">Det er et par m\u00e5neder siden Brandvoll sist m\u00f8tte kompisen. Han husker stemningen som veldig god. <\/p>\n<p class=\"_paragraph_ew2ao_4 _paragraph_xtcu6_10 layout-component text-serif-m layout-normal text-serif-m layout-padded\">\u2013 Han var et fantastisk menneske. <\/p>\n<p class=\"_paragraph_ew2ao_4 _paragraph_xtcu6_10 layout-component text-serif-m layout-normal text-serif-m layout-padded\">I 2023 delte Adrian noen ord om kompisen p\u00e5 Facebook, etter at Brandvoll <a href=\"https:\/\/www.vg.no\/nyheter\/i\/zE2KV1\/hoerte-skrik-fra-vannet-og-saa-bilen-synke-jeg-handlet-paa-instinkt\" data-track-element-type=\"Link\" data-track-id=\"link:zE2KV1\" class=\"_link_ew2ao_39\" rel=\"nofollow noopener\" target=\"_blank\">trolig reddet et liv:<\/a><\/p>\n<p><img alt=\"Foto: Privat\" class=\"_image_qp4xg_65 layout-component layout-normal\" data-fullscreen- data-track-element-type=\"Article image fullscreen\" data-track-name=\"ImageFullscreen\" decoding=\"async\" loading=\"lazy\" height=\"879\" itemprop=\"image\"  src=\"https:\/\/www.europesays.com\/no\/wp-content\/uploads\/2025\/09\/6d3d8d2f-ae27-4d25-97e1-6b216a303d5f\"  style=\"object-position:0% 0%\" width=\"746\"\/>Foto: Privat<\/p>\n<p class=\"_paragraph_ew2ao_4 _paragraph_xtcu6_10 layout-component text-serif-m layout-normal text-serif-m layout-padded\">\u2013 N\u00e5 skulle jeg \u00f8nske at jeg kunne si det til ham. Jeg skulle \u00f8nske jeg kunne si til ham at det var godt jobbet, men det f\u00e5r jeg ikke sagt ansikt til ansikt. <\/p>\n<p>Slik skjedde ulykken if\u00f8lge Redningsselskapet <\/p>\n<p class=\"_paragraph_ew2ao_4 _paragraph_xtcu6_10 _paragraph_16v91_10 layout-component text-serif-m layout-normal text-sans-m layout-padded\">12.49 mottar Hovedredningssentralen i Nord-Norge melding om fart\u00f8y som har kantret i Nappstraumen med syv mennesker ombord.<\/p>\n<p class=\"_paragraph_ew2ao_4 _paragraph_xtcu6_10 _paragraph_16v91_10 layout-component text-serif-m layout-normal text-sans-m layout-padded\">12.55 ankommer et redningshelikopter fra 330-skvadronen, som allerede var i omr\u00e5det, havaristen.<\/p>\n<p class=\"_paragraph_ew2ao_4 _paragraph_xtcu6_10 _paragraph_16v91_10 layout-component text-serif-m layout-normal text-sans-m layout-padded\">12.57 blir redningssk\u00f8yten \u00abDet Norske Veritas\u00bb rekvirert. Sk\u00f8yten har dykker ombord.<\/p>\n<p class=\"_paragraph_ew2ao_4 _paragraph_xtcu6_10 _paragraph_16v91_10 layout-component text-serif-m layout-normal text-sans-m layout-padded\">13.15 ankommer redningssk\u00f8yten havaristen. Dykker Adrian Willisson Brask g\u00e5r umiddelbart i vannet for \u00e5 s\u00f8ke gjennom b\u00e5ten.<\/p>\n<p class=\"_paragraph_ew2ao_4 _paragraph_xtcu6_10 _paragraph_16v91_10 layout-component text-serif-m layout-normal text-sans-m layout-padded\">Deretter er hendelsesforl\u00f8pet noe uklart, men det blir satt i gang hjerte-lunge-redning straks dykkeren er ombord i redningssk\u00f8yten igjen.<\/p>\n<p class=\"_paragraph_ew2ao_4 _paragraph_xtcu6_10 _paragraph_16v91_10 layout-component text-serif-m layout-normal text-sans-m layout-padded\">13.32 meldes det over samband at han er l\u00f8ftet opp i redningshelikopteret.<\/p>\n<p class=\"_paragraph_ew2ao_4 _paragraph_xtcu6_10 _paragraph_16v91_10 layout-component text-serif-m layout-normal text-sans-m layout-padded\">13.47 setter Redningsselskapet krisestab.<\/p>\n<p class=\"_paragraph_ew2ao_4 _paragraph_xtcu6_10 _paragraph_16v91_10 layout-component text-serif-m layout-normal text-sans-m layout-padded\">14.10 Dykker p\u00e5 RS 138 \u00abSundt Flyer\u00bb i Svolv\u00e6r hentes med Luftambulanse som var p\u00e5 vei til havaristen.<\/p>\n<p class=\"_paragraph_ew2ao_4 _paragraph_xtcu6_10 _paragraph_16v91_10 layout-component text-serif-m layout-normal text-sans-m layout-padded\">15.00 Redningsselskapets dykker fra RS 138 \u00abSundt Flyer\u00bb er p\u00e5 plass, sammen med to dykkere fra Kystvakten.<\/p>\n<p class=\"_paragraph_ew2ao_4 _paragraph_xtcu6_10 _paragraph_16v91_10 layout-component text-serif-m layout-normal text-sans-m layout-padded\">15:23 Redningsselskapets dykker g\u00e5r i vannet og bekrefter etter kort tid at den savnede ikke var inne i havaristen. Dette endrer fokuset i redningsoperasjonen og Hovedredningssentralen rekvirerer mer ressurser for strand- og sektors\u00f8k.<\/p>\n<p class=\"_paragraph_ew2ao_4 _paragraph_xtcu6_10 _paragraph_16v91_10 layout-component text-serif-m layout-normal text-sans-m layout-padded\">15.40 RS 125 \u00abDet Norske Veritas\u00bb avslutter oppdraget og seiler tilbake mot Ballstad.<\/p>\n<p class=\"_paragraph_ew2ao_4 _paragraph_xtcu6_10 _paragraph_16v91_10 layout-component text-serif-m layout-normal text-sans-m layout-padded\">16.26 Redningssk\u00f8yten RS 136 \u00abHalvdan Grieg\u00bb p\u00e5 Myre blir rekvirert, g\u00e5r mot s\u00f8keomr\u00e5det og var aktive i s\u00f8ket til rundt midnatt og startet igjen i dag tidlig.<\/p>\n<p class=\"_paragraph_ew2ao_4 _paragraph_xtcu6_10 _paragraph_16v91_10 layout-component text-serif-m layout-normal text-sans-m layout-padded\">18.49 Politiet tar rutinemessig beslag i den avd\u00f8des dykkerutstyr.<\/p>\n<p class=\"_paragraph_ew2ao_4 _paragraph_xtcu6_10 _paragraph_16v91_10 layout-component text-serif-m layout-normal text-sans-m layout-padded\">Kilde: Redningsselskapet<\/p>\n<p>Vis mer<\/p>\n<p class=\"_paragraph_ew2ao_4 _paragraph_xtcu6_10 layout-component text-serif-m layout-normal text-serif-m layout-padded\">\u2013 Uansett n\u00e5r og hvor det var, s\u00e5 var Adrian blid. Han hjalp folk og det var ikke noe vondt i ham, sier en n\u00e6r venn som \u00f8nsker \u00e5 v\u00e6re anonym. <\/p>\n<p class=\"_paragraph_ew2ao_4 _paragraph_xtcu6_10 layout-component text-serif-m layout-normal text-serif-m layout-padded\">Vennen beskriver Adrian som et midtpunkt. <\/p>\n<p class=\"_paragraph_ew2ao_4 _paragraph_xtcu6_10 layout-component text-serif-m layout-normal text-serif-m layout-padded\"><strong class=\"_strong_ew2ao_25\">\u2013 Han var en liten bajas, men likevel ikke.<\/strong><\/p>\n<p class=\"_paragraph_ew2ao_4 _paragraph_xtcu6_10 layout-component text-serif-m layout-normal text-serif-m layout-padded\">Da nyheten kom om at en redningsarbeider hadde omkommet, tenkte vennen p\u00e5 Adrian \u2013 men la det fra seg. <\/p>\n<p class=\"_paragraph_ew2ao_4 _paragraph_xtcu6_10 layout-component text-serif-m layout-normal text-serif-m layout-padded\">Over natten satt han og flere igjen med et stort tomrom. <\/p>\n<p class=\"_paragraph_ew2ao_4 _paragraph_xtcu6_10 layout-component text-serif-m layout-normal text-serif-m layout-padded\">\u2013 Han s\u00e5 deg for den du var, tok deg inn i varmen uansett. Han var en menneskekjenner, og hadde du en d\u00e5rlig dag s\u00e5 kom han bort og snakket med deg.<\/p>\n","protected":false},"excerpt":{"rendered":"\u2013 Vi vil rette en stor og varm takk til alle som har st\u00f8ttet opp i forbindelse med&hellip;\n","protected":false},"author":2,"featured_media":48411,"comment_status":"","ping_status":"","sticky":false,"template":"","format":"standard","meta":{"footnotes":""},"categories":[5],"tags":[20,21,24,25,15,19,22,23,17,18,13,30,28,29,14,16,5964,26,27],"class_list":{"0":"post-48410","1":"post","2":"type-post","3":"status-publish","4":"format-standard","5":"has-post-thumbnail","7":"category-overskrifter","8":"tag-breaking-news","9":"tag-breakingnews","10":"tag-featured-news","11":"tag-featurednews","12":"tag-headlines","13":"tag-hovedoppslag","14":"tag-latest-news","15":"tag-latestnews","16":"tag-main-news","17":"tag-mainnews","18":"tag-news","19":"tag-no","20":"tag-norge","21":"tag-norway","22":"tag-nyheter","23":"tag-overskrifter","24":"tag-redningsselskapet","25":"tag-top-stories","26":"tag-topstories"},"share_on_mastodon":{"url":"","error":""},"_links":{"self":[{"href":"https:\/\/www.europesays.com\/no\/wp-json\/wp\/v2\/posts\/48410","targetHints":{"allow":["GET"]}}],"collection":[{"href":"https:\/\/www.europesays.com\/no\/wp-json\/wp\/v2\/posts"}],"about":[{"href":"https:\/\/www.europesays.com\/no\/wp-json\/wp\/v2\/types\/post"}],"author":[{"embeddable":true,"href":"https:\/\/www.europesays.com\/no\/wp-json\/wp\/v2\/users\/2"}],"replies":[{"embeddable":true,"href":"https:\/\/www.europesays.com\/no\/wp-json\/wp\/v2\/comments?post=48410"}],"version-history":[{"count":0,"href":"https:\/\/www.europesays.com\/no\/wp-json\/wp\/v2\/posts\/48410\/revisions"}],"wp:featuredmedia":[{"embeddable":true,"href":"https:\/\/www.europesays.com\/no\/wp-json\/wp\/v2\/media\/48411"}],"wp:attachment":[{"href":"https:\/\/www.europesays.com\/no\/wp-json\/wp\/v2\/media?parent=48410"}],"wp:term":[{"taxonomy":"category","embeddable":true,"href":"https:\/\/www.europesays.com\/no\/wp-json\/wp\/v2\/categories?post=48410"},{"taxonomy":"post_tag","embeddable":true,"href":"https:\/\/www.europesays.com\/no\/wp-json\/wp\/v2\/tags?post=48410"}],"curies":[{"name":"wp","href":"https:\/\/api.w.org\/{rel}","templated":true}]}}