{"id":48507,"date":"2025-09-29T20:55:14","date_gmt":"2025-09-29T20:55:14","guid":{"rendered":"https:\/\/www.europesays.com\/no\/48507\/"},"modified":"2025-09-29T20:55:14","modified_gmt":"2025-09-29T20:55:14","slug":"kjendis-carina-dahl-gladmelding-for-premieren-gir-meg-aldri","status":"publish","type":"post","link":"https:\/\/www.europesays.com\/no\/48507\/","title":{"rendered":"Kjendis, Carina Dahl | Gladmelding f\u00f8r premieren: \u2013 Gir meg aldri"},"content":{"rendered":"\n<p><b><a href=\"https:\/\/www.nettavisen.no\/kjendis\/carina-dahl-for-skal-vi-danse-premieren-gir-meg-aldri\/s\/5-95-2642513\" rel=\"Follow nofollow noopener\" target=\"_blank\">(Nettavisen)<\/a>:<\/b> Denne uken er det endelig premiere p\u00e5 jubileumssesongen av \u00abSkal vi danse\u00bb p\u00e5 TV 2.<\/p>\n<p>Blant \u00e5rets deltakere finner vi artist Carina Dahl (40), som tidligere i september <a href=\"https:\/\/www.nettavisen.no\/kjendis\/skadedrama-for-carina-dahl-for-skal-vi-danse\/s\/5-95-2625830\" rel=\"Follow nofollow noopener\" target=\"_blank\">p\u00e5dro seg en skade i lillet\u00e5en<\/a> f\u00f8r danseeventyret hadde startet.<\/p>\n<p>N\u00e5 kommer Dahl med en oppdatering p\u00e5 skaden, og forteller om et grep hun har m\u00e5ttet ta for \u00e5 v\u00e6re p\u00e5 topp for premieren som g\u00e5r av stabelen p\u00e5 l\u00f8rdag.<\/p>\n<p>  <a href=\"https:\/\/www.nidaros.no\/5-113-767591\" class=\"related-teaser has-image default-story-teaser article--c-eRUmMG article--c-eRUmMG-jKCPdD-design-default\" rel=\"nofollow noopener\" target=\"_blank\"><\/p>\n<p>    <img decoding=\"async\" loading=\"lazy\"  src=\"https:\/\/www.europesays.com\/no\/wp-content\/uploads\/2025\/09\/1759179312_53_olerobert-annika.jpg\" alt=\"\" class=\"brick-c-cFOWSL\" style=\"\"\/><\/p>\n<p>\n            Les ogs\u00e5<\/p>\n<p>              Skal p\u00e5 date med Rema-Reitan\n        <\/p>\n<p>  <\/a><br \/>\n  En tung start<\/p>\n<p>Mandag morgen skriver Dahl i en melding til Nettavisen at t\u00e5en er p\u00e5 bedringens vei.<\/p>\n<p>\u2013 T\u00e5en er mye bedre. Jeg f\u00f8ler ikke at det p\u00e5virker meg noe kraftig lenger, forteller Dahl.<\/p>\n<p>   <img decoding=\"async\" width=\"2668\" height=\"4000\" fetchpriority=\"low\"  loading=\"lazy\"  src=\"https:\/\/www.europesays.com\/no\/wp-content\/uploads\/2025\/09\/1759179313_408_cueres_scp-mangler_navn_zB5JBUNcBH8.jpg\" alt=\"Viggo Venn (36), klovn.&#10;&#10;Skal vi danse 2025. Foto: Espen Solli \/ TV 2&#10;&#10;Carina Dahl (40), artist. &#10;Hennes dansepartner er Ole-Thomas Hansen.\" class=\"brick-c-cFOWSL\" style=\"--brick-image-ratio: 2668 \/ 4000;\"\/><\/p>\n<p>    PARET: Carina Dahl skal denne h\u00f8sten danse sammen med Ole-Thomas Hansen.<br \/>\n    Foto: Espen Solli (TV 2)\n  <\/p>\n<p>Selv om det har v\u00e6rt en smertefull uke p\u00e5 dansetrening, kan hun endelig bruke danseskoene igjen.<\/p>\n<p>\u2013 Selv om det har gjort vondt, s\u00e5 overlever jeg, sier Dahl til Nettavisen.<\/p>\n<p>Hun legger ikke skjul p\u00e5 at konkurransen hittil har v\u00e6rt t\u00f8ff for b\u00e5de kropp og sinn.<\/p>\n<p>\u2013 Det har g\u00e5tt ganske mye opp og ned! Jeg blir mest sliten i hodet, og det tar jo ganske mye p\u00e5 b\u00e5de selvtillit og motivasjon. Men jeg gir meg jo aldri, skriver Dahl.<\/p>\n<p>P\u00e5 Snapchat har sangeren delt l\u00f8pende oppdateringer p\u00e5 skaden. Der har hun blant annet fortalt f\u00f8lgerne sine at det har v\u00e6rt vondt og at hun ikke har kunnet bruke alle typer sko p\u00e5 trening.<\/p>\n<p>Hun har hele veien h\u00e5pet \u00e5 bli klar til premieren p\u00e5 \u00abSkal vi danse\u00bb.<\/p>\n<p>   <img decoding=\"async\" width=\"4000\" height=\"2668\" fetchpriority=\"low\"  loading=\"lazy\"  src=\"https:\/\/www.europesays.com\/no\/wp-content\/uploads\/2025\/09\/1759179313_469_NTB_UcHTMj6C0z8.jpg\" alt=\"Viggo Venn (36), klovn.&#10;&#10;Skal vi danse 2025. Foto: Espen Solli \/ TV 2&#10;&#10;Emma Ellingsen (23), influencer.&#10;Vendela Kirsebom (58), selvstendig n\u00e6ringsdrivende.&#10;Bernt Hulsker (47), Programleder og tidligere fotballspiller.&#10;Tale Torjussen (20), skuespiller\/influencer.&#10;Tobias Brandal Bus\u00e6t\/ Tobias Becs (33), fotball freestyler.&#10;Desta Marie Beeder (36), Programleder.&#10;Trygve Bennetsen (23), influencer.&#10;Carina Dahl (40), artist. &#10;Danby Choi (32), Redakt\u00f8r.&#10;Tiril Eckhoff (35), tidligere toppidrettsut\u00f8ver.&#10;Halvor Bakke (54), interi\u00f8rdesigner og programleder.&#10;Emilie Enger Mehl (32), politiker. (Ikke p\u00e5 bildet)\" class=\"brick-c-cFOWSL\" style=\"--brick-image-ratio: 4000 \/ 2668;\"\/><\/p>\n<p>    HELE GJENGEN: Dette er gjengen som skal svinge seg p\u00e5 parketten denne h\u00f8sten.<br \/>\n    Foto: Espen Solli (TV 2)\n  <\/p>\n<p>  <a href=\"https:\/\/www.nidaros.no\/5-113-761167\" class=\"related-teaser has-image default-story-teaser article--c-eRUmMG article--c-eRUmMG-jKCPdD-design-default\" rel=\"nofollow noopener\" target=\"_blank\"><\/p>\n<p>    <img decoding=\"async\" loading=\"lazy\"  src=\"https:\/\/www.europesays.com\/no\/wp-content\/uploads\/2025\/09\/Carina+Dahl.bin\" alt=\"\" class=\"brick-c-cFOWSL\" style=\"\"\/><\/p>\n<p>\n            Les ogs\u00e5<\/p>\n<p>              Taper store summer p\u00e5 reality-deltakelse: \u2013 Det er verdt det\n        <\/p>\n<p>  <\/a><br \/>\n  Kuttet alkoholen<\/p>\n<p>Samtidig avsl\u00f8rer artisten at hun har gjort et annet valg i forbindelse med danseh\u00f8sten.<\/p>\n<p>\u2013 Jeg har kutta alkohol allerede i tre uker og tenker \u00e5 v\u00e6re edru helt til jul faktisk! Jeg synes det er veldig deilig, og f\u00f8ler at et s\u00e5nt klart valg gj\u00f8r at jeg slipper \u00e5 hele tiden vurdere om jeg skal ta et glass eller ikke, forteller hun til Snapchat-f\u00f8lgerne sine.<\/p>\n<p>For Dahl har glasset med vin eller \u00f8l ofte v\u00e6rt en liten del av turn\u00e9livet \u2013 men n\u00e5 passer en \u00abhvit periode\u00bb perfekt.<\/p>\n<p>\u2013 N\u00e5 som jeg skal ha en h\u00f8st uten konserter s\u00e5 passer det bra. Jeg tror ikke det er lurt \u00e5 v\u00e6re bakrus n\u00e5r man holder p\u00e5 med s\u00e5 intensiv trening. Det er krevende nok fra f\u00f8r, s\u00e5 jeg tror jeg gj\u00f8r et godt valg, sier hun til Nettavisen.<\/p>\n<p>Dahl mener dessuten at stemningen p\u00e5 fest ikke avhenger av om man drikker eller ikke.<\/p>\n<p>\u2013 \u00c5 v\u00e6re best p\u00e5 fest handler jo ikke om \u00e5 drikke alkohol, det handler om \u00e5 spre glede og energi, ha gode samtaler og kose seg! Og det trenger man faktisk ikke alkohol for \u00e5 gj\u00f8re.<\/p>\n<p>  <a href=\"https:\/\/www.nidaros.no\/5-113-772010\" class=\"related-teaser has-image default-story-teaser article--c-eRUmMG article--c-eRUmMG-jKCPdD-design-default\" rel=\"nofollow noopener\" target=\"_blank\"><\/p>\n<p>    <img decoding=\"async\" loading=\"lazy\"  src=\"https:\/\/www.europesays.com\/no\/wp-content\/uploads\/2025\/09\/NTB_SLcXZ01ByCw.jpg\" alt=\"\" class=\"brick-c-cFOWSL\" style=\"\"\/><\/p>\n<p>\n            Les ogs\u00e5<\/p>\n<p>              TV-profilen ble stoppet av politiet: \u2013 Jeg var forbannet\n        <\/p>\n<p>  <\/a><\/p>\n","protected":false},"excerpt":{"rendered":"(Nettavisen): Denne uken er det endelig premiere p\u00e5 jubileumssesongen av \u00abSkal vi danse\u00bb p\u00e5 TV 2. Blant \u00e5rets&hellip;\n","protected":false},"author":2,"featured_media":48508,"comment_status":"","ping_status":"","sticky":false,"template":"","format":"standard","meta":{"footnotes":""},"categories":[58],"tags":[36,2288,71,479,30,28,29,2280,1510,72],"class_list":{"0":"post-48507","1":"post","2":"type-post","3":"status-publish","4":"format-standard","5":"has-post-thumbnail","7":"category-underholdning","8":"tag-art","9":"tag-carina-dahl","10":"tag-entertainment","11":"tag-kjendis","12":"tag-no","13":"tag-norge","14":"tag-norway","15":"tag-skal-vi-danse","16":"tag-story","17":"tag-underholdning"},"share_on_mastodon":{"url":"","error":""},"_links":{"self":[{"href":"https:\/\/www.europesays.com\/no\/wp-json\/wp\/v2\/posts\/48507","targetHints":{"allow":["GET"]}}],"collection":[{"href":"https:\/\/www.europesays.com\/no\/wp-json\/wp\/v2\/posts"}],"about":[{"href":"https:\/\/www.europesays.com\/no\/wp-json\/wp\/v2\/types\/post"}],"author":[{"embeddable":true,"href":"https:\/\/www.europesays.com\/no\/wp-json\/wp\/v2\/users\/2"}],"replies":[{"embeddable":true,"href":"https:\/\/www.europesays.com\/no\/wp-json\/wp\/v2\/comments?post=48507"}],"version-history":[{"count":0,"href":"https:\/\/www.europesays.com\/no\/wp-json\/wp\/v2\/posts\/48507\/revisions"}],"wp:featuredmedia":[{"embeddable":true,"href":"https:\/\/www.europesays.com\/no\/wp-json\/wp\/v2\/media\/48508"}],"wp:attachment":[{"href":"https:\/\/www.europesays.com\/no\/wp-json\/wp\/v2\/media?parent=48507"}],"wp:term":[{"taxonomy":"category","embeddable":true,"href":"https:\/\/www.europesays.com\/no\/wp-json\/wp\/v2\/categories?post=48507"},{"taxonomy":"post_tag","embeddable":true,"href":"https:\/\/www.europesays.com\/no\/wp-json\/wp\/v2\/tags?post=48507"}],"curies":[{"name":"wp","href":"https:\/\/api.w.org\/{rel}","templated":true}]}}