{"id":48572,"date":"2025-09-29T23:06:19","date_gmt":"2025-09-29T23:06:19","guid":{"rendered":"https:\/\/www.europesays.com\/no\/48572\/"},"modified":"2025-09-29T23:06:19","modified_gmt":"2025-09-29T23:06:19","slug":"tjuvstart-sikret-knirkefri-lansering-for-norgespris-digi-no","status":"publish","type":"post","link":"https:\/\/www.europesays.com\/no\/48572\/","title":{"rendered":"Tjuvstart sikret knirkefri lansering for norgespris &#8211; Digi.no"},"content":{"rendered":"<ol>\n<li><a href=\"https:\/\/news.google.com\/rss\/articles\/CBMikAFBVV95cUxOWTNzWmtOR0g2R1M4Y2JodC03SHpQRWN3c2NqbDVIb3FUQWk5QmlGcGg1WTRyZER0NndzbzFUdnhOemdlZ1B3YlRjUm9pOEtSVGZabmZjbmpJOUdiREdvS3YtV1JTVkl3Y0NBbXh4c3lvckdEcmZ0am9hdVZpdjdUNENyaWR0MGpDVVNjVU1NMGo?oc=5\" target=\"_blank\" rel=\"nofollow noopener\">Tjuvstart sikret knirkefri lansering for norgespris<\/a>&nbsp;&nbsp;Digi.no<\/li>\n<li><a href=\"https:\/\/news.google.com\/rss\/articles\/CBMijwFBVV95cUxNcmNoQUViOXdaSFhka1hyLVFwMC0tSFpiS1VEMUdZQWs3dU1YNWZxdUlYcDI1UGdSdjhUdEZ1Wm5sNnpGNG5VS1RyOWlhSm0wbjd3bml5ZHB3TmhJOWtTT1M0YVN0V2FVYmt5Vm1PS2dXTWxfZHI0WW84OTFadjBCY08tcnJVWkE3Z1A5cFFMdw?oc=5\" target=\"_blank\" rel=\"nofollow noopener\">Boliger l\u00e5ses til Norgespris \u2013 selv ved flytting<\/a>&nbsp;&nbsp;E24<\/li>\n<li><a href=\"https:\/\/news.google.com\/rss\/articles\/CBMihAFBVV95cUxQclR3amJFVFlSeVpfSWxCbGt6ZGFUOUFfUXhDNGxJaVNpZUxNQnFyRnJ1aFdLMTlRY3Vsckl4bHVKVVROaTZGY24zVUJBSFBVQWM1WG04cGtodnRUdGF1a1pucXkwSUVNRVBxSE5kbU5vX29DNzY2SHhyWTZESnFjRHlUWEU?oc=5\" target=\"_blank\" rel=\"nofollow noopener\">(+) 0,1 prosent har bestilt Norgespris s\u00e5 langt<\/a>&nbsp;&nbsp;Tr\u00f8nder-Avisa<\/li>\n<li><a href=\"https:\/\/news.google.com\/rss\/articles\/CBMid0FVX3lxTE9oQWpkWGdjVFJSakJDREJJdmcxRXdISUFIOTJ1N3RMUFZEYTZoek5uc0pneEhQVXFSdFZlWHpCNzJjcnJDbnc2eFBPcDZIM2FtcEVBTGg2M3lXM0xMLXdVc3NXOEc2RnlwOTR2cDZrRkc4NTJYaTBZ?oc=5\" target=\"_blank\" rel=\"nofollow noopener\">Adva\u00adrer: \u2013 Nett\u00adleien kan fort bli h\u00f8yere<\/a>&nbsp;&nbsp;fvn.no<\/li>\n<li><a href=\"https:\/\/news.google.com\/rss\/articles\/CBMiowFBVV95cUxNTWF4d3B2QnZNQTdjcDM2c0hMeDRMNzZPVndWMlB5R0FQbURPaG5pdUNyVl9lbHdOZmgwMEhXQUFQSnFrckl6eVRZYXVtaHVwSDNyRkJLZmFjZzBTS3RfV2R1aDBVRl9TNkVoQXdER182SkxFb0lkOXR6ZTFnU0FnVDFLamY3SE9XTXFScG0zeTY1ZVJla3hXMnFxaTdhd1NBaFpZ?oc=5\" target=\"_blank\" rel=\"nofollow noopener\">Sport, Str\u00f8m | Frykter de m\u00e5 flytte grunnet h\u00f8ye str\u00f8mpriser: \u2013 Veldig uforutsigbart<\/a>&nbsp;&nbsp;Hamar Arbeiderblad<\/li>\n<\/ol>\n","protected":false},"excerpt":{"rendered":"Tjuvstart sikret knirkefri lansering for norgespris&nbsp;&nbsp;Digi.no Boliger l\u00e5ses til Norgespris \u2013 selv ved flytting&nbsp;&nbsp;E24 (+) 0,1 prosent har&hellip;\n","protected":false},"author":2,"featured_media":48573,"comment_status":"","ping_status":"","sticky":false,"template":"","format":"standard","meta":{"footnotes":""},"categories":[5],"tags":[20,21,2608,6266,24,25,15,19,22,23,17,18,13,30,28,29,14,16,26,27],"class_list":{"0":"post-48572","1":"post","2":"type-post","3":"status-publish","4":"format-standard","5":"has-post-thumbnail","7":"category-overskrifter","8":"tag-breaking-news","9":"tag-breakingnews","10":"tag-digitalisering-og-offentlig-it","11":"tag-elhub","12":"tag-featured-news","13":"tag-featurednews","14":"tag-headlines","15":"tag-hovedoppslag","16":"tag-latest-news","17":"tag-latestnews","18":"tag-main-news","19":"tag-mainnews","20":"tag-news","21":"tag-no","22":"tag-norge","23":"tag-norway","24":"tag-nyheter","25":"tag-overskrifter","26":"tag-top-stories","27":"tag-topstories"},"share_on_mastodon":{"url":"","error":""},"_links":{"self":[{"href":"https:\/\/www.europesays.com\/no\/wp-json\/wp\/v2\/posts\/48572","targetHints":{"allow":["GET"]}}],"collection":[{"href":"https:\/\/www.europesays.com\/no\/wp-json\/wp\/v2\/posts"}],"about":[{"href":"https:\/\/www.europesays.com\/no\/wp-json\/wp\/v2\/types\/post"}],"author":[{"embeddable":true,"href":"https:\/\/www.europesays.com\/no\/wp-json\/wp\/v2\/users\/2"}],"replies":[{"embeddable":true,"href":"https:\/\/www.europesays.com\/no\/wp-json\/wp\/v2\/comments?post=48572"}],"version-history":[{"count":0,"href":"https:\/\/www.europesays.com\/no\/wp-json\/wp\/v2\/posts\/48572\/revisions"}],"wp:featuredmedia":[{"embeddable":true,"href":"https:\/\/www.europesays.com\/no\/wp-json\/wp\/v2\/media\/48573"}],"wp:attachment":[{"href":"https:\/\/www.europesays.com\/no\/wp-json\/wp\/v2\/media?parent=48572"}],"wp:term":[{"taxonomy":"category","embeddable":true,"href":"https:\/\/www.europesays.com\/no\/wp-json\/wp\/v2\/categories?post=48572"},{"taxonomy":"post_tag","embeddable":true,"href":"https:\/\/www.europesays.com\/no\/wp-json\/wp\/v2\/tags?post=48572"}],"curies":[{"name":"wp","href":"https:\/\/api.w.org\/{rel}","templated":true}]}}