{"id":48590,"date":"2025-09-30T01:20:14","date_gmt":"2025-09-30T01:20:14","guid":{"rendered":"https:\/\/www.europesays.com\/no\/48590\/"},"modified":"2025-09-30T01:20:14","modified_gmt":"2025-09-30T01:20:14","slug":"unge-sport-klubbledelsen-i-hil-beklager-og-lover-oppfolging-iharstad","status":"publish","type":"post","link":"https:\/\/www.europesays.com\/no\/48590\/","title":{"rendered":"Unge, Sport | Klubbledelsen i HIL beklager og lover oppf\u00f8lging &#8211; iHarstad"},"content":{"rendered":"<ol>\n<li><a href=\"https:\/\/news.google.com\/rss\/articles\/CBMikAFBVV95cUxPbVJYTGRFNTA2T0NaMkpBc3FDLWNjaFY1Rkp1NjBXWnlpNXhtRTRZQXJ6UTViTHFBMWM4VDVTS1oxV1ZTWjAtaTgyZFhpUXBiMkxVRzU2VkY4bmd0bnBDXzBPNzZZdE9BcGVGUDNFVzRFZ09Qa2VqNTY2MFo0aEpkQk1rSlhmbmN5UDN2SFZKUmY?oc=5\" target=\"_blank\" rel=\"nofollow noopener\">Unge, Sport | Klubbledelsen i HIL beklager og lover oppf\u00f8lging<\/a>&nbsp;&nbsp;iHarstad<\/li>\n<li><a href=\"https:\/\/news.google.com\/rss\/articles\/CBMiekFVX3lxTE14TUtpdkt3ZjFKQkNyLW5ieXpnYUlkcnc1bFcwTWhYY3pKUDcxU2VHMTdDUldiYWFzck1CQnNmdGQwQmJiTV9nTVJkNlNkM1liNm5RUzFoV1laN19sYU9ZMzM4V2s1dVRkeWxxSnNLaEF2dV9TSnhNNzR3?oc=5\" target=\"_blank\" rel=\"nofollow noopener\">(+) \u2013 Det er tatt valg som ikke er gode nok<\/a>&nbsp;&nbsp;ht.no<\/li>\n<li><a href=\"https:\/\/news.google.com\/rss\/articles\/CBMiwAFBVV95cUxOaG0yTUZZNFRzQjlhNWdxWWxBbkFiTDFYT3VqMHQwQVlzRzBYbzcxaWI1cFpnZnB3WlE4SVpUd1dZakVKTkdoWENINFNWckdKb255ZXNJQmI0eURic1liTEtBXzV0WnZJR2RSYkR4ajZLV1pxc1RIejBuNnVVQnZZWm5CTVItcDJacGN2b0NwZGE4MVluX0RYUHdtR1BiUGVlQUd6Z01vNmdIRjZLTUVxWExsbTY5UU1OMi1laERaeTA?oc=5\" target=\"_blank\" rel=\"nofollow noopener\">Festligheter, Fotball | Parodi av en fotballkamp: Flere spillere tatt av banen etter \u00e5 ha v\u00e6rt p\u00e5 fest i natt<\/a>&nbsp;&nbsp;Fremover<\/li>\n<li><a href=\"https:\/\/news.google.com\/rss\/articles\/CBMihwFBVV95cUxOdFQ4ZDVMNTRpeHd4RE9tLXdFNjV5dGYtUnZGWUg1TXFBT0d3Q29ublRmRlJnb1RFal9tMkpRSjE0bjhKNnhkeHFidkpGM1lKVHJ0aUlKNDgxY240ZE5LeWhrYldveEpkZjZDV1FCVHJqWlgxMHhENWMtTWlhYzM1aExOTUY2ekU?oc=5\" target=\"_blank\" rel=\"nofollow noopener\">(+) Ble seriemester etter parodi-kampen: \u2013 Rart og d\u00f8dt<\/a>&nbsp;&nbsp;ht.no<\/li>\n<li><a href=\"https:\/\/news.google.com\/rss\/articles\/CBMickFVX3lxTE1NY0NlU3VIRnVCUnd0cnROUkYtYzZYYXp0N20ya0lDcnA1MHNQVTVTWXpxaVcweDRMb0lnSmZ0MTdaTUcyWDNKU3ZiMnlEYVM2MzNnRW5JaTB6ZEMyWXg5N3piWFdYSnFvaWpTbFNRSHZPQQ?oc=5\" target=\"_blank\" rel=\"nofollow noopener\">(+) Spillere festet dagen f\u00f8r kamp: Avsluttet oppgj\u00f8r med 8 (!) mann<\/a>&nbsp;&nbsp;ht.no<\/li>\n<\/ol>\n","protected":false},"excerpt":{"rendered":"Unge, Sport | Klubbledelsen i HIL beklager og lover oppf\u00f8lging&nbsp;&nbsp;iHarstad (+) \u2013 Det er tatt valg som ikke&hellip;\n","protected":false},"author":2,"featured_media":48591,"comment_status":"","ping_status":"","sticky":false,"template":"","format":"standard","meta":{"footnotes":""},"categories":[59],"tags":[36,92,30,28,29,83,82,1510,2279],"class_list":{"0":"post-48590","1":"post","2":"type-post","3":"status-publish","4":"format-standard","5":"has-post-thumbnail","7":"category-sport","8":"tag-art","9":"tag-fotball","10":"tag-no","11":"tag-norge","12":"tag-norway","13":"tag-sport","14":"tag-sports","15":"tag-story","16":"tag-unge"},"share_on_mastodon":{"url":"","error":""},"_links":{"self":[{"href":"https:\/\/www.europesays.com\/no\/wp-json\/wp\/v2\/posts\/48590","targetHints":{"allow":["GET"]}}],"collection":[{"href":"https:\/\/www.europesays.com\/no\/wp-json\/wp\/v2\/posts"}],"about":[{"href":"https:\/\/www.europesays.com\/no\/wp-json\/wp\/v2\/types\/post"}],"author":[{"embeddable":true,"href":"https:\/\/www.europesays.com\/no\/wp-json\/wp\/v2\/users\/2"}],"replies":[{"embeddable":true,"href":"https:\/\/www.europesays.com\/no\/wp-json\/wp\/v2\/comments?post=48590"}],"version-history":[{"count":0,"href":"https:\/\/www.europesays.com\/no\/wp-json\/wp\/v2\/posts\/48590\/revisions"}],"wp:featuredmedia":[{"embeddable":true,"href":"https:\/\/www.europesays.com\/no\/wp-json\/wp\/v2\/media\/48591"}],"wp:attachment":[{"href":"https:\/\/www.europesays.com\/no\/wp-json\/wp\/v2\/media?parent=48590"}],"wp:term":[{"taxonomy":"category","embeddable":true,"href":"https:\/\/www.europesays.com\/no\/wp-json\/wp\/v2\/categories?post=48590"},{"taxonomy":"post_tag","embeddable":true,"href":"https:\/\/www.europesays.com\/no\/wp-json\/wp\/v2\/tags?post=48590"}],"curies":[{"name":"wp","href":"https:\/\/api.w.org\/{rel}","templated":true}]}}