{"id":48625,"date":"2025-09-30T04:49:31","date_gmt":"2025-09-30T04:49:31","guid":{"rendered":"https:\/\/www.europesays.com\/no\/48625\/"},"modified":"2025-09-30T04:49:31","modified_gmt":"2025-09-30T04:49:31","slug":"dodsulykke-stord-redningsselskapet-vil-betale-for-begravelsen-til-adrian-36","status":"publish","type":"post","link":"https:\/\/www.europesays.com\/no\/48625\/","title":{"rendered":"D\u00f8dsulykke, Stord | Redningsselskapet vil betale for begravelsen til Adrian (36)"},"content":{"rendered":"\n<p>Fredag 26. september mistet <a rel=\"Follow nofollow noopener\" href=\"https:\/\/www.ba.no\/bt-adrian-36-fra-stord-mistet-livet-i-lofoten\/s\/5-8-3169272\" target=\"_blank\">36-\u00e5ringen fra Stord<\/a> livet under en dramatisk redningsaksjon i Lofoten.<\/p>\n<p>En b\u00e5t med seks turister og en guide hadde kantret. Adrian Willyson Brask var ansatt i Redningsselskaper, og deltok i redningsaksjonen.<\/p>\n<p>Han d\u00f8de mens han var p\u00e5 jobb for \u00e5 redde andres liv. N\u00f8yaktig hva som skjedde, er fremdeles ikke kjent.<\/p>\n<p><b>\u2013 Vi kommer til \u00e5 opprette en dialog med Adrians familie der vi tilbyr oss \u00e5 dekke utgiftene til begravelsen, sier pressevakt Markus Plementas i Redningsselskapet til <a rel=\"Follow nofollow noopener\" href=\"https:\/\/www.vg.no\/nyheter\/i\/OowAQA\/redningsselskapet-vil-dekke-begravelsen-til-adrian\" target=\"_blank\">VG<\/a> mandag ettermiddag.<\/b><\/p>\n<p>  <a href=\"https:\/\/www.ba.no\/5-8-3169272\" class=\"related-teaser has-image default-story-teaser article--c-eRUmMG article--c-eRUmMG-jKCPdD-design-default\" rel=\"nofollow noopener\" target=\"_blank\"><\/p>\n<p>    <img decoding=\"async\" loading=\"lazy\"  src=\"https:\/\/www.europesays.com\/no\/wp-content\/uploads\/2025\/09\/1759207770_0_NTB_DPEiyk7AAo4.jpg\" alt=\"\" class=\"brick-c-cFOWSL\" style=\"\"\/><\/p>\n<p>\n            Les ogs\u00e5<\/p>\n<p>              Adrian (36) fra Stord mistet livet i Lofoten\n        <\/p>\n<p>  <\/a><br \/>\n  \u2013 Han ville redde liv<\/p>\n<p>Da generalsekret\u00e6r i Redningsselskapet m\u00f8tte pressen l\u00f8rdag, var hun sterkt preget.<\/p>\n<p>\u2013 Dette er den m\u00f8rkeste dagen for Redningsselskapet p\u00e5 over 100 \u00e5r, sa hun da.<\/p>\n<p><a rel=\"Follow nofollow noopener\" href=\"https:\/\/www.ba.no\/adrian-willyson-brask-36-fra-stord-dode-under-et-redningsoppdrag-i-bergen-samles-adrians-venner-fra-klubben-skjeggmenn-for-a-minnes\/s\/5-8-3169418\" target=\"_blank\">BA<\/a> m\u00f8tte noen av Brasks kamerater samme dag. Alle tilh\u00f8rte klubben Skjeggmenn.<\/p>\n<p>De beskrev en mann med et stort engasjement for jobben sin i Redningsselskapet.<\/p>\n<p>\u2013 Det han gjorde da han d\u00f8de, det var ekstremt viktig for han. Han ville redde liv, sa Paul Ullensvang.<\/p>\n<p>  <a href=\"https:\/\/www.ba.no\/5-8-3169418\" class=\"related-teaser has-image default-story-teaser article--c-eRUmMG article--c-eRUmMG-jKCPdD-design-default\" rel=\"nofollow noopener\" target=\"_blank\"><\/p>\n<p>    <img decoding=\"async\" loading=\"lazy\"  src=\"https:\/\/www.europesays.com\/no\/wp-content\/uploads\/2025\/09\/IMG_3089.jpg\" alt=\"\" class=\"brick-c-cFOWSL\" style=\"\"\/><\/p>\n<p>\n            Les ogs\u00e5<\/p>\n<p>              I sorg over tapet av Adrian: \u2013 Han s\u00e5 deg\n        <\/p>\n<p>  <\/a><br \/>\n  Samler inn penger<\/p>\n<p>N\u00e5 er det blitt opprettet flere pengeinnsamlinger for Brasks etterlatte.<\/p>\n<p>Skjeggmenn st\u00e5r bak den ene. Den andre er det Redningsselskapet som har tatt initativ til.<\/p>\n<p>I den f\u00f8rstnevnte Spleisen beskrives stordabuen som en ildsjel, med et unikt hjerte for andre mennesker.<\/p>\n<p><b>\u00abAdrian mistet livet mens han utf\u00f8rte den viktigste oppgaven mannskap p\u00e5 en redningssk\u00f8yte kan ha \u2013 \u00e5 fors\u00f8ke \u00e5 redde et annet liv. Han var en mild kjempe. Raus, rolig og alltid klar til \u00e5 hjelpe. Han satte andre foran seg selv\u00bb, st\u00e5r det i den sistnevnte Spleisen.<\/b><\/p>\n<p>   <img decoding=\"async\" width=\"4932\" height=\"3288\" fetchpriority=\"low\"  loading=\"lazy\"  src=\"https:\/\/www.europesays.com\/no\/wp-content\/uploads\/2025\/09\/1759207771_340_NTB_JtELds9n874.jpg\" alt=\"Horten 20250927. &#10;Generalsekret\u00e6r i Redningsselskapet Grete Herlofson informerer om ulykken hvor overstyrmann i Redningsselskapet Adrian Willyson Brask (36) omkom under ulykken i Lofoten fredag.&#10;Foto: Thomas Fure \/ NTB\" class=\"brick-c-cFOWSL\" style=\"--brick-image-ratio: 4932 \/ 3288;\"\/><\/p>\n<p>    Generalsekret\u00e6r i Redningsselskapet Grete Herlofson informerte om ulykken til pressen l\u00f8rdag.<br \/>\n    Foto: Thomas Fure \/ NTB\n  <\/p>\n<p>P\u00e5 kort tid har til sammen nesten en halv million blitt samlet inn.<\/p>\n<p>Via VG retter pressevakt Plementas en stor takk til alle som har st\u00f8ttet opp i forbindelse med bortgangen til Brask.<\/p>\n<p>\u2013 Vi vil selvsagt v\u00e6re til stede for \u00e5 hedre hans minne, sier han med henvisning til begravelsen.<\/p>\n<p>11-\u00e5ring omkom<\/p>\n<p>B\u00e5de Statens Havarikommisjon og politiet jobber med \u00e5 unders\u00f8ke ulykken.<\/p>\n<p>Begge har understreket at det er for tidlig \u00e5 si noe om n\u00f8yaktig hvorfor Brask omkom.<\/p>\n<p><b><a href=\"https:\/\/www.vg.no\/nyheter\/i\/qPGMlg\/baatkantringen-i-lofoten-ebba-torstenson-11-doede\" rel=\"Follow nofollow noopener\" target=\"_blank\">Svenske Ebba Torstenson<\/a> (11) d\u00f8de ogs\u00e5 i ulykken. Hun ble funnet p\u00e5 cirka 25 meters dyp s\u00f8ndag.<\/b><\/p>\n<p>Hun var fra i \u00d6stersund-omr\u00e5det.<\/p>\n<p>\u2013 Det er et mindre samfunn, hvor alle kjenner alle. Det kommer bli en t\u00f8ffe dager. T\u00f8ft for hele samfunnet, sier ordf\u00f8rer Niklas Daoson til VG.<\/p>\n","protected":false},"excerpt":{"rendered":"Fredag 26. september mistet 36-\u00e5ringen fra Stord livet under en dramatisk redningsaksjon i Lofoten. En b\u00e5t med seks&hellip;\n","protected":false},"author":2,"featured_media":48626,"comment_status":"","ping_status":"","sticky":false,"template":"","format":"standard","meta":{"footnotes":""},"categories":[5],"tags":[36,20,21,753,24,25,15,19,22,23,7524,17,18,13,30,28,29,14,16,5964,366,1510,26,27],"class_list":{"0":"post-48625","1":"post","2":"type-post","3":"status-publish","4":"format-standard","5":"has-post-thumbnail","7":"category-overskrifter","8":"tag-art","9":"tag-breaking-news","10":"tag-breakingnews","11":"tag-dodsulykke","12":"tag-featured-news","13":"tag-featurednews","14":"tag-headlines","15":"tag-hovedoppslag","16":"tag-latest-news","17":"tag-latestnews","18":"tag-livredning","19":"tag-main-news","20":"tag-mainnews","21":"tag-news","22":"tag-no","23":"tag-norge","24":"tag-norway","25":"tag-nyheter","26":"tag-overskrifter","27":"tag-redningsselskapet","28":"tag-stord","29":"tag-story","30":"tag-top-stories","31":"tag-topstories"},"share_on_mastodon":{"url":"","error":""},"_links":{"self":[{"href":"https:\/\/www.europesays.com\/no\/wp-json\/wp\/v2\/posts\/48625","targetHints":{"allow":["GET"]}}],"collection":[{"href":"https:\/\/www.europesays.com\/no\/wp-json\/wp\/v2\/posts"}],"about":[{"href":"https:\/\/www.europesays.com\/no\/wp-json\/wp\/v2\/types\/post"}],"author":[{"embeddable":true,"href":"https:\/\/www.europesays.com\/no\/wp-json\/wp\/v2\/users\/2"}],"replies":[{"embeddable":true,"href":"https:\/\/www.europesays.com\/no\/wp-json\/wp\/v2\/comments?post=48625"}],"version-history":[{"count":0,"href":"https:\/\/www.europesays.com\/no\/wp-json\/wp\/v2\/posts\/48625\/revisions"}],"wp:featuredmedia":[{"embeddable":true,"href":"https:\/\/www.europesays.com\/no\/wp-json\/wp\/v2\/media\/48626"}],"wp:attachment":[{"href":"https:\/\/www.europesays.com\/no\/wp-json\/wp\/v2\/media?parent=48625"}],"wp:term":[{"taxonomy":"category","embeddable":true,"href":"https:\/\/www.europesays.com\/no\/wp-json\/wp\/v2\/categories?post=48625"},{"taxonomy":"post_tag","embeddable":true,"href":"https:\/\/www.europesays.com\/no\/wp-json\/wp\/v2\/tags?post=48625"}],"curies":[{"name":"wp","href":"https:\/\/api.w.org\/{rel}","templated":true}]}}