{"id":48750,"date":"2025-09-30T07:22:36","date_gmt":"2025-09-30T07:22:36","guid":{"rendered":"https:\/\/www.europesays.com\/no\/48750\/"},"modified":"2025-09-30T07:22:36","modified_gmt":"2025-09-30T07:22:36","slug":"palmesus-beklager-til-kaptein-sabeltann-etter-tix-opptreden","status":"publish","type":"post","link":"https:\/\/www.europesays.com\/no\/48750\/","title":{"rendered":"Palmesus beklager til Kaptein Sabeltann etter Tix-opptreden"},"content":{"rendered":"<p class=\"kicker \" style=\"\">Palmesus:\u00a0<\/p>\n<p>  Palmesus kommer med en uforbeholden beklagelse til Kaptein Sabeltann AS og Terje Formoe etter \u00e5rets Tix-opptreden.<\/p>\n<p>\n    EKTE VARE: Palmesus AS beklager at et piratkopi av Kapteins Sabeltann dukket opp p\u00e5 scenen i Kristiansand. Her er den ekte kapteinen avbildet i 2010, da sj\u00f8r\u00f8veren ble spilt av Terje Formoe selv. Foto: Anders Martinsen \/ Se og H\u00f8r\n  <\/p>\n<p>Palmesus AS skriver i en pressemelding s\u00f8ndag ettermiddag at de \u00f8nsker \u00e5 rette en uforbeholden beklagelse til Kaptein Sabeltann AS og til Terje Formoe (75) personlig.<\/p>\n<p>    <a itemprop=\"url\" href=\"https:\/\/www.seher.no\/kjendis\/en-utrolig-trist-sak\/83168051\" rel=\"nofollow noopener\" target=\"_blank\"><\/p>\n<p>      <img loading=\"lazy\" decoding=\"async\" src=\"https:\/\/www.europesays.com\/no\/wp-content\/uploads\/2025\/09\/83168727.webp\" width=\"980\" height=\"441\" title=\"- En utrolig trist sak\" alt=\"\" class=\"lazyload\" style=\"--aspect-ratio-image: 2.22; \"\/><\/p>\n<p>        &#8211; En utrolig trist sak<\/p>\n<p>    <\/a><\/p>\n<p>\u00c5rsaken er at artisten TIX (32), hvis egentlige navn er Andras Haukeland, dukket opp p\u00e5 scenen under \u00e5rets festival utkledd som Kaptein Sabeltann.<\/p>\n<p>Sceneinnslaget skjedde uten forh\u00e5ndsgodkjenning fra rettighetshaver til Kaptein Sabeltann.<\/p>\n<p>          <img loading=\"lazy\" decoding=\"async\" src=\"https:\/\/www.europesays.com\/no\/wp-content\/uploads\/2025\/09\/83653449.webp\" width=\"980\" height=\"559\" title=\"POPUL\u00c6RT: Palmesus arrangeres \u00e5rlig p\u00e5 Bystranda i hjembyen til Kaptein Sabeltann, Kristiansand. Foto: Tor Erik Schr\u00f8der \/ NTB\" alt=\"\" class=\"\" style=\"--aspect-ratio-image: 1.75; \"\/><\/p>\n<p>\n          POPUL\u00c6RT: Palmesus arrangeres \u00e5rlig p\u00e5 Bystranda i hjembyen til Kaptein Sabeltann, Kristiansand. Foto: Tor Erik Schr\u00f8der \/ NTB\n      <\/p>\n<p class=\"font-weight-bold m-font-weight-bold\" data-lab-font_weight=\"font-weight-bold\">&#8211; Kaptein Sabeltann AS ser sv\u00e6rt alvorlig p\u00e5 hendelsen og de lovbrudd denne medf\u00f8rte. Palmesus erkjenner at man har tatt seg til rette og har gjort seg skyldig i brudd p\u00e5 \u00e5ndsverkloven, varemerkeloven og markedsf\u00f8ringsloven, heter det i pressemeldingen.<\/p>\n<p>Terje Formoe sier i en SMS til Se og H\u00f8r at han er forn\u00f8yd med avgj\u00f8relsen.\u00a0<\/p>\n<p>&#8211; Jeg er godt forn\u00f8yd med at vi fant en l\u00f8sning og at Palmesus tok ansvar for den feilen de gjorde, sier han.\u00a0<\/p>\n<p>          <img loading=\"lazy\" decoding=\"async\" src=\"https:\/\/www.europesays.com\/no\/wp-content\/uploads\/2025\/09\/82087346.webp\" width=\"980\" height=\"559\" title=\"KAPTEIN-SKAPER: Terje Formoe har i en \u00e5rrekke st\u00e5tt bak Kaptein Sabeltann-universet. Han er forn\u00f8yd med h\u00e5ndteringen til Palmesus. Foto: Anders Martinsen \/ Se og H\u00f8r\" alt=\"\" class=\"\" style=\"--aspect-ratio-image: 1.75; \"\/><\/p>\n<p>\n          KAPTEIN-SKAPER: Terje Formoe har i en \u00e5rrekke st\u00e5tt bak Kaptein Sabeltann-universet. Han er forn\u00f8yd med h\u00e5ndteringen til Palmesus. Foto: Anders Martinsen \/ Se og H\u00f8r\n      <\/p>\n<p>Haukeland forklarer til Se og H\u00f8r at stuntet ikke var hans id\u00e9, men at han stilte opp for \u00e5 v\u00e6re grei.\u00a0<\/p>\n<p>&#8211;\u00a0Ganske enkelt, jeg ble bedt om \u00e5 kle meg ut for \u00e5 gj\u00f8re en kort hyllest siden jeg allerede var p\u00e5 festivalen. Folk kjenner meg som en \u00abyes-man\u00bb som stiller opp n\u00e5r det trengs, opplyser han.\u00a0<\/p>\n<p>          <img loading=\"lazy\" decoding=\"async\" src=\"https:\/\/www.europesays.com\/no\/wp-content\/uploads\/2025\/09\/80382501.webp\" width=\"980\" height=\"559\" title=\"INNBLANDET: Tix er trukket inn i striden etter Kaptein Sabeltann-innslaget p\u00e5 Palmesus. Her p\u00e5 Stavernfestivalen med kronprins Haakon og prinsesse Ingrid Alexandra. Foto: Andreas Fadum \/ Se og H\u00f8r\" alt=\"\" class=\"\" style=\"--aspect-ratio-image: 1.75; \"\/><\/p>\n<p>\n          INNBLANDET: Tix er trukket inn i striden etter Kaptein Sabeltann-innslaget p\u00e5 Palmesus. Her p\u00e5 Stavernfestivalen med kronprins Haakon og prinsesse Ingrid Alexandra. Foto: Andreas Fadum \/ Se og H\u00f8r\n      <\/p>\n<p>Palmesus AS understreker at de fullt ut respekterer de immaterielle rettighetene knyttet til Kaptein Sabeltann-universet og det arbeidet Terje Formoe og Kaptein Sabeltann AS har lagt ned gjennom flere ti\u00e5r.<\/p>\n<p class=\"font-weight-bold m-font-weight-bold\" data-lab-font_weight=\"font-weight-bold\">&#8211; Palmesus AS beklager p\u00e5 det sterkeste at denne hendelsen har p\u00e5f\u00f8rt Kaptein Sabeltann AS og Terje Formoe skade, og understreker at man har den dypeste respekt for Kaptein Sabeltann som kulturarv og for skaperens innsats, heter det videre.<\/p>\n<p>Partene har kommet til enighet om en minnelig l\u00f8sning, og Palmesus og Tix forsikrer at man i fremtida vil respektere rettighetene til Kaptein Sabeltann AS.<\/p>\n<p>    <a itemprop=\"url\" href=\"https:\/\/www.seher.no\/kjendis\/hylles-av-verdensstjerne-hjertet-pumper-sa-hardt\/83038911\" rel=\"nofollow noopener\" target=\"_blank\"><\/p>\n<p>      <img loading=\"lazy\" decoding=\"async\" src=\"https:\/\/www.europesays.com\/no\/wp-content\/uploads\/2025\/09\/83038730.webp\" width=\"980\" height=\"441\" title=\"Hylles av verdensstjerne: - Hjertet pumper s\u00e5 hardt\" alt=\"\" class=\"lazyload\" style=\"--aspect-ratio-image: 2.22; \"\/><\/p>\n<p>        Hylles av verdensstjerne: &#8211; Hjertet pumper s\u00e5 hardt<\/p>\n<p>    <\/a><\/p>\n<p>Palmesus\u00a0er en av landets st\u00f8rste musikkfestivaler og arrangeres hvert \u00e5r i Kristiansand. I \u00e5r opptr\u00e5dte artister som Tix, Kygo og Kamelen.<\/p>\n","protected":false},"excerpt":{"rendered":"Palmesus:\u00a0 Palmesus kommer med en uforbeholden beklagelse til Kaptein Sabeltann AS og Terje Formoe etter \u00e5rets Tix-opptreden. EKTE&hellip;\n","protected":false},"author":2,"featured_media":48751,"comment_status":"","ping_status":"","sticky":false,"template":"","format":"standard","meta":{"footnotes":""},"categories":[10],"tags":[20,21,24,25,15,2539,479,2543,22,23,13,30,28,29,14,16,7542,7389,7543,26,27],"class_list":{"0":"post-48750","1":"post","2":"type-post","3":"status-publish","4":"format-standard","5":"has-post-thumbnail","7":"category-norge","8":"tag-breaking-news","9":"tag-breakingnews","10":"tag-featured-news","11":"tag-featurednews","12":"tag-headlines","13":"tag-innenriks","14":"tag-kjendis","15":"tag-kjendisdesken","16":"tag-latest-news","17":"tag-latestnews","18":"tag-news","19":"tag-no","20":"tag-norge","21":"tag-norway","22":"tag-nyheter","23":"tag-overskrifter","24":"tag-palmesus","25":"tag-terje-formoe","26":"tag-tix","27":"tag-top-stories","28":"tag-topstories"},"share_on_mastodon":{"url":"","error":""},"_links":{"self":[{"href":"https:\/\/www.europesays.com\/no\/wp-json\/wp\/v2\/posts\/48750","targetHints":{"allow":["GET"]}}],"collection":[{"href":"https:\/\/www.europesays.com\/no\/wp-json\/wp\/v2\/posts"}],"about":[{"href":"https:\/\/www.europesays.com\/no\/wp-json\/wp\/v2\/types\/post"}],"author":[{"embeddable":true,"href":"https:\/\/www.europesays.com\/no\/wp-json\/wp\/v2\/users\/2"}],"replies":[{"embeddable":true,"href":"https:\/\/www.europesays.com\/no\/wp-json\/wp\/v2\/comments?post=48750"}],"version-history":[{"count":0,"href":"https:\/\/www.europesays.com\/no\/wp-json\/wp\/v2\/posts\/48750\/revisions"}],"wp:featuredmedia":[{"embeddable":true,"href":"https:\/\/www.europesays.com\/no\/wp-json\/wp\/v2\/media\/48751"}],"wp:attachment":[{"href":"https:\/\/www.europesays.com\/no\/wp-json\/wp\/v2\/media?parent=48750"}],"wp:term":[{"taxonomy":"category","embeddable":true,"href":"https:\/\/www.europesays.com\/no\/wp-json\/wp\/v2\/categories?post=48750"},{"taxonomy":"post_tag","embeddable":true,"href":"https:\/\/www.europesays.com\/no\/wp-json\/wp\/v2\/tags?post=48750"}],"curies":[{"name":"wp","href":"https:\/\/api.w.org\/{rel}","templated":true}]}}