{"id":48777,"date":"2025-09-30T07:49:12","date_gmt":"2025-09-30T07:49:12","guid":{"rendered":"https:\/\/www.europesays.com\/no\/48777\/"},"modified":"2025-09-30T07:49:12","modified_gmt":"2025-09-30T07:49:12","slug":"toll-usa-trump-ordre-om-toll-pa-trevarer","status":"publish","type":"post","link":"https:\/\/www.europesays.com\/no\/48777\/","title":{"rendered":"Toll, USA | Trump-ordre om toll p\u00e5 trevarer"},"content":{"rendered":"\n<p>USAs president Donald Trump signerte mandag en kunngj\u00f8ring om innf\u00f8ring av 10 prosent toll p\u00e5 t\u00f8mmer og 25 prosent p\u00e5 trem\u00f8bler.<\/p>\n<p>De nye tollsatsene trer i kraft 14. oktober, if\u00f8lge dokumentet Trump signerte.<\/p>\n<p>Ved \u00e5rsskiftet \u00f8ker satsene p\u00e5 m\u00f8bler til 30 prosent for stoppede trem\u00f8bler og 50 prosent for kj\u00f8kken- og baderomsinnredninger fra land som ikke kommer fram til en avtale med USA, heter det i kunngj\u00f8ring.<\/p>\n<p>Mandagens kunngj\u00f8ring kommer etter at presidenten f\u00f8r helgen varslet toll p\u00e5 innredning til kj\u00f8kken og bad. Den svenske m\u00f8belgiganten Ikea sa da at tollen kan f\u00f8re til \u00f8kte priser, men at de h\u00e5per den vil sl\u00e5 lite ut.<\/p>\n","protected":false},"excerpt":{"rendered":"USAs president Donald Trump signerte mandag en kunngj\u00f8ring om innf\u00f8ring av 10 prosent toll p\u00e5 t\u00f8mmer og 25&hellip;\n","protected":false},"author":2,"featured_media":34492,"comment_status":"","ping_status":"","sticky":false,"template":"","format":"standard","meta":{"footnotes":""},"categories":[12],"tags":[36,20,21,55,24,25,15,22,23,13,30,28,29,14,16,1510,365,26,27,7544,50,42,43,44,45],"class_list":{"0":"post-48777","1":"post","2":"type-post","3":"status-publish","4":"format-standard","5":"has-post-thumbnail","7":"category-verden","8":"tag-art","9":"tag-breaking-news","10":"tag-breakingnews","11":"tag-donald-trump","12":"tag-featured-news","13":"tag-featurednews","14":"tag-headlines","15":"tag-latest-news","16":"tag-latestnews","17":"tag-news","18":"tag-no","19":"tag-norge","20":"tag-norway","21":"tag-nyheter","22":"tag-overskrifter","23":"tag-story","24":"tag-toll","25":"tag-top-stories","26":"tag-topstories","27":"tag-tommer","28":"tag-usa","29":"tag-verden","30":"tag-world","31":"tag-world-news","32":"tag-worldnews"},"share_on_mastodon":{"url":"","error":""},"_links":{"self":[{"href":"https:\/\/www.europesays.com\/no\/wp-json\/wp\/v2\/posts\/48777","targetHints":{"allow":["GET"]}}],"collection":[{"href":"https:\/\/www.europesays.com\/no\/wp-json\/wp\/v2\/posts"}],"about":[{"href":"https:\/\/www.europesays.com\/no\/wp-json\/wp\/v2\/types\/post"}],"author":[{"embeddable":true,"href":"https:\/\/www.europesays.com\/no\/wp-json\/wp\/v2\/users\/2"}],"replies":[{"embeddable":true,"href":"https:\/\/www.europesays.com\/no\/wp-json\/wp\/v2\/comments?post=48777"}],"version-history":[{"count":0,"href":"https:\/\/www.europesays.com\/no\/wp-json\/wp\/v2\/posts\/48777\/revisions"}],"wp:featuredmedia":[{"embeddable":true,"href":"https:\/\/www.europesays.com\/no\/wp-json\/wp\/v2\/media\/34492"}],"wp:attachment":[{"href":"https:\/\/www.europesays.com\/no\/wp-json\/wp\/v2\/media?parent=48777"}],"wp:term":[{"taxonomy":"category","embeddable":true,"href":"https:\/\/www.europesays.com\/no\/wp-json\/wp\/v2\/categories?post=48777"},{"taxonomy":"post_tag","embeddable":true,"href":"https:\/\/www.europesays.com\/no\/wp-json\/wp\/v2\/tags?post=48777"}],"curies":[{"name":"wp","href":"https:\/\/api.w.org\/{rel}","templated":true}]}}