{"id":48789,"date":"2025-09-30T08:05:08","date_gmt":"2025-09-30T08:05:08","guid":{"rendered":"https:\/\/www.europesays.com\/no\/48789\/"},"modified":"2025-09-30T08:05:08","modified_gmt":"2025-09-30T08:05:08","slug":"det-var-hun-som-sjekket-opp-meg","status":"publish","type":"post","link":"https:\/\/www.europesays.com\/no\/48789\/","title":{"rendered":"\u2013 Det var hun som sjekket opp meg"},"content":{"rendered":"\n<p class=\"_lead_ew2ao_2 _lead_xtcu6_50 layout-component text-serif-m layout-normal text-serif-l layout-component layout-wide layout-padded _wide_17hqh_1 layout-padded\">Erling Braut Haaland (25) r\u00f8per hvem som tok initiativet da han og kj\u00e6resten Isabel Haugseng Johansen (21) fant sammen.<\/p>\n<p><img alt=\"Erling Braut Haaland ankommer Oslo lufthavn Gardermoen i privatfly fra Manchester med Isabel Haugseng Johansen.  Foto: Cornelius Poppe \/ NTB\" class=\"_image_qp4xg_65 layout-component layout-wide\" data-fullscreen- data-track-element-type=\"Article image fullscreen\" data-track-name=\"ImageFullscreen\" fetchpriority=\"high\" decoding=\"sync\" loading=\"eager\" height=\"2067\" itemprop=\"image\"  src=\"https:\/\/www.europesays.com\/no\/wp-content\/uploads\/2025\/09\/2c3f4f7e-39ea-4da9-9a6c-aab50bacd9d9\"  style=\"object-position:0% 0%\" width=\"3100\"\/>Erling Braut Haaland ankommer Oslo lufthavn Gardermoen i privatfly fra Manchester med Isabel Haugseng Johansen.  Foto: Cornelius Poppe \/ NTB<\/p>\n<ul aria-hidden=\"true\" class=\"_images_1y6fe_106\">\n<li><a class=\"_link_1y6fe_111\" href=\"https:\/\/www.vg.no\/forfatter\/ntb\" style=\"z-index:1\" title=\"NTB\" rel=\"nofollow noopener\" target=\"_blank\"><img alt=\"Bilde av NTB\" class=\"_image_1y6fe_88\" fetchpriority=\"low\" loading=\"lazy\" decoding=\"async\" itemprop=\"image\"  src=\"https:\/\/www.europesays.com\/no\/wp-content\/uploads\/2025\/09\/1759219508_200_c33980b0-5d07-4027-84a1-813f90a7c8d6\"  width=\"480\"\/><\/a><\/li>\n<\/ul>\n<p> Oppdatert tirsdag 30. september kl. 09:52    <\/p>\n<ul class=\"_list_ew2ao_3 _list_64s2r_85 _unordered_ew2ao_99 text-sans-m\">\n<li class=\"_item_ew2ao_30\">Erling Braut Haaland avsl\u00f8rer at kj\u00e6resten Isabel Haugseng Johansen tok initiativet i forholdet.<\/li>\n<li class=\"_item_ew2ao_30\">Haaland forteller om kj\u00e6rlighetslivet i en ny episode av NRK-serien \u00abA-laget\u00bb.<\/li>\n<li class=\"_item_ew2ao_30\">Haaland mener den blonde hestehalen har blitt hans varemerke.<\/li>\n<li class=\"_item_ew2ao_30\">\u00abA-laget\u00bb er kjent for sine overraskende og filterl\u00f8se sp\u00f8rsm\u00e5l, og vant Gullruten for beste underholdningsprogram i fjor.<\/li>\n<\/ul>\n<p>Vis mer <\/p>\n<p class=\"_paragraph_ew2ao_4 _paragraph_xtcu6_10 layout-component text-serif-m layout-normal text-serif-m layout-padded\"> Det er i en fersk episode av NRK-serien <a href=\"https:\/\/www.nrk.no\/sport\/erling-braut-haaland-til-a-laget-om-kjaeresten_-_-det-var-hun-som-sjekket-opp-meg-1.17577530\" class=\"_link_ew2ao_39\" rel=\"nofollow noopener\" target=\"_blank\">\u00abA-laget\u00bb<\/a> , som sendes denne uken, at den vanligvis sv\u00e6rt private fotballstjernen f\u00e5r sp\u00f8rsm\u00e5l om kj\u00e6rlighetslivet.<\/p>\n<p class=\"_paragraph_ew2ao_4 _paragraph_xtcu6_10 layout-component text-serif-m layout-normal text-serif-m layout-padded\">\u2013 Hvordan jeg sjekket henne opp? Det var hun som sjekket opp meg, sier Haaland.<\/p>\n<p class=\"_paragraph_ew2ao_4 _paragraph_xtcu6_10 layout-component text-serif-m layout-normal text-serif-m layout-padded\">I programmet, som har blitt en kjempesuksess for NRK, er Haaland denne gangen hedersgjesten \u2013 eller intervjuobjektet om du vil.<\/p>\n<p class=\"_paragraph_ew2ao_4 _paragraph_xtcu6_10 layout-component text-serif-m layout-normal text-serif-m layout-padded\">Stjernem\u00f8tet b\u00f8d p\u00e5 flere artige sp\u00f8rsm\u00e5l. Et av dem var ogs\u00e5 om den blonde hestehalen til Manchester City-stjernen er blitt hans varemerke.<\/p>\n<p class=\"_paragraph_ew2ao_4 _paragraph_xtcu6_10 layout-component text-serif-m layout-normal text-serif-m layout-padded\">\u2013 Jeg kjenner at det har blitt det n\u00e5 de siste \u00e5rene. Folk kjenner igjen meg med det lange, blonde h\u00e5ret, svarer Haaland.<\/p>\n<p class=\"_paragraph_ew2ao_4 _paragraph_xtcu6_10 layout-component text-serif-m layout-normal text-serif-m layout-padded\">I programmet blir ogs\u00e5 Haaland spurt om sin s\u00f8nn, som ble f\u00f8dt i desember 2024. Det var s\u00e5vidt han rakk \u00e5 f\u00e5 med seg f\u00f8delsen, innr\u00f8mmer Haaland:<\/p>\n<p class=\"_paragraph_ew2ao_4 _paragraph_xtcu6_10 layout-component text-serif-m layout-normal text-serif-m layout-padded\"><strong class=\"_strong_ew2ao_25\">\u2013 Ja, jeg spilte kamp, og rett etterp\u00e5 reiste jeg bort og var med p\u00e5 hele f\u00f8dselen. S\u00e5 jeg hadde full kontroll der, sier han.<\/strong><\/p>\n<p class=\"_paragraph_ew2ao_4 _paragraph_xtcu6_10 layout-component text-serif-m layout-normal text-serif-m layout-padded\">I serien \u00abA-laget\u00bb blir kjente personer \u00abstilt til veggs\u00bb med overraskende og filterl\u00f8se sp\u00f8rsm\u00e5l fra reportere med ulike funksjonsvariasjoner.<\/p>\n<p class=\"_paragraph_ew2ao_4 _paragraph_xtcu6_10 layout-component text-serif-m layout-normal text-serif-m layout-padded\">\u00abA-laget\u00bb vant Gullruten for \u00e5rets underholdningsprogram i fjor.<\/p>\n<p class=\"_paragraph_ew2ao_4 _paragraph_xtcu6_10 layout-component text-serif-m layout-normal text-serif-m layout-padded\">I f\u00f8rste sesong var statsminister Jonas Gahr St\u00f8re blant dem som stilte opp til intervju.<\/p>\n","protected":false},"excerpt":{"rendered":"Erling Braut Haaland (25) r\u00f8per hvem som tok initiativet da han og kj\u00e6resten Isabel Haugseng Johansen (21) fant&hellip;\n","protected":false},"author":2,"featured_media":48790,"comment_status":"","ping_status":"","sticky":false,"template":"","format":"standard","meta":{"footnotes":""},"categories":[5],"tags":[20,21,810,24,25,15,19,22,23,17,18,13,30,28,29,14,16,26,27],"class_list":{"0":"post-48789","1":"post","2":"type-post","3":"status-publish","4":"format-standard","5":"has-post-thumbnail","7":"category-overskrifter","8":"tag-breaking-news","9":"tag-breakingnews","10":"tag-erling-braut-haaland","11":"tag-featured-news","12":"tag-featurednews","13":"tag-headlines","14":"tag-hovedoppslag","15":"tag-latest-news","16":"tag-latestnews","17":"tag-main-news","18":"tag-mainnews","19":"tag-news","20":"tag-no","21":"tag-norge","22":"tag-norway","23":"tag-nyheter","24":"tag-overskrifter","25":"tag-top-stories","26":"tag-topstories"},"share_on_mastodon":{"url":"","error":""},"_links":{"self":[{"href":"https:\/\/www.europesays.com\/no\/wp-json\/wp\/v2\/posts\/48789","targetHints":{"allow":["GET"]}}],"collection":[{"href":"https:\/\/www.europesays.com\/no\/wp-json\/wp\/v2\/posts"}],"about":[{"href":"https:\/\/www.europesays.com\/no\/wp-json\/wp\/v2\/types\/post"}],"author":[{"embeddable":true,"href":"https:\/\/www.europesays.com\/no\/wp-json\/wp\/v2\/users\/2"}],"replies":[{"embeddable":true,"href":"https:\/\/www.europesays.com\/no\/wp-json\/wp\/v2\/comments?post=48789"}],"version-history":[{"count":0,"href":"https:\/\/www.europesays.com\/no\/wp-json\/wp\/v2\/posts\/48789\/revisions"}],"wp:featuredmedia":[{"embeddable":true,"href":"https:\/\/www.europesays.com\/no\/wp-json\/wp\/v2\/media\/48790"}],"wp:attachment":[{"href":"https:\/\/www.europesays.com\/no\/wp-json\/wp\/v2\/media?parent=48789"}],"wp:term":[{"taxonomy":"category","embeddable":true,"href":"https:\/\/www.europesays.com\/no\/wp-json\/wp\/v2\/categories?post=48789"},{"taxonomy":"post_tag","embeddable":true,"href":"https:\/\/www.europesays.com\/no\/wp-json\/wp\/v2\/tags?post=48789"}],"curies":[{"name":"wp","href":"https:\/\/api.w.org\/{rel}","templated":true}]}}