{"id":48913,"date":"2025-09-30T10:02:09","date_gmt":"2025-09-30T10:02:09","guid":{"rendered":"https:\/\/www.europesays.com\/no\/48913\/"},"modified":"2025-09-30T10:02:09","modified_gmt":"2025-09-30T10:02:09","slug":"prins-joachim-forlenger-oppholdet-i-usa","status":"publish","type":"post","link":"https:\/\/www.europesays.com\/no\/48913\/","title":{"rendered":"Prins Joachim forlenger oppholdet i USA"},"content":{"rendered":"<p class=\"kicker \" style=\"\">Prins Joachim:\u00a0<\/p>\n<p>  Prins Joachim og familien blir v\u00e6rende i Amerika i to \u00e5r.\u00a0<\/p>\n<p>\n    HJEMMELENGSEL?: Prins Joachim og prinsesse Marie har bodd i b\u00e5de Frankrike og i USA, og de vil heller ikke flytte hjem med det f\u00f8rste. Foto: Niviere David\/Shutterstock \/NTB\n  <\/p>\n<p>I 2023 flyttet\u00a0<a href=\"https:\/\/www.seher.no\/kongelig\/flytter-til-usa-etter-sjokkbeslutningen\/77896855\" rel=\"nofollow noopener\" target=\"_blank\">danske prins Joachim (56) og kona prinsesse Marie (49)\u00a0<\/a>til USA, fordi prinsen hadde f\u00e5tt jobb ved den danske ambassaden i Washington D.C.\u00a0<\/p>\n<p> Prinsen tiltr\u00e5dte stillingen 1. september 2023, og fredag morgen kunngjorde Forsvarsdepartementet at han vil bli forlenget i stillingen som forsvarsindustriattach\u00e9 og assisterende forsvarsattach\u00e9 til slutten av august 2027. Det melder det danske kongehuset\u00a0i en <a href=\"https:\/\/www.kongehuset.dk\/nyheder\/h-k-h-prins-joachim-og-familie-forlaenger-opholdet%C2%A0i-washington-d-c\" rel=\"nofollow noopener\" target=\"_blank\">pressemelding<\/a>.<\/p>\n<p>    <a itemprop=\"url\" href=\"https:\/\/www.seher.no\/kjendis\/jeg-folte-meg-ensom\/83116770\" rel=\"nofollow noopener\" target=\"_blank\"><\/p>\n<p>      <img loading=\"lazy\" decoding=\"async\" src=\"https:\/\/www.europesays.com\/no\/wp-content\/uploads\/2025\/09\/1759226528_622_83117316.webp\" width=\"980\" height=\"441\" title=\"\u2013 Jeg f\u00f8lte meg ensom\" alt=\"\" class=\"lazyload\" style=\"--aspect-ratio-image: 2.22; \"\/><\/p>\n<p>        \u2013 Jeg f\u00f8lte meg ensom<\/p>\n<p>    <\/a><\/p>\n<p> I stillingen rapporterer han til Forsvarsdepartementet og ambassad\u00f8ren i Washington. <\/p>\n<p>Prins Joachim skal derfor sammen med prinsesse Marie og deres to barn, grev Henrik (16) og komtesse Athena (13), forbli i Washington DC.<\/p>\n<p>          <img loading=\"lazy\" decoding=\"async\" src=\"https:\/\/www.europesays.com\/no\/wp-content\/uploads\/2025\/09\/83647729.webp\" width=\"686\" height=\"460\" title=\"FAMILIE: Grev Nikolai, komtesse Athena, prinsesse Marie, grev Henrik, prins Joachim og grev Felix. Foto: SplashNews\/NTB\" alt=\"\" class=\"\" style=\"--aspect-ratio-image: 1.49; \"\/><\/p>\n<p>\n          FAMILIE: Grev Nikolai, komtesse Athena, prinsesse Marie, grev Henrik, prins Joachim og grev Felix. Foto: SplashNews\/NTB\n      <\/p>\n<p>S\u00e5 sent som i juni avsl\u00f8rte prinsen at han vurderte \u00e5 returnere til Danmark n\u00e5r han slutter \u00e5 tjenestegj\u00f8re som forsvarsattach\u00e9 i USA. Det gjorde han i et intervju med <a href=\"https:\/\/nyheder.tv2.dk\/samfund\/2025-06-06-prins-joachim-overvejer-at-vende-hjem-til-danmark?utm_source=sdrn%3Avg%3Asalesposter%3APp8lde\" rel=\"nofollow noopener\" target=\"_blank\">danske TV 2<\/a>.<\/p>\n<p>&#8211; Vi har et \u00f8nske om \u00e5 komme hjem. Men vi utelukker heller ikke muligheten for \u00e5 bli i utlandet. N\u00e5 m\u00e5 vi se. Forel\u00f8pig er det p\u00e5 radaren v\u00e5r, n\u00e5r posten her stopper, vil vi reise hjem, fortalte han i sommer.<\/p>\n<p>        TURBULENT: Kongen diskuterer den nye Netflix dokumentaren til prinsesse M\u00e4rtha Louise og Durek Verrett. Video: NTB. <\/p>\n<p>Prinsen kunne ogs\u00e5 gi et innblikk i hvordan hverdagen ser ut p\u00e5 andre siden av Atlanterhavet.<\/p>\n<p>&#8211; Vi har det travelt p\u00e5 hver v\u00e5r m\u00e5te. Ungene er p\u00e5 skolen, hvor de liker \u00e5 bli utfordret og har en stadig voksende sosial sirkel, og jeg har jobben min. Vi er v\u00e5r lille kjernefamilie og vi liker det, og vi s\u00f8rger ogs\u00e5 for at vi har tid til hverandre s\u00e5 mye som mulig. At det ikke alltid kommer i veien for jobb, skole og lekser. <\/p>\n","protected":false},"excerpt":{"rendered":"Prins Joachim:\u00a0 Prins Joachim og familien blir v\u00e6rende i Amerika i to \u00e5r.\u00a0 HJEMMELENGSEL?: Prins Joachim og prinsesse&hellip;\n","protected":false},"author":2,"featured_media":48914,"comment_status":"","ping_status":"","sticky":false,"template":"","format":"standard","meta":{"footnotes":""},"categories":[12],"tags":[20,21,7559,24,25,15,479,2543,22,23,13,30,28,29,14,16,7331,7560,26,27,42,1318,43,44,45],"class_list":{"0":"post-48913","1":"post","2":"type-post","3":"status-publish","4":"format-standard","5":"has-post-thumbnail","7":"category-verden","8":"tag-breaking-news","9":"tag-breakingnews","10":"tag-danske-kongefamilien","11":"tag-featured-news","12":"tag-featurednews","13":"tag-headlines","14":"tag-kjendis","15":"tag-kjendisdesken","16":"tag-latest-news","17":"tag-latestnews","18":"tag-news","19":"tag-no","20":"tag-norge","21":"tag-norway","22":"tag-nyheter","23":"tag-overskrifter","24":"tag-prins-joachim","25":"tag-prinsesse-marie","26":"tag-top-stories","27":"tag-topstories","28":"tag-verden","29":"tag-washington-d-c","30":"tag-world","31":"tag-world-news","32":"tag-worldnews"},"share_on_mastodon":{"url":"","error":""},"_links":{"self":[{"href":"https:\/\/www.europesays.com\/no\/wp-json\/wp\/v2\/posts\/48913","targetHints":{"allow":["GET"]}}],"collection":[{"href":"https:\/\/www.europesays.com\/no\/wp-json\/wp\/v2\/posts"}],"about":[{"href":"https:\/\/www.europesays.com\/no\/wp-json\/wp\/v2\/types\/post"}],"author":[{"embeddable":true,"href":"https:\/\/www.europesays.com\/no\/wp-json\/wp\/v2\/users\/2"}],"replies":[{"embeddable":true,"href":"https:\/\/www.europesays.com\/no\/wp-json\/wp\/v2\/comments?post=48913"}],"version-history":[{"count":0,"href":"https:\/\/www.europesays.com\/no\/wp-json\/wp\/v2\/posts\/48913\/revisions"}],"wp:featuredmedia":[{"embeddable":true,"href":"https:\/\/www.europesays.com\/no\/wp-json\/wp\/v2\/media\/48914"}],"wp:attachment":[{"href":"https:\/\/www.europesays.com\/no\/wp-json\/wp\/v2\/media?parent=48913"}],"wp:term":[{"taxonomy":"category","embeddable":true,"href":"https:\/\/www.europesays.com\/no\/wp-json\/wp\/v2\/categories?post=48913"},{"taxonomy":"post_tag","embeddable":true,"href":"https:\/\/www.europesays.com\/no\/wp-json\/wp\/v2\/tags?post=48913"}],"curies":[{"name":"wp","href":"https:\/\/api.w.org\/{rel}","templated":true}]}}