{"id":49011,"date":"2025-09-30T11:49:11","date_gmt":"2025-09-30T11:49:11","guid":{"rendered":"https:\/\/www.europesays.com\/no\/49011\/"},"modified":"2025-09-30T11:49:11","modified_gmt":"2025-09-30T11:49:11","slug":"norge-med-dronehjelp-til-danmark","status":"publish","type":"post","link":"https:\/\/www.europesays.com\/no\/49011\/","title":{"rendered":"Norge med dronehjelp til Danmark"},"content":{"rendered":"\n<p class=\"_lead_ew2ao_2 _lead_xtcu6_50 layout-component text-serif-m layout-normal text-serif-l layout-component layout-wide layout-padded _wide_17hqh_1 layout-padded\">N\u00e5 f\u00e5r Danmark hjelp ogs\u00e5 fra Norge. Samtidig hever de beredskapen i energisektoren. <\/p>\n<p><img alt=\"Den danske fregatten Esbern Snare seiler utenfor K\u00f8benhavn, n\u00e6r \u00d8resundsbroen, 29. september 2025. Byen er vertskap for EU-toppm\u00f8tet i European Political Community 1.\u20132. oktober. Foto: MADS CLAUS RASMUSSEN \/ AFP\" class=\"_image_qp4xg_65 layout-component layout-wide\" data-fullscreen- data-track-element-type=\"Article image fullscreen\" data-track-name=\"ImageFullscreen\" fetchpriority=\"high\" decoding=\"sync\" loading=\"eager\" height=\"2552\" itemprop=\"image\"  src=\"https:\/\/www.europesays.com\/no\/wp-content\/uploads\/2025\/09\/5fc5ab01-cecd-4652-a672-abeedafb1ab3\"  style=\"object-position:0% 0%\" width=\"3824\"\/>Den danske fregatten Esbern Snare seiler utenfor K\u00f8benhavn, n\u00e6r \u00d8resundsbroen, 29. september 2025. Byen er vertskap for EU-toppm\u00f8tet i European Political Community 1.\u20132. oktober. Foto: MADS CLAUS RASMUSSEN \/ AFP<\/p>\n<ul aria-hidden=\"true\" class=\"_images_1y6fe_106\">\n<li><a class=\"_link_1y6fe_111\" href=\"https:\/\/www.vg.no\/forfatter\/alf-bjarne-johnsen\" style=\"z-index:2\" title=\"Alf Bjarne Johnsen\" rel=\"nofollow noopener\" target=\"_blank\"><img alt=\"Bilde av Alf Bjarne Johnsen\" class=\"_image_1y6fe_88\" fetchpriority=\"low\" loading=\"lazy\" decoding=\"async\" itemprop=\"image\"  src=\"https:\/\/www.europesays.com\/no\/wp-content\/uploads\/2025\/09\/1759232950_528_a8952b63-f4d3-424e-ab5c-93e67076c9b0\"  width=\"480\"\/><\/a><\/li>\n<li><a class=\"_link_1y6fe_111\" href=\"https:\/\/www.vg.no\/forfatter\/anja-ariel-toernes-brekke\" style=\"z-index:1\" title=\"Anja A. T. Brekke\" rel=\"nofollow noopener\" target=\"_blank\"><img alt=\"Bilde av Anja A. T. Brekke\" class=\"_image_1y6fe_88\" fetchpriority=\"low\" loading=\"lazy\" decoding=\"async\" itemprop=\"image\"  src=\"https:\/\/www.europesays.com\/no\/wp-content\/uploads\/2025\/09\/1759232950_384_064db0a6-f784-4fee-a84a-81e3f5807bb6\"  width=\"480\"\/><\/a><\/li>\n<\/ul>\n<p> Oppdatert tirsdag 30. september kl. 10:50    <\/p>\n<ul class=\"_list_ew2ao_3 _list_64s2r_85 _unordered_ew2ao_99 text-sans-m\">\n<li class=\"_item_ew2ao_30\">Norge sender dronehjelp til Danmark under toppm\u00f8ter- <\/li>\n<li class=\"_item_ew2ao_30\">Forsvarsminister Tore O. Sandvik mener Danmarks sikkerhet ogs\u00e5 er Norges.<\/li>\n<li class=\"_item_ew2ao_30\">Samtidig hever Danmark beredskapsniv\u00e5et for energisektoren p\u00e5 grunn av mulige trusler om sabotasje.<\/li>\n<li class=\"_item_ew2ao_30\">Flere hundre danske soldater er hasteinnkalt etter flere dronehendelser.<\/li>\n<\/ul>\n<p>Vis mer <\/p>\n<p class=\"_paragraph_ew2ao_4 _paragraph_xtcu6_10 layout-component text-serif-m layout-normal text-serif-m layout-padded\">Regjeringen har besluttet \u00e5 gi <a href=\"https:\/\/www.vg.no\/tag\/danmark?utm_source=vg-article&amp;utm_medium=auto-tagger&amp;utm_campaign=mPO2eE\" class=\"_link_ew2ao_39\" rel=\"nofollow noopener\" target=\"_blank\">Danmark<\/a> bistand for \u00e5 h\u00e5ndtere mulige dronetrusler under h\u00f8yniv\u00e5m\u00f8tene som arrangeres i Danmark denne uken, melder regjeringen.<\/p>\n<p class=\"_paragraph_ew2ao_4 _paragraph_xtcu6_10 layout-component text-serif-m layout-normal text-serif-m layout-padded\">\u2013 Danmark er en n\u00e6r nabo og et NATO-land. N\u00e5r Danmark ber om en slik st\u00f8tte er det viktig for oss \u00e5 stille. Vi viser med dette solidaritet med Danmark og v\u00e5r evne til \u00e5 bidra til felles sikkerhet i Europa. Danmarks sikkerhet er ogs\u00e5 v\u00e5r sikkerhet, sier forsvarsminister Tore O. Sandvik.<\/p>\n<p><img decoding=\"async\" alt=\"Bilde av Tore O. Sandvik\" class=\"_image_ygndg_42\" height=\"27\" itemprop=\"image\" loading=\"lazy\"  src=\"https:\/\/www.europesays.com\/no\/wp-content\/uploads\/2025\/09\/cf640f32-f32a-4b09-bd9c-1259feb43f20\"  width=\"40\"\/><strong class=\"_name_ygndg_51 title-serif-xs\">Tore O. Sandvik<\/strong><\/p>\n<p class=\"_paragraph_ew2ao_4 text-sans-m _description_ygndg_56\">Forsvarsminister<\/p>\n<p class=\"_paragraph_ew2ao_4 _paragraph_xtcu6_10 layout-component text-serif-m layout-normal text-serif-m layout-padded\">Avgj\u00f8relsen ble tatt i et ekstraordin\u00e6rt statsr\u00e5dstatsr\u00e5dKongen i statsr\u00e5d er det formelle m\u00f8tet der regjeringen fatter beslutninger. Normalt er m\u00f8tet hver fredag.  p\u00e5 Slottet tirsdag. <\/p>\n<p class=\"_paragraph_ew2ao_4 _paragraph_xtcu6_10 layout-component text-serif-m layout-normal text-serif-m layout-padded\">Det er Danmark som har spurt Norge om hjelp i forkant av EU-toppm\u00f8tet onsdag og et m\u00f8te i det europeiske politiske fellesskapet dagen etter.<\/p>\n<p class=\"_paragraph_ew2ao_4 _paragraph_xtcu6_10 layout-component text-serif-m layout-normal text-serif-m layout-padded\">Hjelpen inneb\u00e6rer at norsk materiell og personell skal st\u00f8tte det danske forsvaret i forbindelse med to toppm\u00f8ter. <\/p>\n<p class=\"_paragraph_ew2ao_4 _paragraph_xtcu6_10 layout-component text-serif-m layout-normal text-serif-m layout-padded\">Utover dette \u00f8nsker ikke forsvarsdepartementet \u00e5 spesifisere hva slags hjelp det er snakk om, av sikkerhetsmessige hensyn.<\/p>\n<p><img alt=\"Danmarks statsminister Mette Frederiksen har advart mot hybridangrep.   Foto: Emil Nicolai Helms \/ EPA \/ NTB\" class=\"_image_qp4xg_65 layout-component layout-normal\" data-fullscreen- data-track-element-type=\"Article image fullscreen\" data-track-name=\"ImageFullscreen\" decoding=\"async\" loading=\"lazy\" height=\"4495\" itemprop=\"image\"  src=\"https:\/\/www.europesays.com\/no\/wp-content\/uploads\/2025\/09\/c9fb28e2-d780-4a3e-a27f-6166ca03e160\"  style=\"object-position:0% 0%\" width=\"6742\"\/>Danmarks statsminister Mette Frederiksen har advart mot hybridangrep.   Foto: Emil Nicolai Helms \/ EPA \/ NTBHever beredskapen<\/p>\n<p class=\"_paragraph_ew2ao_4 _paragraph_xtcu6_10 layout-component text-serif-m layout-normal text-serif-m layout-padded\">Tirsdag er det ogs\u00e5 klart at Danmark<a href=\"https:\/\/ekstrabladet.dk\/nyheder\/politik\/regeringen-haever-energisektorens-beredskabsniveau\/10961530\" class=\"_link_ew2ao_39\" rel=\"nofollow noopener\" target=\"_blank\"> hever beredskapsniv\u00e5et<\/a> for energisektoren til nest h\u00f8yeste niv\u00e5. <\/p>\n<p class=\"_paragraph_ew2ao_4 _paragraph_xtcu6_10 layout-component text-serif-m layout-normal text-serif-m layout-padded\">Bakgrunnen er frykt for at sektoren kan bli utsatt for sabotasje og hybridangrep, if\u00f8lge Danmarks energiminister Lars Aasgaard. <\/p>\n<p class=\"_paragraph_ew2ao_4 _paragraph_xtcu6_10 layout-component text-serif-m layout-normal text-serif-m layout-padded\">\u2013 Det er viktig for meg \u00e5 understreke at det ikke er uttrykk for en konkret trussel mot dansk energiforsyning, men at dette er gjort ut ifra en samlet vurdering av trusselbildet, sier han. <\/p>\n<ul class=\"_gallery_1qa3s_23\" tabindex=\"0\">\n<li class=\"_item_1qa3s_37\" data-index=\"0\"><img decoding=\"async\" class=\"_image_foru8_23 _articleGallery_foru8_39\" data-fullscreen- width=\"5104\" height=\"3400\" itemprop=\"image\" loading=\"lazy\"  src=\"https:\/\/www.europesays.com\/no\/wp-content\/uploads\/2025\/09\/5fa34bde-fff4-4740-8b42-727af271eff3\"  style=\"object-position:50% 50%;aspect-ratio:var(--gallery-aspect-ratio, 16 \/ 9)\"\/>Dansk politi patruljerer ved Christiansborg i K\u00f8benhavn 29. september 2025. Byen forbereder sikkerheten rundt EU-toppm\u00f8tet i European Political Community 1.\u20132. oktober. Foto: LISELOTTE SABROE \/ AFP<\/li>\n<li class=\"_item_1qa3s_37\" data-index=\"1\"><img decoding=\"async\" class=\"_image_foru8_23 _articleGallery_foru8_39\" data-fullscreen- width=\"5364\" height=\"3612\" itemprop=\"image\" loading=\"lazy\"  src=\"https:\/\/www.europesays.com\/no\/wp-content\/uploads\/2025\/09\/91db21d1-297a-4104-a66b-baa11466e607\"  style=\"object-position:50% 50%;aspect-ratio:var(--gallery-aspect-ratio, 16 \/ 9)\"\/>Parkering forbudt-skilt ved Christiansborg i K\u00f8benhavn 29. september 2025. Sikkerhetstiltakene trappes opp f\u00f8r EU-toppm\u00f8tet i European Political Community 1.\u20132. oktober.  Foto: LISELOTTE SABROE \/ AFP<\/li>\n<li class=\"_item_1qa3s_37\" data-index=\"2\"><img decoding=\"async\" class=\"_image_foru8_23 _articleGallery_foru8_39\" data-fullscreen- width=\"2996\" height=\"1983\" itemprop=\"image\" loading=\"lazy\"  src=\"https:\/\/www.europesays.com\/no\/wp-content\/uploads\/2025\/09\/1167c583-c6a4-4e29-b4d2-941e47bfd314\"  style=\"object-position:50% 50%;aspect-ratio:var(--gallery-aspect-ratio, 16 \/ 9)\"\/>Dansk politi patruljerer ved Amalienborg slott i K\u00f8benhavn 29. september 2025. Sikkerheten er skjerpet foran EU-toppm\u00f8tet i European Political Community 1.\u20132. oktober.  Foto: SEBASTIAN ELIAS UTH \/ AFP<\/li>\n<\/ul>\n<p>Dansk politi patruljerer ved Christiansborg i K\u00f8benhavn 29. september 2025. Byen forbereder sikkerheten rundt EU-toppm\u00f8tet i European Political Community 1.\u20132. oktober. Foto: LISELOTTE SABROE \/ AFP<\/p>\n<p>Flere dronehendelser<\/p>\n<p class=\"_paragraph_ew2ao_4 _paragraph_xtcu6_10 layout-component text-serif-m layout-normal text-serif-m layout-padded\">Mandag kveld skrev danske\u00a0<a href=\"https:\/\/nyheder.tv2.dk\/samfund\/2025-09-29-droner-faar-forsvaret-til-at-hasteindkalde-soldater-fra-reserven\" class=\"_link_ew2ao_39\" rel=\"nofollow noopener\" target=\"_blank\">TV 2<\/a>\u00a0at flere hundre danske soldater er hasteinnkalt til tjeneste, med direkte henvisning til dronesituasjonen.<\/p>\n<p class=\"_paragraph_ew2ao_4 _paragraph_xtcu6_10 layout-component text-serif-m layout-normal text-serif-m layout-padded\">Dagen f\u00f8r innf\u00f8rte Danmark droneforbud frem til fredag etter mistenkelig droneaktivitet. <\/p>\n<p class=\"_paragraph_ew2ao_4 _paragraph_xtcu6_10 layout-component text-serif-m layout-normal text-serif-m layout-padded\">I forrige uke var det en rekke dronehendelser i Danmark. De vet forel\u00f8pig ikke hvor dronene kommer fra, men statsminister Mette Frederiksen har omtalt hendelsene som hybrid krigf\u00f8ring.<\/p>\n","protected":false},"excerpt":{"rendered":"N\u00e5 f\u00e5r Danmark hjelp ogs\u00e5 fra Norge. Samtidig hever de beredskapen i energisektoren. Den danske fregatten Esbern Snare&hellip;\n","protected":false},"author":2,"featured_media":49012,"comment_status":"","ping_status":"","sticky":false,"template":"","format":"standard","meta":{"footnotes":""},"categories":[5],"tags":[20,21,1524,6847,1014,279,24,25,15,19,22,23,17,18,13,30,28,29,14,16,26,27,1566],"class_list":{"0":"post-49011","1":"post","2":"type-post","3":"status-publish","4":"format-standard","5":"has-post-thumbnail","7":"category-overskrifter","8":"tag-breaking-news","9":"tag-breakingnews","10":"tag-danmark","11":"tag-droneobservasjoner","12":"tag-droner","13":"tag-eu","14":"tag-featured-news","15":"tag-featurednews","16":"tag-headlines","17":"tag-hovedoppslag","18":"tag-latest-news","19":"tag-latestnews","20":"tag-main-news","21":"tag-mainnews","22":"tag-news","23":"tag-no","24":"tag-norge","25":"tag-norway","26":"tag-nyheter","27":"tag-overskrifter","28":"tag-top-stories","29":"tag-topstories","30":"tag-tore-o-sandvik"},"share_on_mastodon":{"url":"","error":""},"_links":{"self":[{"href":"https:\/\/www.europesays.com\/no\/wp-json\/wp\/v2\/posts\/49011","targetHints":{"allow":["GET"]}}],"collection":[{"href":"https:\/\/www.europesays.com\/no\/wp-json\/wp\/v2\/posts"}],"about":[{"href":"https:\/\/www.europesays.com\/no\/wp-json\/wp\/v2\/types\/post"}],"author":[{"embeddable":true,"href":"https:\/\/www.europesays.com\/no\/wp-json\/wp\/v2\/users\/2"}],"replies":[{"embeddable":true,"href":"https:\/\/www.europesays.com\/no\/wp-json\/wp\/v2\/comments?post=49011"}],"version-history":[{"count":0,"href":"https:\/\/www.europesays.com\/no\/wp-json\/wp\/v2\/posts\/49011\/revisions"}],"wp:featuredmedia":[{"embeddable":true,"href":"https:\/\/www.europesays.com\/no\/wp-json\/wp\/v2\/media\/49012"}],"wp:attachment":[{"href":"https:\/\/www.europesays.com\/no\/wp-json\/wp\/v2\/media?parent=49011"}],"wp:term":[{"taxonomy":"category","embeddable":true,"href":"https:\/\/www.europesays.com\/no\/wp-json\/wp\/v2\/categories?post=49011"},{"taxonomy":"post_tag","embeddable":true,"href":"https:\/\/www.europesays.com\/no\/wp-json\/wp\/v2\/tags?post=49011"}],"curies":[{"name":"wp","href":"https:\/\/api.w.org\/{rel}","templated":true}]}}