{"id":49056,"date":"2025-09-30T12:31:12","date_gmt":"2025-09-30T12:31:12","guid":{"rendered":"https:\/\/www.europesays.com\/no\/49056\/"},"modified":"2025-09-30T12:31:12","modified_gmt":"2025-09-30T12:31:12","slug":"aslak-sira-myhre-far-toppstilling-i-lyse","status":"publish","type":"post","link":"https:\/\/www.europesays.com\/no\/49056\/","title":{"rendered":"Aslak Sira Myhre f\u00e5r toppstilling i Lyse"},"content":{"rendered":"<p class=\"txt-ind\">\u2013 Jeg gleder meg til \u00e5 f\u00e5 v\u00e6re med i ledelsen i et konsern som forvalter b\u00e5de kraft, infrastruktur og samfunnssikkerhet p\u00e5 vegne av et sterkt fellesskap av kommuner i Rogaland, sier han i en pressemelding fra Lyse.<\/p>\n<p class=\"txt-ind\"><a href=\"https:\/\/www.aftenbladet.no\/okonomi\/i\/algoLL\/aslak-sira-myhre-slutter-som-nasjonalbibliotekar-og-begynner-i-lyse\" target=\"_blank\" rel=\"noopener nofollow\">Stavanger Aftenblad\u00a0<\/a>omtalte saken f\u00f8rst.<\/p>\n<p class=\"txt-ind\">\u2013 Jeg gleder meg til \u00e5 komme hjem, b\u00e5de hjem til Stavanger og hjem til Rogaland. Dette er det landskapet jeg kommer fra, det er hit jeg har reist n\u00e5r jeg har hatt muligheten i alle \u00e5r jeg har bodd i Oslo. Det er her Lyse har sin base og det er her jeg har hjertet mitt.<\/p>\n<p class=\"txt-ind\">Konsernsjef i Lyse, Rosalie Poen, er glad for \u00e5 f\u00e5 en sterk og erfaren leder med p\u00e5 laget.<\/p>\n<p class=\"txt-ind\">\u2013 Aslak har bred kompetanse, solid samfunnsforst\u00e5else og er en sv\u00e6rt god formidler. Han kjenner regionen godt, og har jobbet med strategiske sp\u00f8rsm\u00e5l i store virksomheter, sier Poen.<\/p>\n<p class=\"txt-ind\">Sira Myhre har tidligere v\u00e6rt partileder i R\u00f8d valgallianse (RV), forl\u00f8peren til dagens R\u00f8dt. Han har ogs\u00e5 v\u00e6rt direkt\u00f8r ved Litteraturhuset i Oslo, og har ogs\u00e5 bakgrunn som journalist.<\/p>\n<p><a class=\"group clear-both w-full !no-underline my-8 sm:my-12 bg-stone-50 dark:bg-brandStone-700 dark:text-brandNeutral-100 flex items-stretch flex-nowrap\" href=\"https:\/\/www.digi.no\/artikler\/lyse-skiller-bredband-og-mobil\/562719\" rel=\"nofollow noopener\" target=\"_blank\"><img decoding=\"async\" class=\" object-cover h-full w-full transition-transform duration-700 ease-in-out group-hover:scale-[1.05] will-change-transform\" src=\"https:\/\/www.europesays.com\/no\/wp-content\/uploads\/2025\/09\/Shiraz%20Abid%20Julia%20Knudsen.jpg\"  alt=\"Shiraz Abid og Julia Knudsen (innfelt) skal lede henholdsvis mobildivisjonen Ice og bredb\u00e5ndsdivisjonen Altibox i Lyse Tele.   \" loading=\"lazy\"\/><\/p>\n<p>Les ogs\u00e5:<\/p>\n<p class=\"group-hover:underline text-brandNeutral-900 dark:text-brandNeutral-100 mt-2 text-base sm:text-xl leading-5 sm:leading-6 font-bold\">Lyse skiller bredb\u00e5nd og mobil<\/p>\n<p><\/a><\/p>\n","protected":false},"excerpt":{"rendered":"\u2013 Jeg gleder meg til \u00e5 f\u00e5 v\u00e6re med i ledelsen i et konsern som forvalter b\u00e5de kraft,&hellip;\n","protected":false},"author":2,"featured_media":49057,"comment_status":"","ping_status":"","sticky":false,"template":"","format":"standard","meta":{"footnotes":""},"categories":[5],"tags":[20,21,24,25,15,19,22,23,17,18,13,30,28,29,14,16,1376,26,27],"class_list":{"0":"post-49056","1":"post","2":"type-post","3":"status-publish","4":"format-standard","5":"has-post-thumbnail","7":"category-overskrifter","8":"tag-breaking-news","9":"tag-breakingnews","10":"tag-featured-news","11":"tag-featurednews","12":"tag-headlines","13":"tag-hovedoppslag","14":"tag-latest-news","15":"tag-latestnews","16":"tag-main-news","17":"tag-mainnews","18":"tag-news","19":"tag-no","20":"tag-norge","21":"tag-norway","22":"tag-nyheter","23":"tag-overskrifter","24":"tag-telekom","25":"tag-top-stories","26":"tag-topstories"},"share_on_mastodon":{"url":"","error":""},"_links":{"self":[{"href":"https:\/\/www.europesays.com\/no\/wp-json\/wp\/v2\/posts\/49056","targetHints":{"allow":["GET"]}}],"collection":[{"href":"https:\/\/www.europesays.com\/no\/wp-json\/wp\/v2\/posts"}],"about":[{"href":"https:\/\/www.europesays.com\/no\/wp-json\/wp\/v2\/types\/post"}],"author":[{"embeddable":true,"href":"https:\/\/www.europesays.com\/no\/wp-json\/wp\/v2\/users\/2"}],"replies":[{"embeddable":true,"href":"https:\/\/www.europesays.com\/no\/wp-json\/wp\/v2\/comments?post=49056"}],"version-history":[{"count":0,"href":"https:\/\/www.europesays.com\/no\/wp-json\/wp\/v2\/posts\/49056\/revisions"}],"wp:featuredmedia":[{"embeddable":true,"href":"https:\/\/www.europesays.com\/no\/wp-json\/wp\/v2\/media\/49057"}],"wp:attachment":[{"href":"https:\/\/www.europesays.com\/no\/wp-json\/wp\/v2\/media?parent=49056"}],"wp:term":[{"taxonomy":"category","embeddable":true,"href":"https:\/\/www.europesays.com\/no\/wp-json\/wp\/v2\/categories?post=49056"},{"taxonomy":"post_tag","embeddable":true,"href":"https:\/\/www.europesays.com\/no\/wp-json\/wp\/v2\/tags?post=49056"}],"curies":[{"name":"wp","href":"https:\/\/api.w.org\/{rel}","templated":true}]}}