{"id":49123,"date":"2025-09-30T13:18:09","date_gmt":"2025-09-30T13:18:09","guid":{"rendered":"https:\/\/www.europesays.com\/no\/49123\/"},"modified":"2025-09-30T13:18:09","modified_gmt":"2025-09-30T13:18:09","slug":"slik-vil-trump-og-hegseth-endre-haeren-mannlig-fysisk-niva","status":"publish","type":"post","link":"https:\/\/www.europesays.com\/no\/49123\/","title":{"rendered":"Slik vil Trump og Hegseth endre h\u00e6ren: \u00abMannlig, fysisk niv\u00e5\u00bb"},"content":{"rendered":"\n<p class=\"_lead_ew2ao_2 _lead_xtcu6_50 layout-component text-serif-m layout-normal text-serif-l layout-component layout-wide layout-padded _wide_17hqh_1 layout-padded\">Krigsminister Pete Hegseth har samlet USAs \u00f8verste offiserer for \u00e5 stake ut en ny kurs. Han vil f\u00e5 en slutt p\u00e5 \u00abkvotering\u00bb av kvinnelige soldater og mangfoldstiltak. Og ut med \u00abtjukke soldater\u00bb.<\/p>\n<p><img alt=\" Foto: Andrew Harnik \/ AP \/ NTB\" class=\"_image_qp4xg_65 layout-component layout-wide\" data-fullscreen- data-track-element-type=\"Article image fullscreen\" data-track-name=\"ImageFullscreen\" fetchpriority=\"high\" decoding=\"sync\" loading=\"eager\" height=\"5217\" itemprop=\"image\"  src=\"https:\/\/www.europesays.com\/no\/wp-content\/uploads\/2025\/09\/7764ce86-5658-47c6-ae83-18590b797cac\"  style=\"object-position:0% 0%\" width=\"7824\"\/> Foto: Andrew Harnik \/ AP \/ NTB<\/p>\n<ul aria-hidden=\"true\" class=\"_images_1y6fe_106\">\n<li><a class=\"_link_1y6fe_111\" href=\"https:\/\/www.vg.no\/forfatter\/nilas-johnsen\" style=\"z-index:1\" title=\"Nilas Johnsen\" rel=\"nofollow noopener\" target=\"_blank\"><img alt=\"Bilde av Nilas Johnsen\" class=\"_image_1y6fe_88\" fetchpriority=\"low\" loading=\"lazy\" decoding=\"async\" itemprop=\"image\"  src=\"https:\/\/www.europesays.com\/no\/wp-content\/uploads\/2025\/09\/614dcc30-c749-4fdb-b648-7b0137610b9b\"  width=\"480\"\/><\/a><\/li>\n<\/ul>\n<p>Rapporterer fra New York Oppdatert tirsdag 30. september kl. 15:17    <\/p>\n<ul class=\"_list_ew2ao_3 _list_64s2r_85 _unordered_ew2ao_99 text-sans-m\">\n<li class=\"_item_ew2ao_30\">Krigsminister Pete Hegseth samlet USAs \u00f8verste offiserer i Quantico og varslet en hard kulturendring for \u00e5 \u00abEnd the War on Warriors\u00bb.<\/li>\n<li class=\"_item_ew2ao_30\">Han vil skrote mangfoldstiltak og \u00abkvotering\u00bb, kreve samme fysiske krav for kvinner, stramme inn p\u00e5 overvekt, h\u00e5r og skjegg, og ber uenige offiserer s\u00f8ke avgang.<\/li>\n<\/ul>\n<p>Vis mer <\/p>\n<p class=\"_paragraph_ew2ao_4 _paragraph_xtcu6_10 layout-component text-serif-m layout-normal text-serif-m layout-padded\">Hegseth holder en tale som if\u00f8lge ham har som m\u00e5l \u00e5 \u00abEnd the War on Warriors\u00bb, en referanse til hans egen bok: \u00abThe War on Warriors\u00bb.<\/p>\n<p class=\"_paragraph_ew2ao_4 _paragraph_xtcu6_10 layout-component text-serif-m layout-normal text-serif-m layout-padded\">Hundrevis av offiserer, stasjonert verden rundt, ble kalt inn til et massivt m\u00f8te ved marinesoldatenes base i Quantico.<\/p>\n<p class=\"_paragraph_ew2ao_4 _paragraph_xtcu6_10 layout-component text-serif-m layout-normal text-serif-m layout-padded\">I forkant har det v\u00e6rt knyttet stor spenning til hva m\u00f8tet egentlig har som form\u00e5l, og hvor strengt hemmeligholdet ville bli, men Hegseths tale ble streamet live.<\/p>\n<p class=\"_paragraph_ew2ao_4 _paragraph_xtcu6_10 layout-component text-serif-m layout-normal text-serif-m layout-padded\">Krigsministeren brukte talen til \u00e5 banke inn behovet for en kulturendring innen det amerikanske milit\u00e6ret. Han \u00f8nsker et mer aggressivt og spisset milit\u00e6re som gjenskaper \u00abkriger etos\u00bb.<\/p>\n<p class=\"_paragraph_ew2ao_4 _paragraph_xtcu6_10 layout-component text-serif-m layout-normal text-serif-m layout-padded\">Han varsler at det vil komme flere endringer i toppledelsen, for \u00e5 endre milit\u00e6ret fra det han kaller \u00abthe woke department\u00bb til The War Department, som det amerikanske forsvarsdepartementet er omd\u00f8pt til. <\/p>\n<p><img alt=\"Foto: ANDREW HARNIK \/ AFP \/ NTB\" class=\"_image_qp4xg_65 layout-component layout-normal\" data-fullscreen- data-track-element-type=\"Article image fullscreen\" data-track-name=\"ImageFullscreen\" decoding=\"async\" loading=\"lazy\" height=\"5207\" itemprop=\"image\"  src=\"https:\/\/www.europesays.com\/no\/wp-content\/uploads\/2025\/09\/63977014-1200-4815-a086-3277ba3a7eb9\"  style=\"object-position:0% 0%\" width=\"7810\"\/>Foto: ANDREW HARNIK \/ AFP \/ NTB<\/p>\n<p class=\"_paragraph_ew2ao_4 _paragraph_xtcu6_10 layout-component text-serif-m layout-normal text-serif-m layout-padded\">\u2013 Vi er ferdige med den Woke-dritten, sier Hegseth.<\/p>\n<p class=\"_paragraph_ew2ao_4 _paragraph_xtcu6_10 layout-component text-serif-m layout-normal text-serif-m layout-padded\"><strong class=\"_strong_ew2ao_25\">Han oppfordrer offiserer som er uenig med det han sier, til \u00e5 s\u00f8ke om sin egen avgang.<\/strong><\/p>\n<p class=\"_paragraph_ew2ao_4 _paragraph_xtcu6_10 layout-component text-serif-m layout-normal text-serif-m layout-padded\">Han legger frem at alle nye fysiske krav vil gjelde p\u00e5 \u00abmannlige toppniv\u00e5\u00bb. Hegseth sier at alle mangfoldstiltak skal ut:<\/p>\n<p class=\"_paragraph_ew2ao_4 _paragraph_xtcu6_10 layout-component text-serif-m layout-normal text-serif-m layout-padded\">\u2013 V\u00e5re inntakskrav skal v\u00e6re fargeblinde og kj\u00f8nnsn\u00f8ytrale. Det er slutt p\u00e5 at kj\u00f8nn eller rase skal brukes til \u00e5 gi noen en jobb de ikke er kvalifisert til. Og det er slutt p\u00e5 tiden med \u00abtyper i skj\u00f8rt\u00bb. <\/p>\n<p class=\"_paragraph_ew2ao_4 _paragraph_xtcu6_10 layout-component text-serif-m layout-normal text-serif-m layout-padded\"><strong class=\"_strong_ew2ao_25\">Les ogs\u00e5:<a href=\"https:\/\/www.vg.no\/nyheter\/i\/gwm9X5\/trumps-krig-mot-trans-obersten-bree-fram-fikk-sparken\" data-track-element-type=\"Link\" data-track-id=\"link:gwm9X5\" class=\"_link_ew2ao_39\" rel=\"nofollow noopener\" target=\"_blank\"> Trumps krig mot trans. Obersten Bree fikk sparken<\/a><\/strong><\/p>\n<p><img alt=\"Foto: ANDREW HARNIK \/ AFP \/ NTB\" class=\"_image_qp4xg_65 layout-component layout-normal\" data-fullscreen- data-track-element-type=\"Article image fullscreen\" data-track-name=\"ImageFullscreen\" decoding=\"async\" loading=\"lazy\" height=\"4406\" itemprop=\"image\"  src=\"https:\/\/www.europesays.com\/no\/wp-content\/uploads\/2025\/09\/cac8c2e5-946a-4ac1-b809-59e1164d7671\"  style=\"object-position:0% 0%\" width=\"6609\"\/>Foto: ANDREW HARNIK \/ AFP \/ NTB M\u00e5 v\u00e6re like sterke som menn<\/p>\n<p class=\"_paragraph_ew2ao_4 _paragraph_xtcu6_10 layout-component text-serif-m layout-normal text-serif-m layout-padded\">Hegseth er tydelig p\u00e5 at kvinnelige soldater og offiserer fortsatt vil \u00f8nskes velkommen, men hvis stillingen de s\u00f8ker p\u00e5 krever fysisk styrke, m\u00e5 de klare de samme fysiske inntakskravene som menn.<\/p>\n<p class=\"_paragraph_ew2ao_4 _paragraph_xtcu6_10 layout-component text-serif-m layout-normal text-serif-m layout-padded\">Hegseth ber sine offiserer vurdere f\u00f8lgende: Vil de la sin egen s\u00f8nn bli en del det milit\u00e6ret de selv deltar i? Hvis man er i tvil, er man p\u00e5 feil sted, sier Hegseth og bruker sin egen s\u00f8nn som eksempel.<\/p>\n<p class=\"_paragraph_ew2ao_4 _paragraph_xtcu6_10 layout-component text-serif-m layout-normal text-serif-m layout-padded\">Hegseth vil ogs\u00e5 ha hardere fysisk trening og jevnlige tester.<\/p>\n<p class=\"_paragraph_ew2ao_4 _paragraph_xtcu6_10 layout-component text-serif-m layout-normal text-serif-m layout-padded\">\u2013 Hvis statsr\u00e5den t\u00e5ler en hard daglig trenings\u00f8kt, s\u00e5 t\u00e5ler dere det ogs\u00e5. Det er f\u00e6lt \u00e5 se ut p\u00e5 tjukke soldater, eller tjukke generaler for den saks skyld. det er slutt p\u00e5 tjukke soldater. <\/p>\n<p class=\"_paragraph_ew2ao_4 _paragraph_xtcu6_10 layout-component text-serif-m layout-normal text-serif-m layout-padded\"><strong class=\"_strong_ew2ao_25\">\u2013 Og det er slutt p\u00e5 \u00e5 ha langt h\u00e5r og skjegg. Vil dere gro et skjegg, bli med i spesialtroppene. Hvis ikke, bort med skjegget.<\/strong><\/p>\n<p class=\"_paragraph_ew2ao_4 _paragraph_xtcu6_10 layout-component text-serif-m layout-normal text-serif-m layout-padded\">Saken oppdateres.<\/p>\n<p> Trump deltar<\/p>\n<p class=\"_paragraph_ew2ao_4 _paragraph_xtcu6_10 layout-component text-serif-m layout-normal text-serif-m layout-padded\">President Donald Trump er den neste som skal tale til offiserene. I forkant har han vedg\u00e5tt at samlingen \u00abkoster en hel del\u00bb.<\/p>\n<p class=\"_paragraph_ew2ao_4 _paragraph_xtcu6_10 layout-component text-serif-m layout-normal text-serif-m layout-padded\">\u2013 Noe slikt har aldri blitt gjort f\u00f8r, fordi de kom fra hele verden. Og det er litt penger, ikke mye, men det er litt penger vi ikke liker \u00e5 kaste bort, sa Trump f\u00f8r han dro for \u00e5 tale p\u00e5 Marine Corps Base Quantico. <\/p>\n<p class=\"_paragraph_ew2ao_4 _paragraph_xtcu6_10 layout-component text-serif-m layout-normal text-serif-m layout-padded\">\u2013 Vi vil heller bruke dem p\u00e5 kuler og raketter, men dette er den ene gangen vi har m\u00e5ttet gj\u00f8re en stor moralsamling.<\/p>\n","protected":false},"excerpt":{"rendered":"Krigsminister Pete Hegseth har samlet USAs \u00f8verste offiserer for \u00e5 stake ut en ny kurs. Han vil f\u00e5&hellip;\n","protected":false},"author":2,"featured_media":49124,"comment_status":"","ping_status":"","sticky":false,"template":"","format":"standard","meta":{"footnotes":""},"categories":[12],"tags":[20,21,24,25,15,22,23,13,30,28,29,14,16,4422,6506,26,27,50,42,43,44,45],"class_list":{"0":"post-49123","1":"post","2":"type-post","3":"status-publish","4":"format-standard","5":"has-post-thumbnail","7":"category-verden","8":"tag-breaking-news","9":"tag-breakingnews","10":"tag-featured-news","11":"tag-featurednews","12":"tag-headlines","13":"tag-latest-news","14":"tag-latestnews","15":"tag-news","16":"tag-no","17":"tag-norge","18":"tag-norway","19":"tag-nyheter","20":"tag-overskrifter","21":"tag-pentagon","22":"tag-pete-hegseth","23":"tag-top-stories","24":"tag-topstories","25":"tag-usa","26":"tag-verden","27":"tag-world","28":"tag-world-news","29":"tag-worldnews"},"share_on_mastodon":{"url":"","error":""},"_links":{"self":[{"href":"https:\/\/www.europesays.com\/no\/wp-json\/wp\/v2\/posts\/49123","targetHints":{"allow":["GET"]}}],"collection":[{"href":"https:\/\/www.europesays.com\/no\/wp-json\/wp\/v2\/posts"}],"about":[{"href":"https:\/\/www.europesays.com\/no\/wp-json\/wp\/v2\/types\/post"}],"author":[{"embeddable":true,"href":"https:\/\/www.europesays.com\/no\/wp-json\/wp\/v2\/users\/2"}],"replies":[{"embeddable":true,"href":"https:\/\/www.europesays.com\/no\/wp-json\/wp\/v2\/comments?post=49123"}],"version-history":[{"count":0,"href":"https:\/\/www.europesays.com\/no\/wp-json\/wp\/v2\/posts\/49123\/revisions"}],"wp:featuredmedia":[{"embeddable":true,"href":"https:\/\/www.europesays.com\/no\/wp-json\/wp\/v2\/media\/49124"}],"wp:attachment":[{"href":"https:\/\/www.europesays.com\/no\/wp-json\/wp\/v2\/media?parent=49123"}],"wp:term":[{"taxonomy":"category","embeddable":true,"href":"https:\/\/www.europesays.com\/no\/wp-json\/wp\/v2\/categories?post=49123"},{"taxonomy":"post_tag","embeddable":true,"href":"https:\/\/www.europesays.com\/no\/wp-json\/wp\/v2\/tags?post=49123"}],"curies":[{"name":"wp","href":"https:\/\/api.w.org\/{rel}","templated":true}]}}