{"id":49139,"date":"2025-09-30T13:35:09","date_gmt":"2025-09-30T13:35:09","guid":{"rendered":"https:\/\/www.europesays.com\/no\/49139\/"},"modified":"2025-09-30T13:35:09","modified_gmt":"2025-09-30T13:35:09","slug":"bodo-glimt-trener-kjetil-knutsen-gir-sondre-auklend-sjansen-som-hoyrekant-mot-tottenham","status":"publish","type":"post","link":"https:\/\/www.europesays.com\/no\/49139\/","title":{"rendered":"Bod\u00f8\/Glimt-trener Kjetil Knutsen gir Sondre Auklend sjansen som h\u00f8yrekant mot Tottenham"},"content":{"rendered":"\n<p class=\"_lead_ew2ao_2 _lead_xtcu6_50 layout-component text-serif-m layout-normal text-serif-l layout-component layout-wide layout-padded _wide_17hqh_1 layout-padded\">\u00c9n posisjon er ekstra hardt rammet. Det gj\u00f8r at Bod\u00f8\/Glimt m\u00e5 stokke om p\u00e5 kortene.<\/p>\n<p><img alt=\"HODEBRY: Kjetil Knutsen er n\u00f8dt til \u00e5 ta grep som f\u00f8lge av skadesituasjonen. Foto: Lise \u00c5serud \/ NTB\" class=\"_image_qp4xg_65 layout-component layout-wide\" data-fullscreen- data-track-element-type=\"Article image fullscreen\" data-track-name=\"ImageFullscreen\" fetchpriority=\"high\" decoding=\"sync\" loading=\"eager\" height=\"2831\" itemprop=\"image\"  src=\"https:\/\/www.europesays.com\/no\/wp-content\/uploads\/2025\/09\/8bb392cd-6808-446e-8574-755f02b04bb2\"  style=\"object-position:0% 0%\" width=\"4247\"\/>HODEBRY: Kjetil Knutsen er n\u00f8dt til \u00e5 ta grep som f\u00f8lge av skadesituasjonen. Foto: Lise \u00c5serud \/ NTB<\/p>\n<ul aria-hidden=\"true\" class=\"_images_1y6fe_106\">\n<li><a class=\"_link_1y6fe_111\" href=\"https:\/\/www.vg.no\/forfatter\/mats-arntzen\" style=\"z-index:2\" title=\"Mats Arntzen\" rel=\"nofollow noopener\" target=\"_blank\"><img alt=\"Bilde av Mats Arntzen\" class=\"_image_1y6fe_88\" fetchpriority=\"low\" loading=\"lazy\" decoding=\"async\" itemprop=\"image\"  src=\"https:\/\/www.europesays.com\/no\/wp-content\/uploads\/2025\/09\/1759239308_478_29b4beac-bbee-4d70-98b8-fb24e4b95afc\"  width=\"480\"\/><\/a><\/li>\n<li><a class=\"_link_1y6fe_111\" href=\"https:\/\/www.vg.no\/forfatter\/steffen-stenersen\" style=\"z-index:1\" title=\"Steffen Stenersen\" rel=\"nofollow noopener\" target=\"_blank\"><img alt=\"Bilde av Steffen Stenersen\" class=\"_image_1y6fe_88\" fetchpriority=\"low\" loading=\"lazy\" decoding=\"async\" itemprop=\"image\"  src=\"https:\/\/www.europesays.com\/no\/wp-content\/uploads\/2025\/09\/1759239308_310_53060b84-6e6f-4eee-9b23-952f524bbbf0\"  width=\"480\"\/><\/a><\/li>\n<\/ul>\n<p>Rapporterer fra Bod\u00f8 Oppdatert tirsdag 30. september kl. 15:09    <\/p>\n<ul class=\"_list_ew2ao_3 _list_64s2r_85 _unordered_ew2ao_99 text-sans-m\">\n<li class=\"_item_ew2ao_30\">Bod\u00f8\/Glimt mister Daniel Bassi med lyskeskade, og mangel p\u00e5 h\u00f8yrekanter gj\u00f8r at Sondre Auklend settes p\u00e5 h\u00f8yre.<\/li>\n<li class=\"_item_ew2ao_30\">Jostein Gundersen er usikker, mens midtbanen blir H\u00e5kon Evjen, Patrick Berg og Sondre Brunstad Fet.<\/li>\n<li class=\"_item_ew2ao_30\">Tottenham har ogs\u00e5 skadetr\u00f8bbel; midtstopper Cristian Romero er ute. Kampstart 21.00 n\u00e5r Champions League-hymnen spilles p\u00e5 Aspmyra for f\u00f8rste gang.<\/li>\n<\/ul>\n<p>Vis mer <\/p>\n<p class=\"_paragraph_ew2ao_4 _paragraph_xtcu6_10 layout-component text-serif-m layout-normal text-serif-m layout-padded\">For onsdagens cupseier mot Odd kostet dyrt for nordlendingene f\u00f8r tidenes f\u00f8rste <a href=\"https:\/\/www.vg.no\/tag\/champions-league?utm_source=vg-article&amp;utm_medium=auto-tagger&amp;utm_campaign=XjP0jx\" class=\"_link_ew2ao_39\" rel=\"nofollow noopener\" target=\"_blank\">Champions League<\/a>-kamp i Bod\u00f8.<\/p>\n<p class=\"_paragraph_ew2ao_4 _paragraph_xtcu6_10 layout-component text-serif-m layout-normal text-serif-m layout-padded\">Daniel Bassi m\u00e5tte ut med en lyskeskade mot telemarkingene og rekker ikke kampen mot Tottenham. Og mangelen p\u00e5 h\u00f8yrekanter gj\u00f8r at Knutsen blir n\u00f8dt til \u00e5 gj\u00f8re noe nytt.<\/p>\n<p class=\"_paragraph_ew2ao_4 _paragraph_xtcu6_10 layout-component text-serif-m layout-normal text-serif-m layout-padded\">Etter det VG erfarer er det indrel\u00f8peren Sondre Auklend som bekler h\u00f8yrekanten ettersom ingen rene h\u00f8yrekanter vurderes som klare for \u00e5 starte.<\/p>\n<p class=\"_paragraph_ew2ao_4 _paragraph_xtcu6_10 layout-component text-serif-m layout-normal text-serif-m layout-padded\">\u2013 Det er belastning over tid. N\u00e5 har vi f\u00e5tt litt mye p\u00e5 en gang. Det kommer av og til. Noen er p\u00e5 vei tilbake, men vi stiller en ganske bred og bra tropp. Vi pr\u00f8ver \u00e5 ha fokus p\u00e5 de som er klare. Dere s\u00e5 jo treningen og de fleste var jo utp\u00e5, med noen unntak, sa Knutsen p\u00e5 pressekonferanse mandag \u2013 uten \u00e5 g\u00e5 n\u00e6rmere inn p\u00e5 enkeltspillere.<\/p>\n<p><img alt=\"FLYTTES P\u00c5: Sondre Auklend blir skj\u00f8vet ut p\u00e5 kanten.  Foto: Trond R. Teigen \/ NTB\" class=\"_image_qp4xg_65 layout-component layout-normal\" data-fullscreen- data-track-element-type=\"Article image fullscreen\" data-track-name=\"ImageFullscreen\" decoding=\"async\" loading=\"lazy\" height=\"1908\" itemprop=\"image\"  src=\"https:\/\/www.europesays.com\/no\/wp-content\/uploads\/2025\/09\/a38fce5e-e104-482d-a413-7f66c1585c37\"  style=\"object-position:0% 0%\" width=\"2861\"\/>FLYTTES P\u00c5: Sondre Auklend blir skj\u00f8vet ut p\u00e5 kanten.  Foto: Trond R. Teigen \/ NTB<\/p>\n<p class=\"_paragraph_ew2ao_4 _paragraph_xtcu6_10 layout-component text-serif-m layout-normal text-serif-m layout-padded\">Det betyr at H\u00e5kon Evjen, Patrick Berg og Sondre Brunstad Fet utgj\u00f8r midtbanetrioen.<\/p>\n<p class=\"_paragraph_ew2ao_4 _paragraph_xtcu6_10 layout-component text-serif-m layout-normal text-serif-m layout-padded\">P\u00e5 stopperplass har Jostein Gundersen slitt med en skade som har holdt ham ute de to siste kampene. Dersom han ikke blir klar er det trolig f\u00f8lgende ellever som starter for Glimt:<\/p>\n<ul class=\"_list_ew2ao_3 _list_xtcu6_9 _unordered_ew2ao_99 layout-component text-serif-m layout-normal text-serif-m layout-padded\">\n<li class=\"_item_ew2ao_30\">4\u20133\u20133: Nikita Haikin \u2013 Fredrik Sj\u00f8vold, Odin Bj\u00f8rtuft, Haitam Aleesami, Fredrik Andr\u00e9 Bj\u00f8rkan \u2013 H\u00e5kon Evjen, Patrick Berg, Sondre Brunstad Fet \u2013 Sondre Auklend, Kasper H\u00f8gh, Jens Petter Hauge<\/li>\n<\/ul>\n<p class=\"_paragraph_ew2ao_4 _paragraph_xtcu6_10 layout-component text-serif-m layout-normal text-serif-m layout-padded\">Tottenham vant komfortabelt 2\u20130 i Bod\u00f8 i returoppgj\u00f8ret i Europa League-semifinalen i mai. Denne gangen er det Champions League-hymnen som skal runge utover Aspmyra for f\u00f8rste gang.<\/p>\n<p class=\"_paragraph_ew2ao_4 _paragraph_xtcu6_10 layout-component text-serif-m layout-normal text-serif-m layout-padded\">Mens Bod\u00f8\/Glimt spilte 2\u20132 borte mot Slavia Praha i f\u00f8rste runde, vant Tottenham 1\u20130 over spanske Villarreal.<\/p>\n<p>Slik fungerer Champions League 2025\/26<\/p>\n<ul class=\"_list_ew2ao_3 _list_xtcu6_9 _list_16v91_9 _unordered_ew2ao_99 layout-component text-serif-m layout-normal text-sans-m layout-padded\">\n<li class=\"_item_ew2ao_30\">36 lag i \u00e9n stor tabell<\/li>\n<li class=\"_item_ew2ao_30\">Alle spiller 8 kamper (fire hjemme, fire borte)<\/li>\n<li class=\"_item_ew2ao_30\"><strong class=\"_strong_ew2ao_25\">1.\u20138. plass:<\/strong>\u00a0Rett til \u00e5ttedelsfinale<\/li>\n<li class=\"_item_ew2ao_30\"><strong class=\"_strong_ew2ao_25\">9.\u201324. plass:<\/strong>\u00a0Playoff om \u00e5ttedelsfinale<\/li>\n<li class=\"_item_ew2ao_30\"><strong class=\"_strong_ew2ao_25\">25.\u201336. plass:<\/strong>\u00a0Ute av Europa<\/li>\n<\/ul>\n<p>Vis mer<\/p>\n<p class=\"_paragraph_ew2ao_4 _paragraph_xtcu6_10 layout-component text-serif-m layout-normal text-serif-m layout-padded\">Ogs\u00e5 gjestene fra London har noe skadetr\u00f8bbel f\u00f8r tirsdagens kamp. Spissen Dominic Solanke har operert ankelen. Spissalternativet Randal Kolo Muani sto ogs\u00e5 over treningen mandag f\u00f8r avreise.<\/p>\n<p class=\"_paragraph_ew2ao_4 _paragraph_xtcu6_10 layout-component text-serif-m layout-normal text-serif-m layout-padded\">VG var til stede og s\u00e5 en haltende Cristian Romero forlate pressesonen p\u00e5 Tottenham Hotspur Stadium l\u00f8rdag. Den argentinske stopperen er ikke med til Bod\u00f8.<\/p>\n<p class=\"_paragraph_ew2ao_4 _paragraph_xtcu6_10 layout-component text-serif-m layout-normal text-serif-m layout-padded\">\u2013 Vi tar bare forholdsregler, gjentok Thomas Frank flere ganger da han ble spurt om skaden.<\/p>\n<p class=\"_paragraph_ew2ao_4 _paragraph_xtcu6_10 layout-component text-serif-m layout-normal text-serif-m layout-padded\">\u00d8sterrikske Kevin Danso er ventet \u00e5 ta plass ved siden av nederlandske Micky van de Ven i gjestenes midtforsvar.<\/p>\n<p> Hvor ser du Bod\u00f8\/Glimt &#8211; Tottenham p\u00e5 TV?<\/p>\n<p class=\"_paragraph_ew2ao_4 _paragraph_xtcu6_10 layout-component text-serif-m layout-normal text-serif-m layout-padded\">Kampstart er klokken 21.00. Kampen vises p\u00e5 TV 2 Play.<\/p>\n","protected":false},"excerpt":{"rendered":"\u00c9n posisjon er ekstra hardt rammet. Det gj\u00f8r at Bod\u00f8\/Glimt m\u00e5 stokke om p\u00e5 kortene. HODEBRY: Kjetil Knutsen&hellip;\n","protected":false},"author":2,"featured_media":49140,"comment_status":"","ping_status":"","sticky":false,"template":"","format":"standard","meta":{"footnotes":""},"categories":[59],"tags":[517,706,92,30,28,29,83,82],"class_list":{"0":"post-49139","1":"post","2":"type-post","3":"status-publish","4":"format-standard","5":"has-post-thumbnail","7":"category-sport","8":"tag-bodo-glimt","9":"tag-champions-league","10":"tag-fotball","11":"tag-no","12":"tag-norge","13":"tag-norway","14":"tag-sport","15":"tag-sports"},"share_on_mastodon":{"url":"","error":""},"_links":{"self":[{"href":"https:\/\/www.europesays.com\/no\/wp-json\/wp\/v2\/posts\/49139","targetHints":{"allow":["GET"]}}],"collection":[{"href":"https:\/\/www.europesays.com\/no\/wp-json\/wp\/v2\/posts"}],"about":[{"href":"https:\/\/www.europesays.com\/no\/wp-json\/wp\/v2\/types\/post"}],"author":[{"embeddable":true,"href":"https:\/\/www.europesays.com\/no\/wp-json\/wp\/v2\/users\/2"}],"replies":[{"embeddable":true,"href":"https:\/\/www.europesays.com\/no\/wp-json\/wp\/v2\/comments?post=49139"}],"version-history":[{"count":0,"href":"https:\/\/www.europesays.com\/no\/wp-json\/wp\/v2\/posts\/49139\/revisions"}],"wp:featuredmedia":[{"embeddable":true,"href":"https:\/\/www.europesays.com\/no\/wp-json\/wp\/v2\/media\/49140"}],"wp:attachment":[{"href":"https:\/\/www.europesays.com\/no\/wp-json\/wp\/v2\/media?parent=49139"}],"wp:term":[{"taxonomy":"category","embeddable":true,"href":"https:\/\/www.europesays.com\/no\/wp-json\/wp\/v2\/categories?post=49139"},{"taxonomy":"post_tag","embeddable":true,"href":"https:\/\/www.europesays.com\/no\/wp-json\/wp\/v2\/tags?post=49139"}],"curies":[{"name":"wp","href":"https:\/\/api.w.org\/{rel}","templated":true}]}}