{"id":49163,"date":"2025-09-30T14:03:21","date_gmt":"2025-09-30T14:03:21","guid":{"rendered":"https:\/\/www.europesays.com\/no\/49163\/"},"modified":"2025-09-30T14:03:21","modified_gmt":"2025-09-30T14:03:21","slug":"det-var-hun-som-sjekket-opp-meg-2","status":"publish","type":"post","link":"https:\/\/www.europesays.com\/no\/49163\/","title":{"rendered":"\u2013 Det var hun som sjekket opp meg"},"content":{"rendered":"<p class=\"kicker text-red color_mobile_text-red\" style=\"\">Haaland avsl\u00f8rer:<\/p>\n<p>  Erling Braut Haaland (25) r\u00f8per hvem som tok initiativet da han og kj\u00e6resten Isabel Haugseng Johansen (21) fant sammen.<\/p>\n<p>\n    Foto: Aissaoui Nacer \/ SplashNews.com\/NTB\n  <\/p>\n<p>Det er i en fersk episode av NRK-serien\u00a0<a href=\"https:\/\/www.nrk.no\/sport\/erling-braut-haaland-til-a-laget-om-kjaeresten_-_-det-var-hun-som-sjekket-opp-meg-1.17577530\" target=\"_blank\" rel=\"nofollow noopener\">\u00abA-laget\u00bb<\/a>\u00a0, som sendes denne uken, at den vanligvis sv\u00e6rt private fotballstjernen f\u00e5r sp\u00f8rsm\u00e5l om kj\u00e6rlighetslivet.<\/p>\n<p>\u2013 Hvordan jeg sjekket henne opp? Det var hun som sjekket opp meg, sier Haaland.<\/p>\n<p>\u2013 Hun sendte melding til meg. Men hun spilte i samme klubb som jeg spilte, Bryne. S\u00e5 hun sjekket opp meg, jeg sjekket ikke opp henne, forklarer Haaland ogs\u00e5.<\/p>\n<p>Deretter r\u00f8per han noe han tror samboeren ikke n\u00f8dvendigvis vil ha ut i offentligheten. Sp\u00f8rsm\u00e5let er hvordan er romantisk aften hjemme hos dem ser ut.<\/p>\n<p>\u2013 Da lager jeg middag. Alts\u00e5, det kommer til \u00e5 v\u00e6re ganske pinlig for henne at jeg sier dette, men hun liker \u00e5 \u00abgame\u00bb, hun ogs\u00e5. S\u00e5 vi \u00abgamer\u00bb Minecraft sammen. S\u00e5 sitter vi bare og \u00abgamer\u00bb og lager hus sammen og alt s\u00e5nn. Eller s\u00e5 drar vi hjem til Bryne og bestiller kebab, sier Haaland.<\/p>\n<p>Haaland og Haugseng Johansen ble foreldre for f\u00f8rste gang i fjor.<\/p>\n<p>I programmet, som har blitt en kjempesuksess for NRK, er Haaland denne gangen hedersgjesten \u2013 eller intervjuobjektet om du vil.<\/p>\n<p>Stjernem\u00f8tet b\u00f8d p\u00e5 flere artige sp\u00f8rsm\u00e5l. Et av dem var ogs\u00e5 om den blonde hestehalen til Manchester City-stjernen er blitt hans varemerke.<\/p>\n<p>\u2013 Jeg kjenner at det har blitt det n\u00e5 de siste \u00e5rene. Folk kjenner igjen meg med det lange, blonde h\u00e5ret, svarer Haaland.<\/p>\n<p>I serien \u00abA-laget\u00bb blir kjente personer \u00abstilt til veggs\u00bb med overraskende og filterl\u00f8se sp\u00f8rsm\u00e5l fra reportere med ulike funksjonsvariasjoner.<\/p>\n<p>\u00abA-laget\u00bb vant Gullruten for \u00e5rets underholdningsprogram i fjor.<\/p>\n<p>I f\u00f8rste sesong var statsminister Jonas Gahr St\u00f8re blant dem som stilte opp til intervju.<\/p>\n","protected":false},"excerpt":{"rendered":"Haaland avsl\u00f8rer: Erling Braut Haaland (25) r\u00f8per hvem som tok initiativet da han og kj\u00e6resten Isabel Haugseng Johansen&hellip;\n","protected":false},"author":2,"featured_media":49164,"comment_status":"","ping_status":"","sticky":false,"template":"","format":"standard","meta":{"footnotes":""},"categories":[59],"tags":[810,479,724,30,28,29,14,83,82],"class_list":{"0":"post-49163","1":"post","2":"type-post","3":"status-publish","4":"format-standard","5":"has-post-thumbnail","7":"category-sport","8":"tag-erling-braut-haaland","9":"tag-kjendis","10":"tag-livsstil","11":"tag-no","12":"tag-norge","13":"tag-norway","14":"tag-nyheter","15":"tag-sport","16":"tag-sports"},"share_on_mastodon":{"url":"","error":""},"_links":{"self":[{"href":"https:\/\/www.europesays.com\/no\/wp-json\/wp\/v2\/posts\/49163","targetHints":{"allow":["GET"]}}],"collection":[{"href":"https:\/\/www.europesays.com\/no\/wp-json\/wp\/v2\/posts"}],"about":[{"href":"https:\/\/www.europesays.com\/no\/wp-json\/wp\/v2\/types\/post"}],"author":[{"embeddable":true,"href":"https:\/\/www.europesays.com\/no\/wp-json\/wp\/v2\/users\/2"}],"replies":[{"embeddable":true,"href":"https:\/\/www.europesays.com\/no\/wp-json\/wp\/v2\/comments?post=49163"}],"version-history":[{"count":0,"href":"https:\/\/www.europesays.com\/no\/wp-json\/wp\/v2\/posts\/49163\/revisions"}],"wp:featuredmedia":[{"embeddable":true,"href":"https:\/\/www.europesays.com\/no\/wp-json\/wp\/v2\/media\/49164"}],"wp:attachment":[{"href":"https:\/\/www.europesays.com\/no\/wp-json\/wp\/v2\/media?parent=49163"}],"wp:term":[{"taxonomy":"category","embeddable":true,"href":"https:\/\/www.europesays.com\/no\/wp-json\/wp\/v2\/categories?post=49163"},{"taxonomy":"post_tag","embeddable":true,"href":"https:\/\/www.europesays.com\/no\/wp-json\/wp\/v2\/tags?post=49163"}],"curies":[{"name":"wp","href":"https:\/\/api.w.org\/{rel}","templated":true}]}}