{"id":49165,"date":"2025-09-30T14:08:08","date_gmt":"2025-09-30T14:08:08","guid":{"rendered":"https:\/\/www.europesays.com\/no\/49165\/"},"modified":"2025-09-30T14:08:08","modified_gmt":"2025-09-30T14:08:08","slug":"mann-tiltalt-for-overgrep-mot-35-barn","status":"publish","type":"post","link":"https:\/\/www.europesays.com\/no\/49165\/","title":{"rendered":"Mann tiltalt for overgrep mot 35 barn"},"content":{"rendered":"\n<p class=\"_lead_ew2ao_2 _lead_xtcu6_50 layout-component text-serif-m layout-normal text-serif-l layout-component layout-wide layout-padded _wide_17hqh_1 layout-padded\">En mann i 30-\u00e5rene fra Bergen er tiltalt for overgrep p\u00e5 nettet mot 35 barn. Alle forn\u00e6rmede er jenter i alderen 8 til 13 \u00e5r fra ulike deler av landet.<\/p>\n<p><img alt=\"Rettssaken mot mannen starter i Hordaland tingrett i slutten av oktober.  Foto: Terje Pedersen \/ NTB\" class=\"_image_qp4xg_65 layout-component layout-wide\" data-fullscreen- data-track-element-type=\"Article image fullscreen\" data-track-name=\"ImageFullscreen\" fetchpriority=\"high\" decoding=\"sync\" loading=\"eager\" height=\"4000\" itemprop=\"image\"  src=\"https:\/\/www.europesays.com\/no\/wp-content\/uploads\/2025\/09\/00ac378e-f55f-4f03-bf79-465fece3761c\"  style=\"object-position:0% 0%\" width=\"6000\"\/>Rettssaken mot mannen starter i Hordaland tingrett i slutten av oktober.  Foto: Terje Pedersen \/ NTB<\/p>\n<ul aria-hidden=\"true\" class=\"_images_1y6fe_106\">\n<li><a class=\"_link_1y6fe_111\" href=\"https:\/\/www.vg.no\/forfatter\/ntb\" style=\"z-index:1\" title=\"NTB\" rel=\"nofollow noopener\" target=\"_blank\"><img alt=\"Bilde av NTB\" class=\"_image_1y6fe_88\" fetchpriority=\"low\" loading=\"lazy\" decoding=\"async\" itemprop=\"image\"  src=\"https:\/\/www.europesays.com\/no\/wp-content\/uploads\/2025\/09\/1759241288_514_c33980b0-5d07-4027-84a1-813f90a7c8d6\"  width=\"480\"\/><\/a><\/li>\n<\/ul>\n<p> Oppdatert tirsdag 30. september kl. 14:28     <\/p>\n<p class=\"_paragraph_ew2ao_4 _paragraph_xtcu6_10 layout-component text-serif-m layout-normal text-serif-m layout-padded\"> Mannen fikk if\u00f8lge tiltalen kontakt med jentene p\u00e5 nettet via en chattetjeneste p\u00e5 nettet, skriver <a href=\"https:\/\/www.bt.no\/krim\/i\/RzLkl2\/tiltalt-for-seksuelle-overgrep-via-omegle\" class=\"_link_ew2ao_39\" rel=\"nofollow noopener\" target=\"_blank\">Bergens Tidende<\/a>. Deretter skal han umiddelbart ha f\u00e5tt dem til \u00e5 utf\u00f8re seksuelle handlinger.<\/p>\n<p class=\"_paragraph_ew2ao_4 _paragraph_xtcu6_10 layout-component text-serif-m layout-normal text-serif-m layout-padded\">Mannen instruerte blant annet barn til \u00e5 ha seksuell omgang med hverandre mens han onanerte, if\u00f8lge tiltalen. Tiltalen inneholder en rekke eksplisitte gjengivelser av meldingene mellom mannen og barna.<\/p>\n<p class=\"_paragraph_ew2ao_4 _paragraph_xtcu6_10 layout-component text-serif-m layout-normal text-serif-m layout-padded\"> Mannens forsvarer, Eirik N\u00e5mdal opplyser til <a href=\"https:\/\/www.nrk.no\/vestland\/tiltalt-for-overgrep-mot-35-barn-1.17591842\" class=\"_link_ew2ao_39\" rel=\"nofollow noopener\" target=\"_blank\">NRK<\/a> at mannen erkjenner delvis straffskyld for de faktiske forholdene han er tiltalt for. Han \u00f8nsker ikke \u00e5 kommentere saken ytterligere n\u00e5.<\/p>\n<p class=\"_paragraph_ew2ao_4 _paragraph_xtcu6_10 layout-component text-serif-m layout-normal text-serif-m layout-padded\">Politiets etterforskning har avdekket at tiltalte har tatt opptak av flere hundre samtaler.<\/p>\n<p class=\"_paragraph_ew2ao_4 _paragraph_xtcu6_10 layout-component text-serif-m layout-normal text-serif-m layout-padded\">Mannen m\u00f8tte ikke jentene fysisk, if\u00f8lge tiltalen. Mannen er tiltalt for grov voldtekt av seks barn under 14 \u00e5r, i tillegg til andre seksuelle overgrep via nettet.<\/p>\n<p class=\"_paragraph_ew2ao_4 _paragraph_xtcu6_10 layout-component text-serif-m layout-normal text-serif-m layout-padded\">Mannen ble p\u00e5grepet i november 2024 etter \u00e5 ha blitt anmeldt av en forelder. Han risikerer 21 \u00e5r i fengsel hvis han blir d\u00f8mt.<\/p>\n<p class=\"_paragraph_ew2ao_4 _paragraph_xtcu6_10 layout-component text-serif-m layout-normal text-serif-m layout-padded\">Rettssaken starter 27. oktober i Hordaland tingrett.<\/p>\n","protected":false},"excerpt":{"rendered":"En mann i 30-\u00e5rene fra Bergen er tiltalt for overgrep p\u00e5 nettet mot 35 barn. Alle forn\u00e6rmede er&hellip;\n","protected":false},"author":2,"featured_media":49166,"comment_status":"","ping_status":"","sticky":false,"template":"","format":"standard","meta":{"footnotes":""},"categories":[10],"tags":[444,20,21,24,25,15,2838,22,23,13,30,28,29,14,1622,16,26,27],"class_list":{"0":"post-49165","1":"post","2":"type-post","3":"status-publish","4":"format-standard","5":"has-post-thumbnail","7":"category-norge","8":"tag-bergen","9":"tag-breaking-news","10":"tag-breakingnews","11":"tag-featured-news","12":"tag-featurednews","13":"tag-headlines","14":"tag-hordaland-tingrett","15":"tag-latest-news","16":"tag-latestnews","17":"tag-news","18":"tag-no","19":"tag-norge","20":"tag-norway","21":"tag-nyheter","22":"tag-overgrep","23":"tag-overskrifter","24":"tag-top-stories","25":"tag-topstories"},"share_on_mastodon":{"url":"","error":""},"_links":{"self":[{"href":"https:\/\/www.europesays.com\/no\/wp-json\/wp\/v2\/posts\/49165","targetHints":{"allow":["GET"]}}],"collection":[{"href":"https:\/\/www.europesays.com\/no\/wp-json\/wp\/v2\/posts"}],"about":[{"href":"https:\/\/www.europesays.com\/no\/wp-json\/wp\/v2\/types\/post"}],"author":[{"embeddable":true,"href":"https:\/\/www.europesays.com\/no\/wp-json\/wp\/v2\/users\/2"}],"replies":[{"embeddable":true,"href":"https:\/\/www.europesays.com\/no\/wp-json\/wp\/v2\/comments?post=49165"}],"version-history":[{"count":0,"href":"https:\/\/www.europesays.com\/no\/wp-json\/wp\/v2\/posts\/49165\/revisions"}],"wp:featuredmedia":[{"embeddable":true,"href":"https:\/\/www.europesays.com\/no\/wp-json\/wp\/v2\/media\/49166"}],"wp:attachment":[{"href":"https:\/\/www.europesays.com\/no\/wp-json\/wp\/v2\/media?parent=49165"}],"wp:term":[{"taxonomy":"category","embeddable":true,"href":"https:\/\/www.europesays.com\/no\/wp-json\/wp\/v2\/categories?post=49165"},{"taxonomy":"post_tag","embeddable":true,"href":"https:\/\/www.europesays.com\/no\/wp-json\/wp\/v2\/tags?post=49165"}],"curies":[{"name":"wp","href":"https:\/\/api.w.org\/{rel}","templated":true}]}}