{"id":49169,"date":"2025-09-30T14:15:13","date_gmt":"2025-09-30T14:15:13","guid":{"rendered":"https:\/\/www.europesays.com\/no\/49169\/"},"modified":"2025-09-30T14:15:13","modified_gmt":"2025-09-30T14:15:13","slug":"celeste-rivas-hernandez-la-svaert-sannsynlig-dod-i-d4vds-bil-i-flere-uker","status":"publish","type":"post","link":"https:\/\/www.europesays.com\/no\/49169\/","title":{"rendered":"Celeste Rivas Hernandez l\u00e5 \u00absv\u00e6rt sannsynlig\u00bb d\u00f8d i d4vds bil i flere uker"},"content":{"rendered":"\n<ul class=\"_list_ew2ao_3 _list_64s2r_85 _unordered_ew2ao_99 text-sans-m\">\n<li class=\"_item_ew2ao_30\">LA-politiet mener 14 \u00e5r gamle Celeste Rivas Hernandez l\u00e5 d\u00f8d i flere uker i en Tesla registrert p\u00e5 artisten d4vd f\u00f8r funnet 8. september.<\/li>\n<li class=\"_item_ew2ao_30\">D\u00f8ds\u00e5rsaken er ukjent; politiet bekrefter ikke at den 20 \u00e5r gamle artisten samarbeider med dem.<\/li>\n<li class=\"_item_ew2ao_30\">d4vd er ikke navngitt som mistenkt eller siktet, men politiet har ransaket en bolig han leide i Hollywood Hills.<\/li>\n<li class=\"_item_ew2ao_30\">20-\u00e5ringen har avlyst europaturneen sin, inkludert Oslo-konserten som skulle finne sted 1. oktober.<\/li>\n<\/ul>\n<p>Vis mer <\/p>\n<p class=\"_paragraph_ew2ao_4 _paragraph_xtcu6_10 layout-component text-serif-m layout-normal text-serif-m layout-padded\">Onsdag denne uken skulle artisten David Anthony Burke (20) fra Texas, som kaller seg d4vd, holdt konsert med fri aldersgrense p\u00e5 Sentrum Scene i Oslo.<\/p>\n<p class=\"_paragraph_ew2ao_4 _paragraph_xtcu6_10 layout-component text-serif-m layout-normal text-serif-m layout-padded\">Halvannen uke tilbake valgte han imidlertid \u00e5 <a href=\"https:\/\/www.vg.no\/rampelys\/i\/gw5ada\/doedsgaaten-norgeskonsert-med-d4vd-avlyst\" data-track-element-type=\"Link\" data-track-id=\"link:gw5ada\" class=\"_link_ew2ao_39\" rel=\"nofollow noopener\" target=\"_blank\">kansellere<\/a> hele sin forest\u00e5ende europaturn\u00e9.<\/p>\n<p class=\"_paragraph_ew2ao_4 _paragraph_xtcu6_10 layout-component text-serif-m layout-normal text-serif-m layout-padded\">Dette mens etterforskning p\u00e5g\u00e5r etter <a href=\"https:\/\/www.vg.no\/rampelys\/i\/alm4L2\/lik-funnet-i-artisten-d4vds-tesla\" data-track-element-type=\"Link\" data-track-id=\"link:alm4L2\" class=\"_link_ew2ao_39\" rel=\"nofollow noopener\" target=\"_blank\">funnet<\/a> av 14 \u00e5r gamle Celeste Rivas Hernandez <a href=\"https:\/\/www.vg.no\/rampelys\/i\/Jbjzab\/d4vd-liket-funnet-i-artistens-bil-er-identifisert-som-15-aar-gamle-celeste-rivas\" data-track-element-type=\"Link\" data-track-id=\"link:Jbjzab\" class=\"_link_ew2ao_39\" rel=\"nofollow noopener\" target=\"_blank\">d\u00f8d<\/a> i front-bagasjerommet p\u00e5 en Tesla registrert p\u00e5 d4vd.<\/p>\n<p class=\"_paragraph_ew2ao_4 _paragraph_xtcu6_10 layout-component text-serif-m layout-normal text-serif-m layout-padded\"><a href=\"https:\/\/www.tmz.com\/2025\/09\/18\/new-photo-video-d4vd-celeste-rivas\/\" class=\"_link_ew2ao_39\" rel=\"nofollow noopener\" target=\"_blank\">TMZ<\/a> har dokumentert at det var en relasjon mellom artisten og jenta, blant annet med en video av dem sammen.<\/p>\n<p><img alt=\"Celeste Rivas Hernandez.  Foto: Gofundme\" class=\"_image_qp4xg_65 layout-component layout-normal\" data-fullscreen- data-track-element-type=\"Article image fullscreen\" data-track-name=\"ImageFullscreen\" decoding=\"async\" loading=\"lazy\" height=\"1175\" itemprop=\"image\"  src=\"https:\/\/www.europesays.com\/no\/wp-content\/uploads\/2025\/09\/505ad45f-05b4-4c01-af57-828d71465915\"  style=\"object-position:0% 0%\" width=\"800\"\/>Celeste Rivas Hernandez.  Foto: Gofundme<\/p>\n<p class=\"_paragraph_ew2ao_4 _paragraph_xtcu6_10 layout-component text-serif-m layout-normal text-serif-m layout-padded\">N\u00e5 g\u00e5r politiet i Los Angeles ut med en uttalelse i saken.<\/p>\n<p class=\"_paragraph_ew2ao_4 _paragraph_xtcu6_10 layout-component text-serif-m layout-normal text-serif-m layout-padded\">De mener at liket av Celeste hadde ligget i bilen i lang tid f\u00f8r hun ble oppdaget, p\u00e5 en parkeringsplass for inntauede kj\u00f8ret\u00f8y 8. september, dagen etter at hun skulle fylt 15.<\/p>\n<p class=\"_paragraph_ew2ao_4 _paragraph_xtcu6_10 layout-component text-serif-m layout-normal text-serif-m layout-padded\">\u2013 Vi vet at Teslaen hadde st\u00e5tt parkert p\u00e5 stedet den ble tauet bort fra i flere uker, sier politiinspekt\u00f8r og enhetsleder Scot M. Williams i Los Angeles-politiet til <a href=\"https:\/\/people.com\/celeste-rivas-hernandez-likely-dead-for-several-weeks-before-being-found-in-d4vd-s-tesla-trunk-police-exclusive-11820235\" class=\"_link_ew2ao_39\" rel=\"nofollow noopener\" target=\"_blank\">People<\/a>.<\/p>\n<p class=\"_paragraph_ew2ao_4 _paragraph_xtcu6_10 layout-component text-serif-m layout-normal text-serif-m layout-padded\">\u2013 S\u00e5 det er sv\u00e6rt sannsynlig at Celeste Rivas Hernandez hadde v\u00e6rt d\u00f8d i flere uker f\u00f8r kroppen hennes ble oppdaget.<\/p>\n<p> Bekrefter ikke samarbeid<\/p>\n<p class=\"_paragraph_ew2ao_4 _paragraph_xtcu6_10 layout-component text-serif-m layout-normal text-serif-m layout-padded\"><a href=\"https:\/\/www.tmz.com\/2025\/09\/29\/celeste-rivas-death-certificate-released\/\" class=\"_link_ew2ao_39\" rel=\"nofollow noopener\" target=\"_blank\">TMZ<\/a> skriver at jentas d\u00f8dsattest har utsatt d\u00f8ds\u00e5rsak, men ogs\u00e5 at at rettsmedisineren avventer resultater fra toksikologiske analyser.toksikologiske analyser.Tester som utf\u00f8res for \u00e5 oppdage tilstedev\u00e6relsen av giftstoffer, narkotika eller alkohol i kroppen.<\/p>\n<p class=\"_paragraph_ew2ao_4 _paragraph_xtcu6_10 layout-component text-serif-m layout-normal text-serif-m layout-padded\">\u2013 S\u00e5 vi vet ikke med sikkerhet om noen kan holdes strafferettslig ansvarlig for hennes d\u00f8d, utover det \u00e5 ha skjult liket hennes, sier LAPD-lederen.<\/p>\n<p class=\"_paragraph_ew2ao_4 _paragraph_xtcu6_10 layout-component text-serif-m layout-normal text-serif-m layout-padded\">Han understreker at saken har mange ubesvarte sp\u00f8rsm\u00e5l, og at etterforskningen fortsetter.<\/p>\n<p class=\"_paragraph_ew2ao_4 _paragraph_xtcu6_10 layout-component text-serif-m layout-normal text-serif-m layout-padded\">En representant for d4vd har tidligere uttalt at artisten samarbeider med myndighetene i saken. Williams i LAPD \u00f8nsker ikke \u00e5 bekrefte dette overfor People.<\/p>\n<p class=\"_paragraph_ew2ao_4 _paragraph_xtcu6_10 layout-component text-serif-m layout-normal text-serif-m layout-padded\">Han bekrefter imidlertid at politiet har ransaket en bolig i Hollywood Hills, n\u00e6r stedet bilen ble tauet bort fra.<\/p>\n<p class=\"_paragraph_ew2ao_4 _paragraph_xtcu6_10 layout-component text-serif-m layout-normal text-serif-m layout-padded\"><a href=\"https:\/\/www.tmz.com\/2025\/09\/23\/d4vd-house-he-was-living-had-security-system\/\" class=\"_link_ew2ao_39\" rel=\"nofollow noopener\" target=\"_blank\">TMZ<\/a> har tidligere meldt at d4vd leide denne boligen sammen med sin manager, for 200.000 kroner i m\u00e5neden.<\/p>\n<p> \u2013 Unders\u00f8ker alt<\/p>\n<p class=\"_paragraph_ew2ao_4 _paragraph_xtcu6_10 layout-component text-serif-m layout-normal text-serif-m layout-padded\">d4vd og avd\u00f8de Celeste skal ha hatt matchende tatovering p\u00e5 h\u00f8yre pekefinger, og i sosiale medier har det g\u00e5tt sport i \u00e5 p\u00e5vise andre tegn til at de to var et par.<\/p>\n<p class=\"_paragraph_ew2ao_4 _paragraph_xtcu6_10 layout-component text-serif-m layout-normal text-serif-m layout-padded\">Williams i LAPD \u00f8nsker ikke \u00e5 kommentere hva slags forhold det eventuelt skulle v\u00e6rt mellom 20-\u00e5ringen og 14-\u00e5ringen. Men:<\/p>\n<p class=\"_paragraph_ew2ao_4 _paragraph_xtcu6_10 layout-component text-serif-m layout-normal text-serif-m layout-padded\">\u2013 Vi unders\u00f8ker alt.<\/p>\n<p class=\"_paragraph_ew2ao_4 _paragraph_xtcu6_10 layout-component text-serif-m layout-normal text-serif-m layout-padded\">People skriver at de ikke har f\u00e5tt noen kommentar fra d4vds representant til saken.<\/p>\n<p class=\"_paragraph_ew2ao_4 _paragraph_xtcu6_10 layout-component text-serif-m layout-normal text-serif-m layout-padded\">Artisten var p\u00e5 USA-turn\u00e9 utenfor California fra 6. august og frem til likfunnet ble kjent 8. september.<\/p>\n<p class=\"_paragraph_ew2ao_4 _paragraph_xtcu6_10 layout-component text-serif-m layout-normal text-serif-m layout-padded\"><a href=\"https:\/\/www.dailymail.co.uk\/tvshowbiz\/article-15138069\/D4vd-arrested-body-Celeste-Rivas-Tesla-Experts.html\" class=\"_link_ew2ao_39\" rel=\"nofollow noopener\" target=\"_blank\">Daily Mail <\/a>har intervjuet en kriminologiprofessor kriminologiprofessor En ekspert som studerer kriminalitet, kriminell atferd og rettssystemet.og en advokat som begge sier at politiet er avhengig av bevis fra obduksjon f\u00f8r de kan fastsl\u00e5 at dette er en drapssak og arrestere eventuelle mistenkte.<\/p>\n<p><img alt=\"Foto: Gofundme\" class=\"_image_qp4xg_65 layout-component layout-normal\" data-fullscreen- data-track-element-type=\"Article image fullscreen\" data-track-name=\"ImageFullscreen\" decoding=\"async\" loading=\"lazy\" height=\"345\" itemprop=\"image\"  src=\"https:\/\/www.europesays.com\/no\/wp-content\/uploads\/2025\/09\/1658b532-e151-4ac2-bc12-288bd1a5c61b\"  style=\"object-position:0% 0%\" width=\"276\"\/>Foto: Gofundme<\/p>\n<p class=\"_paragraph_ew2ao_4 _paragraph_xtcu6_10 layout-component text-serif-m layout-normal text-serif-m layout-padded\">Celeste Rivas Hernandez ble meldt savnet fra den lille California-byen Lake Elsinore minst tre ganger i 2024, if\u00f8lge <a href=\"https:\/\/www.latimes.com\/california\/story\/2025-09-24\/celeste-d4vd-body-released-mystery\" class=\"_link_ew2ao_39\" rel=\"nofollow noopener\" target=\"_blank\">Los Angeles Times<\/a>. Siste gang 5. april i fjor.<\/p>\n<p class=\"_paragraph_ew2ao_4 _paragraph_xtcu6_10 layout-component text-serif-m layout-normal text-serif-m layout-padded\"><a href=\"https:\/\/www.tmz.com\/2025\/09\/29\/celeste-rivas-argues-neighbors-after-reported-missing\/\" class=\"_link_ew2ao_39\" rel=\"nofollow noopener\" target=\"_blank\">TMZ<\/a> har imidlertid publisert en overv\u00e5kningsvideo fra 8. september 2024, alts\u00e5 eksakt et \u00e5r f\u00f8r hun ble funnet d\u00f8d, som viser henne hjemme med familien.<\/p>\n<p class=\"_paragraph_ew2ao_4 _paragraph_xtcu6_10 layout-component text-serif-m layout-normal text-serif-m layout-padded\">Hun gravlegges 5. oktober if\u00f8lge en <a href=\"https:\/\/www.gofundme.com\/f\/help-celeste-rivas-hernandez-family\" class=\"_link_ew2ao_39\" rel=\"nofollow noopener\" target=\"_blank\">spleis<\/a> familien har opprettet.<\/p>\n<p class=\"_paragraph_ew2ao_4 _paragraph_xtcu6_10 layout-component text-serif-m layout-normal text-serif-m layout-padded\">\u00abHun var en elsket datter, s\u00f8ster, kusine og venn. Familien hennes er knust og fortvilet over dette tragiske tapet\u00bb, st\u00e5r det der.<\/p>\n<p><img alt=\"d4vd p\u00e5 scenen i Montreux juli 2024.  Foto: CYRIL ZINGARO \/ EPA \/ NTB\" class=\"_image_qp4xg_65 layout-component layout-normal\" data-fullscreen- data-track-element-type=\"Article image fullscreen\" data-track-name=\"ImageFullscreen\" decoding=\"async\" loading=\"lazy\" height=\"3770\" itemprop=\"image\"  src=\"https:\/\/www.europesays.com\/no\/wp-content\/uploads\/2025\/09\/4580b1fc-7dae-438d-918f-951446824ea1\"  style=\"object-position:0% 0%\" width=\"5655\"\/>d4vd p\u00e5 scenen i Montreux juli 2024.  Foto: CYRIL ZINGARO \/ EPA \/ NTB<\/p>\n<p class=\"_paragraph_ew2ao_4 _paragraph_xtcu6_10 layout-component text-serif-m layout-normal text-serif-m layout-padded\">If\u00f8lge <a href=\"https:\/\/www.tmz.com\/2025\/09\/24\/d4vd-minors-contract-interscope-records-advance\/\" class=\"_link_ew2ao_39\" rel=\"nofollow noopener\" target=\"_blank\">TMZ<\/a> signerte d4vd en kontrakt med plateselskapet Interscope i 2022, da han bare var 17, som ga ham 30 millioner kroner \u2013 og med utsikter til det dobbelte dersom karrieren gikk bra.<\/p>\n<p class=\"_paragraph_ew2ao_4 _paragraph_xtcu6_10 layout-component text-serif-m layout-normal text-serif-m layout-padded\">Siden har d4vds sanger g\u00e5tt s\u00e5 det suser p\u00e5 <a href=\"https:\/\/www.vg.no\/tag\/spotify?utm_source=vg-article&amp;utm_medium=auto-tagger&amp;utm_campaign=73bAVv\" class=\"_link_ew2ao_39\" rel=\"nofollow noopener\" target=\"_blank\">Spotify<\/a>.<\/p>\n<p class=\"_paragraph_ew2ao_4 _paragraph_xtcu6_10 layout-component text-serif-m layout-normal text-serif-m layout-padded\">Den mest popul\u00e6re, \u00abRomantic Homicide\u00bb, har n\u00e5 1,7 milliarder avspillinger p\u00e5 str\u00f8mmetjenesten, og har n\u00e5dd nye popularitetsh\u00f8yder de siste ukene.<\/p>\n<p class=\"_paragraph_ew2ao_4 _paragraph_xtcu6_10 layout-component text-serif-m layout-normal text-serif-m layout-padded\">P\u00e5 TikTok har han nylig passert fire millioner f\u00f8lgere.<\/p>\n","protected":false},"excerpt":{"rendered":"LA-politiet mener 14 \u00e5r gamle Celeste Rivas Hernandez l\u00e5 d\u00f8d i flere uker i en Tesla registrert p\u00e5&hellip;\n","protected":false},"author":2,"featured_media":49170,"comment_status":"","ping_status":"","sticky":false,"template":"","format":"standard","meta":{"footnotes":""},"categories":[10],"tags":[20,21,24,25,15,22,23,13,30,28,29,14,16,251,2046,26,27],"class_list":{"0":"post-49169","1":"post","2":"type-post","3":"status-publish","4":"format-standard","5":"has-post-thumbnail","7":"category-norge","8":"tag-breaking-news","9":"tag-breakingnews","10":"tag-featured-news","11":"tag-featurednews","12":"tag-headlines","13":"tag-latest-news","14":"tag-latestnews","15":"tag-news","16":"tag-no","17":"tag-norge","18":"tag-norway","19":"tag-nyheter","20":"tag-overskrifter","21":"tag-spotify","22":"tag-tiktok","23":"tag-top-stories","24":"tag-topstories"},"share_on_mastodon":{"url":"","error":""},"_links":{"self":[{"href":"https:\/\/www.europesays.com\/no\/wp-json\/wp\/v2\/posts\/49169","targetHints":{"allow":["GET"]}}],"collection":[{"href":"https:\/\/www.europesays.com\/no\/wp-json\/wp\/v2\/posts"}],"about":[{"href":"https:\/\/www.europesays.com\/no\/wp-json\/wp\/v2\/types\/post"}],"author":[{"embeddable":true,"href":"https:\/\/www.europesays.com\/no\/wp-json\/wp\/v2\/users\/2"}],"replies":[{"embeddable":true,"href":"https:\/\/www.europesays.com\/no\/wp-json\/wp\/v2\/comments?post=49169"}],"version-history":[{"count":0,"href":"https:\/\/www.europesays.com\/no\/wp-json\/wp\/v2\/posts\/49169\/revisions"}],"wp:featuredmedia":[{"embeddable":true,"href":"https:\/\/www.europesays.com\/no\/wp-json\/wp\/v2\/media\/49170"}],"wp:attachment":[{"href":"https:\/\/www.europesays.com\/no\/wp-json\/wp\/v2\/media?parent=49169"}],"wp:term":[{"taxonomy":"category","embeddable":true,"href":"https:\/\/www.europesays.com\/no\/wp-json\/wp\/v2\/categories?post=49169"},{"taxonomy":"post_tag","embeddable":true,"href":"https:\/\/www.europesays.com\/no\/wp-json\/wp\/v2\/tags?post=49169"}],"curies":[{"name":"wp","href":"https:\/\/api.w.org\/{rel}","templated":true}]}}