{"id":49215,"date":"2025-09-30T15:02:12","date_gmt":"2025-09-30T15:02:12","guid":{"rendered":"https:\/\/www.europesays.com\/no\/49215\/"},"modified":"2025-09-30T15:02:12","modified_gmt":"2025-09-30T15:02:12","slug":"norsk-klassiker-rives-vekk","status":"publish","type":"post","link":"https:\/\/www.europesays.com\/no\/49215\/","title":{"rendered":"Norsk klassiker rives vekk"},"content":{"rendered":"<p class=\"kicker bg-cyan color_mobile_bg-cyan hasTextPadding mobile-hasTextPadding\" style=\"\">Norsk klassiker:\u00a0<\/p>\n<p>  F\u00f8rst trodde taxfree-butikkene at\u00a0\u00e9n hylle var nok. N\u00e5 m\u00e5 de ha tre fulle paller til enhver tid for \u00e5 m\u00f8te ettersp\u00f8rselen.<\/p>\n<p>\n    RIVES VEKK: Tran fra M\u00f6llers ser ut til \u00e5 sl\u00e5 an blant reisende ved taxfree-butikker p\u00e5 norske flyplasser. Foto: Haakon Dagestad\n  <\/p>\n<p>    Kort fortalt<\/p>\n<p lang=\"nb-NO\">Salget av M\u00f6llers Tran har eksplodert i taxfree-butikkene i Norge.<\/p>\n<p lang=\"nb-NO\">Produktet har v\u00e6rt tilgjengelig i rundt ti uker etter nye regler tillot salg av momsbelagte varer.<\/p>\n<p lang=\"nb-NO\">Orkla Health Norge er glad for den \u00f8kte ettersp\u00f8rselen ved et sted de ikke har solgt f\u00f8r.\u00a0<\/p>\n<p class=\"italic ai-disclaimer\" data-lab-italic=\"italic\">Sammendraget er laget av ChatGPT og godkjent av DinSide.<\/p>\n<p>      Vis mer<br \/>\n      Vis mindre<\/p>\n<p>For noen uker siden skrev DinSide at <a href=\"https:\/\/dinside.dagbladet.no\/reise\/har-tatt-helt-av\/83569454\" target=\"_blank\" rel=\"nofollow noopener\">varer med tydelig norsk preg sl\u00e5r an ved taxfree-butikker rundt om i landet<\/a>.\u00a0<\/p>\n<p>Alt fra Freia melkesjokolade og Bamsemums, til Harahorn Gin og sjokolade fra Nittedal Sjokoladefabrikk; typiske taxfree-varer som det \u00aboser\u00bb Norge av, har hatt en betydelig vekst.\u00a0<\/p>\n<p> Samtidig ser de reisende ogs\u00e5 ut til \u00e5 ha f\u00e5tt \u00f8ynene opp for et produkt de fleste kanskje ikke umiddelbart forbinder med taxfree-handel:<\/p>\n<p class=\"font-weight-bold m-font-weight-bold\" data-lab-font_weight=\"font-weight-bold\">Salget av M\u00f6llers Tran har nemlig skutt i v\u00e6ret.\u00a0<\/p>\n<p>Det opplyser\u00a0viseadministrerende direkt\u00f8r i Travel Retail Norway (TRN), Haakon Dagestad, til DinSide.\u00a0<\/p>\n<p>    <a itemprop=\"url\" href=\"https:\/\/dinside.dagbladet.no\/fritid\/ikke-ett-fett\/83617047\" rel=\"nofollow noopener\" target=\"_blank\"><\/p>\n<p>      <img loading=\"lazy\" decoding=\"async\" src=\"https:\/\/www.europesays.com\/no\/wp-content\/uploads\/2025\/09\/1759244530_527_83647746.webp\" width=\"980\" height=\"441\" title=\"Knuser myte: Ikke sunnere\" alt=\"\" class=\"lazyload\" style=\"--aspect-ratio-image: 2.22; \"\/><\/p>\n<p>        Knuser myte: Ikke sunnere<\/p>\n<p>    <\/a><\/p>\n<p>TRN driver taxfree ved flyplassene i Oslo, Stavanger, Trondheim og Bergen. Produktet har bare v\u00e6rt tilgjengelig i disse butikkene i rundt ti uker, etter at Avinor tidligere i \u00e5r fikk tillatelse til \u00e5 selge moms-belagte varer i taxfree-butikkene.\u00a0<\/p>\n<p>&#8211; Det har v\u00e6rt reguleringer p\u00e5 hva slags type varer vi kan selge, men etter at vi fikk lov \u00e5 ta inn det, har det tatt helt av, sier han og forsetter:\u00a0<\/p>\n<p>&#8211; Vi mistenkte at det ville bli stort, men at det skulle bli s\u00e5 stort, var vi ikke klar over.\u00a0<\/p>\n<p>        <img loading=\"lazy\" decoding=\"async\" itemprop=\"image\" src=\"https:\/\/www.europesays.com\/no\/wp-content\/uploads\/2025\/09\/83662629.webp\" width=\"180\" height=\"180\" alt=\"Haakon Dagestad\"\/><\/p>\n<p>            Haakon Dagestad<br \/>\n            Haakon<br \/>\n            Dagestad        <\/p>\n<p>Viseadministrerende direkt\u00f8r i Travel Retail Norway<\/p>\n<p> Nettstedet\u00a0<a href=\"https:\/\/flysmart24.no\/2025\/09\/28\/taxfree-boom-dette-har-vi-ikke-sett-for\/\" target=\"_blank\" rel=\"nofollow noopener\">flysmart.no<\/a>\u00a0har ogs\u00e5 omtalt saken. <\/p>\n<p>Ruller ut palle p\u00e5 palle\t<\/p>\n<p>Dagestad forteller at det n\u00e6rmest har v\u00e6rt som at noen har skrudd p\u00e5 en bryter.\u00a0<\/p>\n<p>&#8211; Vi begynte med en liten hylle med tran, og n\u00e5 har vi tre sv\u00e6re paller ute hele tida. Vi selger rett og slett paller med tran, og m\u00e5 rulle ut for \u00e5 m\u00f8te ettersp\u00f8rselen.\u00a0<\/p>\n<p>Dette opplever de p\u00e5 butikkene b\u00e5de i Stavanger, Trondheim og Bergen, men interessen er st\u00f8rst ved Oslo lufthavn.\u00a0<\/p>\n<p>    <a itemprop=\"url\" href=\"https:\/\/dinside.dagbladet.no\/reise\/charterturister-rammes\/83659271\" rel=\"nofollow noopener\" target=\"_blank\"><\/p>\n<p>      <img loading=\"lazy\" decoding=\"async\" src=\"https:\/\/www.europesays.com\/no\/wp-content\/uploads\/2025\/09\/83659372.webp\" width=\"980\" height=\"441\" title=\"Charterturister rammes\" alt=\"\" class=\"lazyload\" style=\"--aspect-ratio-image: 2.22; \"\/><\/p>\n<p>        Charterturister rammes<\/p>\n<p>    <\/a><\/p>\n<p>Det kan ha sammenheng med den gjenopprettede direkteruta fra Oslo til den kinesiske provinsen Hainan.\u00a0<\/p>\n<p>For det er nemlig i forkant av disse flygningene at det g\u00e5r mest, og denne kundegruppa som st\u00e5r bak den st\u00f8rste \u00f8kningen av salget.\u00a0<\/p>\n<p>&#8211; N\u00e5r vi har flygninger til Kina, g\u00e5r det et enormt antall. Kinesiske turister setter h\u00f8y fart p\u00e5 salget, der er det veldig stor ettersp\u00f8rsel. De kj\u00f8per mye, gjerne hele brett med flytende.\u00a0<\/p>\n<p>        MYE GASS: Vi har smakt p\u00e5 det som omtales \u00e5 ha verdens verste lukt &#8230; Det gikk helt ok! Video: Embla Hjort-Larsen. <\/p>\n<p>Kj\u00f8per hele brett\t<\/p>\n<p>Ogs\u00e5 andre asiatiske land som Japan og S\u00f8r-Korea viser interesse for fiskeproduktet.\u00a0<\/p>\n<p>I Asia er det nemlig et stort marked og h\u00f8y ettersp\u00f8rsel for helsefremmede produkt som fiskeolje og omega-3-tilskudd.<\/p>\n<p>Dagestad forklarer at det er interesse for b\u00e5de kapsler og flasker med den norske klassikeren, men at det er den flytende som selger best.\u00a0<\/p>\n<p>&#8211; De kj\u00f8per mye. Normalt tar vi jo av plasten p\u00e5 esker med varer, slik at folk kan plukke med seg en eller to flasker, men her lar vi ofte plasten v\u00e6re p\u00e5, fordi de kj\u00f8per hele brettet.\u00a0<\/p>\n<p>          <img loading=\"lazy\" decoding=\"async\" src=\"https:\/\/www.europesays.com\/no\/wp-content\/uploads\/2025\/09\/83660357.webp\" width=\"686\" height=\"837\" title=\"TOMT: Det er s\u00e6rlig flytende tran som har kapret de asiatiske turistenes interesse. Foto: Haakon Dagestad\" alt=\"\" class=\"\" style=\"--aspect-ratio-image: 0.82; \"\/><\/p>\n<p>\n          TOMT: Det er s\u00e6rlig flytende tran som har kapret de asiatiske turistenes interesse. Foto: Haakon Dagestad\n      <\/p>\n<p>&#8211; Et rush av turister\t<\/p>\n<p>Visedirekt\u00f8ren mener det kan ha noe med omd\u00f8mmet til den norske varianten \u00e5 gj\u00f8re.<\/p>\n<p>&#8211; Turistene kommer hit og vet allerede at dette er et produkt de \u00f8nsker seg.\u00a0<\/p>\n<p>S\u00f8lvi Str\u00f8m Jensl\u00f8kken, administrerende direkt\u00f8r i Orkla Health Norge, som produserer M\u00f6llers tran, forteller til DinSide at det ikke er nytt for dem at turister er interessert i produktet.\u00a0<\/p>\n<p>&#8211; Hver gang et cruiseskip legger til kai, ser vi ofte at n\u00e6rbutikkene f\u00e5r et rush av turister som kj\u00f8per M\u00f6ller\u2019s-produkter. Det nye er at de n\u00e5 ogs\u00e5 er tilgjengelige p\u00e5 Gardermoen.<\/p>\n<p>    <a itemprop=\"url\" href=\"https:\/\/dinside.dagbladet.no\/fritid\/salgsvekst-gjor-comeback\/83630516\" rel=\"nofollow noopener\" target=\"_blank\"><\/p>\n<p>      <img loading=\"lazy\" decoding=\"async\" src=\"https:\/\/www.europesays.com\/no\/wp-content\/uploads\/2025\/09\/83657133.webp\" width=\"147\" height=\"98\" title=\"Salgsvekst: Gj\u00f8r comeback\" alt=\"\" class=\"lazyload\" style=\"--aspect-ratio-image: 1.50; \"\/><\/p>\n<p>        Salgsvekst: Gj\u00f8r comeback<\/p>\n<p>    <\/a><\/p>\n<p>Jensl\u00f8kken er glad for at flere ser verdien av tran.\u00a0<\/p>\n<p>&#8211; Vi vet at ikoniske merkevarer som M\u00f6ller\u2019s, med r\u00f8tter i Norge og som en del av mange nordmenns daglige vaner, har blitt en del av norsk identitet \u2013 og det er vi stolte av, sier hun og fortsetter:\u00a0<\/p>\n<p>\u00a0&#8211; Enda stoltere er vi over \u00e5 kunne tilby forbrukere i ulike deler av verden tilgang til disse produktene. <\/p>\n","protected":false},"excerpt":{"rendered":"Norsk klassiker:\u00a0 F\u00f8rst trodde taxfree-butikkene at\u00a0\u00e9n hylle var nok. N\u00e5 m\u00e5 de ha tre fulle paller til enhver&hellip;\n","protected":false},"author":2,"featured_media":49216,"comment_status":"","ping_status":"","sticky":false,"template":"","format":"standard","meta":{"footnotes":""},"categories":[56],"tags":[60,61,2582,62,30,28,29,1992,5768,7609],"class_list":{"0":"post-49215","1":"post","2":"type-post","3":"status-publish","4":"format-standard","5":"has-post-thumbnail","7":"category-naeringsliv","8":"tag-business","9":"tag-economy","10":"tag-flyplass","11":"tag-naeringsliv","12":"tag-no","13":"tag-norge","14":"tag-norway","15":"tag-reise","16":"tag-taxfree","17":"tag-tran"},"share_on_mastodon":{"url":"","error":""},"_links":{"self":[{"href":"https:\/\/www.europesays.com\/no\/wp-json\/wp\/v2\/posts\/49215","targetHints":{"allow":["GET"]}}],"collection":[{"href":"https:\/\/www.europesays.com\/no\/wp-json\/wp\/v2\/posts"}],"about":[{"href":"https:\/\/www.europesays.com\/no\/wp-json\/wp\/v2\/types\/post"}],"author":[{"embeddable":true,"href":"https:\/\/www.europesays.com\/no\/wp-json\/wp\/v2\/users\/2"}],"replies":[{"embeddable":true,"href":"https:\/\/www.europesays.com\/no\/wp-json\/wp\/v2\/comments?post=49215"}],"version-history":[{"count":0,"href":"https:\/\/www.europesays.com\/no\/wp-json\/wp\/v2\/posts\/49215\/revisions"}],"wp:featuredmedia":[{"embeddable":true,"href":"https:\/\/www.europesays.com\/no\/wp-json\/wp\/v2\/media\/49216"}],"wp:attachment":[{"href":"https:\/\/www.europesays.com\/no\/wp-json\/wp\/v2\/media?parent=49215"}],"wp:term":[{"taxonomy":"category","embeddable":true,"href":"https:\/\/www.europesays.com\/no\/wp-json\/wp\/v2\/categories?post=49215"},{"taxonomy":"post_tag","embeddable":true,"href":"https:\/\/www.europesays.com\/no\/wp-json\/wp\/v2\/tags?post=49215"}],"curies":[{"name":"wp","href":"https:\/\/api.w.org\/{rel}","templated":true}]}}