{"id":49228,"date":"2025-09-30T15:13:08","date_gmt":"2025-09-30T15:13:08","guid":{"rendered":"https:\/\/www.europesays.com\/no\/49228\/"},"modified":"2025-09-30T15:13:08","modified_gmt":"2025-09-30T15:13:08","slug":"magnus-carlsen-har-blitt-pappa","status":"publish","type":"post","link":"https:\/\/www.europesays.com\/no\/49228\/","title":{"rendered":"Magnus Carlsen har blitt pappa"},"content":{"rendered":"\n<p class=\"_lead_ew2ao_2 _lead_xtcu6_50 layout-component text-serif-m layout-normal text-serif-l layout-component layout-wide layout-padded _wide_17hqh_1 layout-padded\">Det viser kona Ella Victoria Carlsen frem i sosiale medier.<\/p>\n<p><img alt=\"Magnus og Ella Victoria Carlsen fra bryllupet i vinter.  Foto: Amanda Pedersen Giske \/ NTB\" class=\"_image_qp4xg_65 layout-component layout-wide\" data-fullscreen- data-track-element-type=\"Article image fullscreen\" data-track-name=\"ImageFullscreen\" fetchpriority=\"high\" decoding=\"sync\" loading=\"eager\" height=\"3462\" itemprop=\"image\"  src=\"https:\/\/www.europesays.com\/no\/wp-content\/uploads\/2025\/09\/15348252-42d0-4b40-a097-edb686732492\"  style=\"object-position:0% 0%\" width=\"5193\"\/>Magnus og Ella Victoria Carlsen fra bryllupet i vinter.  Foto: Amanda Pedersen Giske \/ NTB<\/p>\n<ul aria-hidden=\"true\" class=\"_images_1y6fe_106\">\n<li><a class=\"_link_1y6fe_111\" href=\"https:\/\/www.vg.no\/forfatter\/herman-folvik\" style=\"z-index:1\" title=\"Herman Folvik\" rel=\"nofollow noopener\" target=\"_blank\"><img alt=\"Bilde av Herman Folvik\" class=\"_image_1y6fe_88\" fetchpriority=\"low\" loading=\"lazy\" decoding=\"async\" itemprop=\"image\"  src=\"https:\/\/www.europesays.com\/no\/wp-content\/uploads\/2025\/09\/1759245188_900_b8d5eb91-9fa9-460c-b9f0-da310ffe35dd\"  width=\"480\"\/><\/a><\/li>\n<\/ul>\n<p> Oppdatert tirsdag 30. september kl. 17:00     <\/p>\n<p class=\"_paragraph_ew2ao_4 _paragraph_xtcu6_10 layout-component text-serif-m layout-normal text-serif-m layout-padded\">I en Instagram-historie deler Ella Victoria Carlsen et babybilde. B\u00e5de barnet og <a href=\"https:\/\/www.vg.no\/tag\/magnus-carlsen?utm_source=vg-article&amp;utm_medium=auto-tagger&amp;utm_campaign=LMJRzV\" class=\"_link_ew2ao_39\" rel=\"nofollow noopener\" target=\"_blank\">Magnus Carlsen<\/a> ligger i en seng og sover &#8211; med teksten \u00ab27.09.25\u00bb.<\/p>\n<p class=\"_paragraph_ew2ao_4 _paragraph_xtcu6_10 layout-component text-serif-m layout-normal text-serif-m layout-padded\">Hun har dekket til ansiktet p\u00e5 barnet med et bl\u00e5tt hjerte. Det kan vel tolkes som et tegn p\u00e5 at det er en gutt.<\/p>\n<p class=\"_paragraph_ew2ao_4 _paragraph_xtcu6_10 layout-component text-serif-m layout-normal text-serif-m layout-padded\">Magnus og Ella Victoria Carlsen giftet seg l\u00f8rdag 4. januar i Holmenkollen kapell. <\/p>\n<p class=\"_paragraph_ew2ao_4 _paragraph_xtcu6_10 layout-component text-serif-m layout-normal text-serif-m layout-padded\">F\u00f8r bryllupet het hun Ella Victoria Malone. Hun har amerikansk far og norsk mor. <\/p>\n<p class=\"_paragraph_ew2ao_4 _paragraph_xtcu6_10 layout-component text-serif-m layout-normal text-serif-m layout-padded\">Magnus Carlsen er kjent som kanskje historiens beste sjakkspiller. <\/p>\n","protected":false},"excerpt":{"rendered":"Det viser kona Ella Victoria Carlsen frem i sosiale medier. Magnus og Ella Victoria Carlsen fra bryllupet i&hellip;\n","protected":false},"author":2,"featured_media":49229,"comment_status":"","ping_status":"","sticky":false,"template":"","format":"standard","meta":{"footnotes":""},"categories":[59],"tags":[4854,30,28,29,7611,83,82],"class_list":{"0":"post-49228","1":"post","2":"type-post","3":"status-publish","4":"format-standard","5":"has-post-thumbnail","7":"category-sport","8":"tag-magnus-carlsen","9":"tag-no","10":"tag-norge","11":"tag-norway","12":"tag-sjakk","13":"tag-sport","14":"tag-sports"},"share_on_mastodon":{"url":"","error":""},"_links":{"self":[{"href":"https:\/\/www.europesays.com\/no\/wp-json\/wp\/v2\/posts\/49228","targetHints":{"allow":["GET"]}}],"collection":[{"href":"https:\/\/www.europesays.com\/no\/wp-json\/wp\/v2\/posts"}],"about":[{"href":"https:\/\/www.europesays.com\/no\/wp-json\/wp\/v2\/types\/post"}],"author":[{"embeddable":true,"href":"https:\/\/www.europesays.com\/no\/wp-json\/wp\/v2\/users\/2"}],"replies":[{"embeddable":true,"href":"https:\/\/www.europesays.com\/no\/wp-json\/wp\/v2\/comments?post=49228"}],"version-history":[{"count":0,"href":"https:\/\/www.europesays.com\/no\/wp-json\/wp\/v2\/posts\/49228\/revisions"}],"wp:featuredmedia":[{"embeddable":true,"href":"https:\/\/www.europesays.com\/no\/wp-json\/wp\/v2\/media\/49229"}],"wp:attachment":[{"href":"https:\/\/www.europesays.com\/no\/wp-json\/wp\/v2\/media?parent=49228"}],"wp:term":[{"taxonomy":"category","embeddable":true,"href":"https:\/\/www.europesays.com\/no\/wp-json\/wp\/v2\/categories?post=49228"},{"taxonomy":"post_tag","embeddable":true,"href":"https:\/\/www.europesays.com\/no\/wp-json\/wp\/v2\/tags?post=49228"}],"curies":[{"name":"wp","href":"https:\/\/api.w.org\/{rel}","templated":true}]}}