{"id":49287,"date":"2025-09-30T16:20:15","date_gmt":"2025-09-30T16:20:15","guid":{"rendered":"https:\/\/www.europesays.com\/no\/49287\/"},"modified":"2025-09-30T16:20:15","modified_gmt":"2025-09-30T16:20:15","slug":"er-en-kongelig-romanse-pa-gang","status":"publish","type":"post","link":"https:\/\/www.europesays.com\/no\/49287\/","title":{"rendered":"Er en kongelig romanse p\u00e5 gang?"},"content":{"rendered":"<p class=\"kicker \" style=\"\">Kronprinsesse Elisabeth av Belgia<\/p>\n<p>  Europeiske medier g\u00e5r av skaftet etter at den belgiske kronprinsessen kobles til en prins fra Liechtenstein. Se bildet alle snakker om.<\/p>\n<p>\n    TRONF\u00d8LGER: Kronprinsesse Elisabeth er eldst av fire s\u00f8sken, og ventes \u00e5 bli dronning i Belgia etter foreldrene, kong Phillippe og dronning Mathilde. Her fra en offisiell tilstelning i sommer. Foto: NTB\n  <\/p>\n<p>En historisk romanse kan v\u00e6re i emning mellom to europeiske kongehus. Et bilde som sirkulerer i sosiale medier har satt fart p\u00e5 spekulasjonene om at kronprinsesse Elisabeth av Belgia (23) og prins Georg av Liechtenstein (26) kan v\u00e6re knyttet til hverandre.<\/p>\n<p>Ukebladet <a href=\"https:\/\/www.hellomagazine.com\/royalty\/858509\/belgian-palace-responds-to-princess-elisabeth-prince-georg-picture\/\" rel=\"nofollow noopener\" target=\"_blank\">Hello! <\/a>har skrevet om ryktene.<\/p>\n<p>        FULLT KJ\u00d8R: Kommentarfeltet i australske medier har rent over av friere for prinsesse Ingrid Alexandra. Video: H\u00e5vard Bj\u00f8rnerem \/ TikTok: @sydneymorningherald \/\/ Foto: Blondet Eliot\/ABACA\/Shutterstock<\/p>\n<p>Ingen av slottene har forel\u00f8pig bekreftet om bildet er ekte &#8211; eller om det faktisk finnes et forhold mellom de to.\u00a0<\/p>\n<p>P\u00e5 sp\u00f8rsm\u00e5l om bildet svarte en talsperson for <a href=\"https:\/\/www.instagram.com\/belgianroyalpalace\/\" rel=\"nofollow noopener\" target=\"_blank\">det belgiske kongehuset<\/a>:\u00a0<\/p>\n<p>\u2013 Vi har sett bildet ogs\u00e5. Vi vet ikke om det er ekte eller AI. Vi kommenterer ikke private forhold.<\/p>\n<p>          <img loading=\"lazy\" decoding=\"async\" src=\"https:\/\/www.europesays.com\/no\/wp-content\/uploads\/2025\/09\/83662316.webp\" width=\"686\" height=\"460\" title=\"FIRE BARN: Det belgiske kongeparet har fire barn, fra venstre prinsesse Eleonore, prins Gabriel, dronning kong Philippe, kronprinsesse Elisabeth og prins Emmanuel. Foto: NTB\" alt=\"\" class=\"\" style=\"--aspect-ratio-image: 1.49; \"\/><\/p>\n<p>\n          FIRE BARN: Det belgiske kongeparet har fire barn, fra venstre prinsesse Eleonore, prins Gabriel, dronning kong Philippe, kronprinsesse Elisabeth og prins Emmanuel. Foto: NTB\n      <\/p>\n<p>Dersom ryktene stemmer, vil det v\u00e6re f\u00f8rste gang p\u00e5 n\u00e6r et halvt \u00e5rhundre at to arvinger fra regjerende kongehus finner sammen.<\/p>\n<p>Sist gang var kong Juan Carlos I (87) og dronning Sof\u00eda av Spania (86), som giftet seg i 1962.\u00a0<\/p>\n<p>          <img loading=\"lazy\" decoding=\"async\" src=\"https:\/\/www.europesays.com\/no\/wp-content\/uploads\/2025\/09\/83662482.webp\" width=\"686\" height=\"542\" title=\"STOR STAS: Greske prinsesse Sofia giftet seg med Spanias prins Juan Carlos i Athen i mai 1962. De ble kongepar etter at general Francos fasciststyre tok slutt i 1975. Foto: NTB\" alt=\"\" class=\"\" style=\"--aspect-ratio-image: 1.27; \"\/><\/p>\n<p>\n          STOR STAS: Greske prinsesse Sofia giftet seg med Spanias prins Juan Carlos i Athen i mai 1962. De ble kongepar etter at general Francos fasciststyre tok slutt i 1975. Foto: NTB\n      <\/p>\n<p>Han var prins av Spania, hun var prinsesse av Hellas. Og ekteskapet ble feiret i hennes hjemby Athen, med kongelige fra hele Europa p\u00e5 plass.<\/p>\n<p>          <img loading=\"lazy\" decoding=\"async\" src=\"https:\/\/www.europesays.com\/no\/wp-content\/uploads\/2025\/09\/83662362.webp\" width=\"686\" height=\"693\" title=\"SKAL OVERTA: Da prinsesse Ingrid Alexandra samlet hun andre tronarvinger p\u00e5 Slottet. f.v. prinsesse Estelle fra Sverige, prinsesse Ingrid Alexandra og prins Charles fra Luxembourg. Bak st\u00e5r kronprinsesse Catharina-Amalie t.v. fra Nederland og kronprinsesse Elisabeth fra Belgia. Foto: NTB\" alt=\"\" class=\"\" style=\"--aspect-ratio-image: 0.99; \"\/><\/p>\n<p>\n          SKAL OVERTA: Da prinsesse Ingrid Alexandra samlet hun andre tronarvinger p\u00e5 Slottet. f.v. prinsesse Estelle fra Sverige, prinsesse Ingrid Alexandra og prins Charles fra Luxembourg. Bak st\u00e5r kronprinsesse Catharina-Amalie t.v. fra Nederland og kronprinsesse Elisabeth fra Belgia. Foto: NTB\n      <\/p>\n<p>Den belgiske kongehuseksperten Wim Dehandschutter sier til Hello! at et nytt slikt par ville v\u00e6re naturlig:\u00a0<\/p>\n<p>\u2013 Elisabeth og Georg ville helt klart v\u00e6re et str\u00e5lende kongelig par. Kongehusene st\u00e5r generelt n\u00e6r hverandre, og belgierne og liechtensteinerne kjenner hverandre godt. Foreldrene deres er kolleger, venner \u2013 p\u00e5 sett og vis familie. Elisabeth og Georg skal ha kjent hverandre siden barndommen.<\/p>\n<p>          <img loading=\"lazy\" decoding=\"async\" src=\"https:\/\/www.europesays.com\/no\/wp-content\/uploads\/2025\/09\/83662376.webp\" width=\"686\" height=\"995\" title=\"DUKKET OPP: Dette bildet dukket opp p\u00e5 en Instagram-konto som s\u00e5 ut til \u00e5 tilh\u00f8re prins Georg av Liechtenstein. Men 24 timer var kontoen nedlagt og bildet forsvunnet. Faksimile Instagram\" alt=\"\" class=\"\" style=\"--aspect-ratio-image: 0.69; \"\/><\/p>\n<p>\n          DUKKET OPP: Dette bildet dukket opp p\u00e5 en Instagram-konto som s\u00e5 ut til \u00e5 tilh\u00f8re prins Georg av Liechtenstein. Men 24 timer var kontoen nedlagt og bildet forsvunnet. Faksimile Instagram\n      <\/p>\n<p>Om bildet er ekte, er h\u00f8yst uklart.\u00a0<\/p>\n<p>\u2013 Kong Philippe (64) og dronning Mathilde (51) vokter privatlivet sitt som l\u00f8ver, og enda mer barnas. Og Liechtenstein-familien er kjent for sin legendariske diskresjon. De er en lite kjent, men prestisjetung og sv\u00e6rt velst\u00e5ende kongefamilie, sier kongehuseksperten.<\/p>\n<p>          <img loading=\"lazy\" decoding=\"async\" src=\"https:\/\/www.europesays.com\/no\/wp-content\/uploads\/2025\/09\/83662386.webp\" width=\"686\" height=\"584\" title=\"SPEKULASJONER: Noen mener at bildet er ekte, andre p\u00e5st\u00e5r at det m\u00e5 v\u00e6re KI-generert. Faksimile Instagram\" alt=\"\" class=\"\" style=\"--aspect-ratio-image: 1.17; \"\/><\/p>\n<p>\n          SPEKULASJONER: Noen mener at bildet er ekte, andre p\u00e5st\u00e5r at det m\u00e5 v\u00e6re KI-generert. Faksimile Instagram\n      <\/p>\n<p>Han har imidlertid liten tro p\u00e5 at bildet viser en ekte romanse.<\/p>\n<p>&#8211; Hvorfor skulle Elisabeth og Georg ha noen interesse av \u00e5 lekke et forhold p\u00e5 en s\u00e5 kl\u00f8nete m\u00e5te, gjennom et s\u00e5 privat bilde p\u00e5 Instagram som aldri er helt privat? sier Dehandschutter.<\/p>\n<p class=\"font-weight-bold m-font-weight-bold text-red color_mobile_text-red\" data-lab-font_weight=\"font-weight-bold\" data-lab-text_color=\"text-red\">\nHvem er kronprinsesse Elisabeth?\n<\/p>\n<p>          <img loading=\"lazy\" decoding=\"async\" src=\"https:\/\/www.europesays.com\/no\/wp-content\/uploads\/2025\/09\/83662358.webp\" width=\"686\" height=\"865\" title=\"STUDENT: Etter \u00e5 ha fullf\u00f8rt milit\u00e6rutdannelse har Elisabeth flyttet til USA, hvor hun studerer p\u00e5 prestisjeuniversitetet Harvard. Foto: NTB\" alt=\"\" class=\"\" style=\"--aspect-ratio-image: 0.79; \"\/><\/p>\n<p>\n          STUDENT: Etter \u00e5 ha fullf\u00f8rt milit\u00e6rutdannelse har Elisabeth flyttet til USA, hvor hun studerer p\u00e5 prestisjeuniversitetet Harvard. Foto: NTB\n      <\/p>\n<p class=\"font-weight-normal m-font-weight-normal\" data-lab-font_weight=\"font-weight-normal\">Kronprinsesse Elisabeth av Belgia (23) ble f\u00f8dt 25. oktober 2001 og er eldste barn av kong Philippe (64) og dronning Mathilde (51).\u00a0<\/p>\n<p class=\"font-weight-normal m-font-weight-normal\" data-lab-font_weight=\"font-weight-normal\">Hun er arving til den belgiske tronen, og vil bli landets f\u00f8rste regjerende dronning dersom hun etterf\u00f8lger faren.\u00a0<\/p>\n<p>    <a itemprop=\"url\" href=\"https:\/\/www.seher.no\/kjendis\/kan-bli-kastet-ut\/83130929\" rel=\"nofollow noopener\" target=\"_blank\"><\/p>\n<p>      <img loading=\"lazy\" decoding=\"async\" src=\"https:\/\/www.europesays.com\/no\/wp-content\/uploads\/2025\/09\/82019678.webp\" width=\"147\" height=\"98\" title=\"Kan bli kastet ut\" alt=\"\" class=\"lazyload\" style=\"--aspect-ratio-image: 1.50; \"\/><\/p>\n<p>        Kan bli kastet ut<\/p>\n<p>    <\/a><\/p>\n<p class=\"font-weight-normal m-font-weight-normal\" data-lab-font_weight=\"font-weight-normal\">Hun har studert ved St John Berchmans College og senere ved UWC Atlantic College i Wales, f\u00f8r hun gjennomf\u00f8rte milit\u00e6rtjeneste og oppn\u00e5dde grad som fenrik.\u00a0<\/p>\n<p class=\"font-weight-normal m-font-weight-normal\" data-lab-font_weight=\"font-weight-normal\">I 2024 ble det bekreftet at hun har begynt p\u00e5 Harvard Kennedy School i USA, hvor hun tar en mastergrad i offentlig politikk. Her g\u00e5r hun ogs\u00e5 i \u00e5r.<\/p>\n<p>Hvem er prins Georg av Liechtenstein?\n<\/p>\n<p>          <img loading=\"lazy\" decoding=\"async\" src=\"https:\/\/www.europesays.com\/no\/wp-content\/uploads\/2025\/09\/83662400.webp\" width=\"686\" height=\"440\" title=\"I BRYLLUP: Georg var brudens bror, og var st\u00f8dig kavaler for brudgommens s\u00f8ster, Emilia Maduro. Prinsesse Marie Caroline av Liechtenstein giftet seg medsin Leopoldo Maduro Vollmer i St. Florin-katedralen i Vaduz, Liechtenstein,\" alt=\"\" class=\"\" style=\"--aspect-ratio-image: 1.56; \"\/><\/p>\n<p>\n          I BRYLLUP: Georg var brudens bror, og var st\u00f8dig kavaler for brudgommens s\u00f8ster, Emilia Maduro. Prinsesse Marie Caroline av Liechtenstein giftet seg medsin Leopoldo Maduro Vollmer i St. Florin-katedralen i Vaduz, Liechtenstein,\n      <\/p>\n<p>Prins Georg av Liechtenstein (26) ble f\u00f8dt 20. april 1999 og er tredje barn av arveprins Alois (56) og arveprinsesse Sophie (56). Han er nummer tre i arverekken til Liechtensteins trone.\u00a0<\/p>\n<p>If\u00f8lge sin LinkedIn-profil arbeider Georg som forretningsutvikler i selskapet Guidewheel, som samarbeider med fabrikker over hele verden.<\/p>\n<p><script async src=\"\/\/www.instagram.com\/embed.js\"><\/script><\/p>\n","protected":false},"excerpt":{"rendered":"Kronprinsesse Elisabeth av Belgia Europeiske medier g\u00e5r av skaftet etter at den belgiske kronprinsessen kobles til en prins&hellip;\n","protected":false},"author":2,"featured_media":49288,"comment_status":"","ping_status":"","sticky":false,"template":"","format":"standard","meta":{"footnotes":""},"categories":[12],"tags":[20,21,5005,4104,24,25,15,76,22,23,7621,13,30,28,29,14,16,7622,7620,2602,26,27,42,43,44,45],"class_list":{"0":"post-49287","1":"post","2":"type-post","3":"status-publish","4":"format-standard","5":"has-post-thumbnail","7":"category-verden","8":"tag-breaking-news","9":"tag-breakingnews","10":"tag-det-belgiske-kongehuset","11":"tag-eksklusivt","12":"tag-featured-news","13":"tag-featurednews","14":"tag-headlines","15":"tag-kongelig","16":"tag-latest-news","17":"tag-latestnews","18":"tag-liechtenstein","19":"tag-news","20":"tag-no","21":"tag-norge","22":"tag-norway","23":"tag-nyheter","24":"tag-overskrifter","25":"tag-prins-georg","26":"tag-prinsesse-elisabeth","27":"tag-rykter","28":"tag-top-stories","29":"tag-topstories","30":"tag-verden","31":"tag-world","32":"tag-world-news","33":"tag-worldnews"},"share_on_mastodon":{"url":"","error":""},"_links":{"self":[{"href":"https:\/\/www.europesays.com\/no\/wp-json\/wp\/v2\/posts\/49287","targetHints":{"allow":["GET"]}}],"collection":[{"href":"https:\/\/www.europesays.com\/no\/wp-json\/wp\/v2\/posts"}],"about":[{"href":"https:\/\/www.europesays.com\/no\/wp-json\/wp\/v2\/types\/post"}],"author":[{"embeddable":true,"href":"https:\/\/www.europesays.com\/no\/wp-json\/wp\/v2\/users\/2"}],"replies":[{"embeddable":true,"href":"https:\/\/www.europesays.com\/no\/wp-json\/wp\/v2\/comments?post=49287"}],"version-history":[{"count":0,"href":"https:\/\/www.europesays.com\/no\/wp-json\/wp\/v2\/posts\/49287\/revisions"}],"wp:featuredmedia":[{"embeddable":true,"href":"https:\/\/www.europesays.com\/no\/wp-json\/wp\/v2\/media\/49288"}],"wp:attachment":[{"href":"https:\/\/www.europesays.com\/no\/wp-json\/wp\/v2\/media?parent=49287"}],"wp:term":[{"taxonomy":"category","embeddable":true,"href":"https:\/\/www.europesays.com\/no\/wp-json\/wp\/v2\/categories?post=49287"},{"taxonomy":"post_tag","embeddable":true,"href":"https:\/\/www.europesays.com\/no\/wp-json\/wp\/v2\/tags?post=49287"}],"curies":[{"name":"wp","href":"https:\/\/api.w.org\/{rel}","templated":true}]}}