{"id":49315,"date":"2025-09-30T16:37:08","date_gmt":"2025-09-30T16:37:08","guid":{"rendered":"https:\/\/www.europesays.com\/no\/49315\/"},"modified":"2025-09-30T16:37:08","modified_gmt":"2025-09-30T16:37:08","slug":"han-er-verdens-fineste-mann","status":"publish","type":"post","link":"https:\/\/www.europesays.com\/no\/49315\/","title":{"rendered":"\u2013 Han er verdens fineste mann"},"content":{"rendered":"\n<p class=\"_lead_ew2ao_2 _lead_xtcu6_50 layout-component text-serif-m layout-normal text-serif-l layout-component layout-wide layout-padded _wide_17hqh_1 layout-padded\">Men det kunne g\u00e5 en kule varmt da de trente hver sin klubb i den danske hovedstaden.<\/p>\n<p><img alt=\" Foto: Yui Mok \/ Pa Photos \/ NTB\" class=\"_image_qp4xg_65 layout-component layout-wide\" data-fullscreen- data-track-element-type=\"Article image fullscreen\" data-track-name=\"ImageFullscreen\" fetchpriority=\"high\" decoding=\"sync\" loading=\"eager\" height=\"2512\" itemprop=\"image\"  src=\"https:\/\/www.europesays.com\/no\/wp-content\/uploads\/2025\/09\/78a6de67-72ae-4ae3-b0f1-6f169d7aebb8\"  style=\"object-position:0% 0%\" width=\"3596\"\/> Foto: Yui Mok \/ Pa Photos \/ NTBRapporterer fra Bod\u00f8 Oppdatert tirsdag 30. september kl. 18:09    <\/p>\n<ul class=\"_list_ew2ao_3 _list_64s2r_85 _unordered_ew2ao_99 text-sans-m\">\n<li class=\"_item_ew2ao_30\">Thomas Frank er ny manager for Tottenham og beskrives som \u00abverdens fineste mann\u00bb av St\u00e5le Solbakken.<\/li>\n<li class=\"_item_ew2ao_30\">Tottenham skal m\u00f8te Bod\u00f8\/Glimt i en viktig Champions League-kamp, Glimts f\u00f8rste p\u00e5 hjemmebane.<\/li>\n<li class=\"_item_ew2ao_30\">Kampen er den f\u00f8rste Champions League-kampen for herrer p\u00e5 norsk jord siden 2007.<\/li>\n<\/ul>\n<p>Vis mer <\/p>\n<p class=\"_paragraph_ew2ao_4 _paragraph_xtcu6_10 layout-component text-serif-m layout-normal text-serif-m layout-padded\">\u2013 Vi hadde noen klinsjer, spesielt p\u00e5 noen pressekonferanser. Men det var vel mest jeg som klinsjet med han. Han var mer overb\u00e6rende. En meget hyggelig og diplomatisk mann, ler landslagssjef St\u00e5le Solbakken i prat med VG.<\/p>\n<p class=\"_paragraph_ew2ao_4 _paragraph_xtcu6_10 layout-component text-serif-m layout-normal text-serif-m layout-padded\">F\u00e5 nordmenn kjenner bedre til Thomas Frank \u2013 mannen som har overtatt sjefsansvaret for Tottenham denne sesongen.<\/p>\n<p class=\"_paragraph_ew2ao_4 _paragraph_xtcu6_10 layout-component text-serif-m layout-normal text-serif-m layout-padded\">\u2013 Det er to ting som kjennetegner ham: Han er verdens fineste mann og veldig omgjengelig. Jeg husker vi pleide \u00e5 spise lunsj sammen til tross for at vi trente FCK og Br\u00f8ndby. Han er veldig \u00e5pen og reflektert. S\u00e5 er han utrolig normal til \u00e5 v\u00e6re fotballtrener, sier Solbakken.<\/p>\n<p class=\"_paragraph_ew2ao_4 _paragraph_xtcu6_10 layout-component text-serif-m layout-normal text-serif-m layout-padded\">\u2013 Samtidig er han veldig pragmatisk som fotbaltrener. Han er ikke den som har en krystallklar spillestil, men tilpasser seg den troppen han har.<\/p>\n<p><img alt=\"NORGES LANDSLAGSSJEF: St\u00e5le Solbakken.  Foto: Bj\u00f8rn S. Delebekk \/ VG\" class=\"_image_qp4xg_65 layout-component layout-normal\" data-fullscreen- data-track-element-type=\"Article image fullscreen\" data-track-name=\"ImageFullscreen\" decoding=\"async\" loading=\"lazy\" height=\"2560\" itemprop=\"image\"  src=\"https:\/\/www.europesays.com\/no\/wp-content\/uploads\/2025\/09\/7eafe84a-e8d0-49ed-9539-25c79c1250cb\"  style=\"object-position:0% 0%\" width=\"3840\"\/>NORGES LANDSLAGSSJEF: St\u00e5le Solbakken.  Foto: Bj\u00f8rn S. Delebekk \/ VG<\/p>\n<p class=\"_paragraph_ew2ao_4 _paragraph_xtcu6_10 layout-component text-serif-m layout-normal text-serif-m layout-padded\">Ange Postecoglou ledet Tottenham til finale. P\u00e5 veien ble Bod\u00f8\/Glimt beseiret 3\u20131 i London og 2\u20130 i Bod\u00f8. <\/p>\n<p class=\"_paragraph_ew2ao_4 _paragraph_xtcu6_10 layout-component text-serif-m layout-normal text-serif-m layout-padded\">Tottenham slo ogs\u00e5 Manchester United i finalen og vant sitt f\u00f8rste trof\u00e9 siden 2008, men med 17. plass i ligaen m\u00e5tte australieren sin post.<\/p>\n<p class=\"_paragraph_ew2ao_4 _paragraph_xtcu6_10 layout-component text-serif-m layout-normal text-serif-m layout-padded\">Inn kom Thomas Frank, som i l\u00f8pet av seks sesonger i Brentford b\u00e5de rykket opp og etablerte klubben i Premier League. <\/p>\n<p class=\"_paragraph_ew2ao_4 _paragraph_xtcu6_10 layout-component text-serif-m layout-normal text-serif-m layout-padded\">F\u00f8r det var han alts\u00e5 i Br\u00f8ndby, hvor han ble godt kjent med St\u00e5le Solbakken.<\/p>\n<p class=\"_paragraph_ew2ao_4 _paragraph_xtcu6_10 layout-component text-serif-m layout-normal text-serif-m layout-padded\">\u2013 St\u00e5le er &#8230; du vet, da vi trente sammen i Br\u00f8ndby og K\u00f8benhavn, blir det noen kamper, sier Frank \u2013 og mener \u00abkamper\u00bb i b\u00e5de direkte og overf\u00f8rt betydning.<\/p>\n<p>Solbakken vs Frank<\/p>\n<ul class=\"_list_ew2ao_3 _list_xtcu6_9 _list_16v91_9 _unordered_ew2ao_99 layout-component text-serif-m layout-normal text-sans-m layout-padded\">\n<li class=\"_item_ew2ao_30\">Br\u00f8ndby \u2013 FCK 0\u20130 (november 2015)<\/li>\n<li class=\"_item_ew2ao_30\"><strong class=\"_strong_ew2ao_25\">Br\u00f8ndby<\/strong> \u2013 FCK 1\u20130 (september 2015)<\/li>\n<li class=\"_item_ew2ao_30\">Br\u00f8ndby \u2013 FCK 0\u20130 (april 2015)<\/li>\n<li class=\"_item_ew2ao_30\"><strong class=\"_strong_ew2ao_25\">FCK<\/strong> \u2013 Br\u00f8ndby 3\u20131 (mars 2015)<\/li>\n<li class=\"_item_ew2ao_30\"><strong class=\"_strong_ew2ao_25\">FCK<\/strong> \u2013 Br\u00f8ndby 1\u20130 (september 2014)<\/li>\n<li class=\"_item_ew2ao_30\">FCK \u2013 Br\u00f8ndby 1\u20131 (mai 2014)<\/li>\n<li class=\"_item_ew2ao_30\">Br\u00f8ndby \u2013 <strong class=\"_strong_ew2ao_25\">FCK <\/strong>1\u20133 (desember 2013)<\/li>\n<li class=\"_item_ew2ao_30\"><strong class=\"_strong_ew2ao_25\">Br\u00f8ndby<\/strong> \u2013 FCK 3\u20132 (september 2013)<\/li>\n<\/ul>\n<p class=\"_paragraph_ew2ao_4 _paragraph_xtcu6_10 _paragraph_16v91_10 layout-component text-serif-m layout-normal text-sans-m layout-padded\"><strong class=\"_strong_ew2ao_25\">Totalt: 3\u20133\u20132 i fav\u00f8r Solbakken<\/strong><\/p>\n<p>Vis mer<\/p>\n<p class=\"_paragraph_ew2ao_4 _paragraph_xtcu6_10 layout-component text-serif-m layout-normal text-serif-m layout-padded\">\u2013 St\u00e5le er en mann og fotballtrener jeg beundrer mye, det han bygget over flere \u00e5r i K\u00f8benhavn var utrolig.<\/p>\n<p class=\"_paragraph_ew2ao_4 _paragraph_xtcu6_10 layout-component text-serif-m layout-normal text-serif-m layout-padded\">Han har f\u00e5tt med seg eks-rivalens gode start p\u00e5 VM-kvalifiseringen.<\/p>\n<p class=\"_paragraph_ew2ao_4 _paragraph_xtcu6_10 layout-component text-serif-m layout-normal text-serif-m layout-padded\">\u2013 Jeg er veldig glad p\u00e5 hans vegne. En god kollega og venn i fotballverden. <\/p>\n<p><img alt=\"Foto: John Sibley \/ Reuters \/ NTB\" class=\"_image_qp4xg_65 layout-component layout-normal\" data-fullscreen- data-track-element-type=\"Article image fullscreen\" data-track-name=\"ImageFullscreen\" decoding=\"async\" loading=\"lazy\" height=\"3837\" itemprop=\"image\"  src=\"https:\/\/www.europesays.com\/no\/wp-content\/uploads\/2025\/09\/889a1565-9fee-41d8-99d0-3e4c06b94e89\"  style=\"object-position:0% 0%\" width=\"5658\"\/>Foto: John Sibley \/ Reuters \/ NTB<\/p>\n<p class=\"_paragraph_ew2ao_4 _paragraph_xtcu6_10 layout-component text-serif-m layout-normal text-serif-m layout-padded\">Tottenham-kjenner Alasdair Gold, som f\u00f8lger laget tett for Football London og Daily Mirror, sier at det er et \u00abannerledes Spurs-lag\u00bb som kommer til Aspmyra denne gangen.<\/p>\n<p class=\"_paragraph_ew2ao_4 _paragraph_xtcu6_10 layout-component text-serif-m layout-normal text-serif-m layout-padded\">\u2013 Thomas Frank spiller selvf\u00f8lgelig en helt annen type fotball. Mer defensivt strukturert ogs\u00e5, veldig opptatt av d\u00f8dballer \u2013 det er en stor ting for ham. Ange-fotball er en veldig annen type fotball, selv om de faktisk var ganske solide defensiv akkurat den dagen, sier Gold til VG.<\/p>\n<p class=\"_paragraph_ew2ao_4 _paragraph_xtcu6_10 layout-component text-serif-m layout-normal text-serif-m layout-padded\">Bod\u00f8\/Glimt-trener Kjetil Knutsen sa p\u00e5 mandagens pressekonferanse at han er <a href=\"https:\/\/www.vg.no\/sport\/i\/AvjM9A\/bodoe-glimt-tottenham-kjetil-knutsen-om-champions-league-aapningen\" data-track-element-type=\"Link\" data-track-id=\"link:AvjM9A\" class=\"_link_ew2ao_39\" rel=\"nofollow noopener\" target=\"_blank\">veldig spent p\u00e5 hva laget har l\u00e6rt<\/a> siden 0\u20132-tapet i Bod\u00f8 i mai. <\/p>\n<p class=\"_paragraph_ew2ao_4 _paragraph_xtcu6_10 layout-component text-serif-m layout-normal text-serif-m layout-padded\">Frank legger p\u00e5 sin side lite vekt p\u00e5 hva som skjedde for fire m\u00e5neder siden.<\/p>\n<p class=\"_paragraph_ew2ao_4 _paragraph_xtcu6_10 layout-component text-serif-m layout-normal text-serif-m layout-padded\">\u2013 Med all respekt, jeg var ikke manageren da. Vi har gode spillere, de har gode spillere. Dette er en ny kamp. Dette er en ny situasjon. Vi g\u00e5r inn i det med stor respekt for Bod\u00f8\/Glimt. Det kommer til \u00e5 bli veldig vanskelig, sier han.<\/p>\n<p>Slik fungerer Champions League 2025\/26<\/p>\n<ul class=\"_list_ew2ao_3 _list_xtcu6_9 _list_16v91_9 _unordered_ew2ao_99 layout-component text-serif-m layout-normal text-sans-m layout-padded\">\n<li class=\"_item_ew2ao_30\">36 lag i \u00e9n stor tabell<\/li>\n<li class=\"_item_ew2ao_30\">Alle spiller 8 kamper (fire hjemme, fire borte)<\/li>\n<li class=\"_item_ew2ao_30\"><strong class=\"_strong_ew2ao_25\">1.\u20138. plass:<\/strong>\u00a0Rett til \u00e5ttedelsfinale<\/li>\n<li class=\"_item_ew2ao_30\"><strong class=\"_strong_ew2ao_25\">9.\u201324. plass:<\/strong>\u00a0Playoff om \u00e5ttedelsfinale<\/li>\n<li class=\"_item_ew2ao_30\"><strong class=\"_strong_ew2ao_25\">25.\u201336. plass:<\/strong>\u00a0Ute av Europa<\/li>\n<\/ul>\n<p>Vis mer<\/p>\n<p class=\"_paragraph_ew2ao_4 _paragraph_xtcu6_10 layout-component text-serif-m layout-normal text-serif-m layout-padded\">Tirsdagens kamp er den f\u00f8rste <a href=\"https:\/\/www.vg.no\/tag\/champions-league?utm_source=vg-article&amp;utm_medium=auto-tagger&amp;utm_campaign=8qeAK1\" class=\"_link_ew2ao_39\" rel=\"nofollow noopener\" target=\"_blank\">Champions League<\/a>-kampen for herrer p\u00e5 norsk jord siden 2007. Det er ogs\u00e5 f\u00f8rste gang Bod\u00f8\/Glimt spiller p\u00e5 hjemmebane i turneringen.<\/p>\n<p class=\"_paragraph_ew2ao_4 _paragraph_xtcu6_10 layout-component text-serif-m layout-normal text-serif-m layout-padded\">Mens Glimt spilte 2\u20132 borte mot Slavia Praha i f\u00f8rste runde, vant Tottenham 1\u20130 hjemme mot La Liga-laget Villarreal.<\/p>\n<p> Hvordan se Bod\u00f8\/Glimt mot Tottenham p\u00e5 TV i kveld?<\/p>\n<p class=\"_paragraph_ew2ao_4 _paragraph_xtcu6_10 layout-component text-serif-m layout-normal text-serif-m layout-padded\">Du ser Bod\u00f8\/Glimt &#8211; Tottenham p\u00e5 TV 2 Play fra 21.00. Du kan ogs\u00e5 f\u00f8lge <a href=\"https:\/\/vglive.vg.no\/kamp\/bod%C3%B8-glimt-tottenham\/721435\/rapport\" class=\"_link_ew2ao_39\" rel=\"nofollow noopener\" target=\"_blank\">kampen i VG Live<\/a>. <\/p>\n","protected":false},"excerpt":{"rendered":"Men det kunne g\u00e5 en kule varmt da de trente hver sin klubb i den danske hovedstaden. Foto:&hellip;\n","protected":false},"author":2,"featured_media":49316,"comment_status":"","ping_status":"","sticky":false,"template":"","format":"standard","meta":{"footnotes":""},"categories":[59],"tags":[517,706,92,30,28,29,83,82,1387,2092,1638],"class_list":{"0":"post-49315","1":"post","2":"type-post","3":"status-publish","4":"format-standard","5":"has-post-thumbnail","7":"category-sport","8":"tag-bodo-glimt","9":"tag-champions-league","10":"tag-fotball","11":"tag-no","12":"tag-norge","13":"tag-norway","14":"tag-sport","15":"tag-sports","16":"tag-stale-solbakken","17":"tag-thomas-frank","18":"tag-tottenham-hotspur-fc"},"share_on_mastodon":{"url":"","error":""},"_links":{"self":[{"href":"https:\/\/www.europesays.com\/no\/wp-json\/wp\/v2\/posts\/49315","targetHints":{"allow":["GET"]}}],"collection":[{"href":"https:\/\/www.europesays.com\/no\/wp-json\/wp\/v2\/posts"}],"about":[{"href":"https:\/\/www.europesays.com\/no\/wp-json\/wp\/v2\/types\/post"}],"author":[{"embeddable":true,"href":"https:\/\/www.europesays.com\/no\/wp-json\/wp\/v2\/users\/2"}],"replies":[{"embeddable":true,"href":"https:\/\/www.europesays.com\/no\/wp-json\/wp\/v2\/comments?post=49315"}],"version-history":[{"count":0,"href":"https:\/\/www.europesays.com\/no\/wp-json\/wp\/v2\/posts\/49315\/revisions"}],"wp:featuredmedia":[{"embeddable":true,"href":"https:\/\/www.europesays.com\/no\/wp-json\/wp\/v2\/media\/49316"}],"wp:attachment":[{"href":"https:\/\/www.europesays.com\/no\/wp-json\/wp\/v2\/media?parent=49315"}],"wp:term":[{"taxonomy":"category","embeddable":true,"href":"https:\/\/www.europesays.com\/no\/wp-json\/wp\/v2\/categories?post=49315"},{"taxonomy":"post_tag","embeddable":true,"href":"https:\/\/www.europesays.com\/no\/wp-json\/wp\/v2\/tags?post=49315"}],"curies":[{"name":"wp","href":"https:\/\/api.w.org\/{rel}","templated":true}]}}