{"id":49393,"date":"2025-09-30T18:05:16","date_gmt":"2025-09-30T18:05:16","guid":{"rendered":"https:\/\/www.europesays.com\/no\/49393\/"},"modified":"2025-09-30T18:05:16","modified_gmt":"2025-09-30T18:05:16","slug":"frida-nordstrands-avslorer-dramatikk-om-bord-pa-norsk-fiskebat","status":"publish","type":"post","link":"https:\/\/www.europesays.com\/no\/49393\/","title":{"rendered":"Frida Nordstrands avsl\u00f8rer dramatikk om bord p\u00e5 norsk fiskeb\u00e5t:"},"content":{"rendered":"<p class=\"kicker \" style=\"\">Frida Nordstrand:<\/p>\n<p>  Det som skulle bli en hyggelig reportasje om bord p\u00e5 fiskeb\u00e5ten endte katastrofalt.<\/p>\n<p>\n    SYK TIL SJ\u00d8S: TV-profilen gjenforteller detaljer fra den dramatiske b\u00e5tturen utenfor Bod\u00f8. Foto: Philip O&#8217;Connor\/Reuters\/NTB\n  <\/p>\n<p>For noen uker siden fikk den svenske journalisten Frida Nordstrand (44), sammen med kameramannen Johan Ag\u00e9n, en id\u00e9 om \u00e5 bes\u00f8ke Nord-Norge i anledning Champions League-kampen mellom Bod\u00f8\/Glimt og Tottenham.<\/p>\n<p>    <a itemprop=\"url\" href=\"https:\/\/www.dagbladet.no\/kjendis\/ble-skikkelig-darlig\/83656174\" rel=\"nofollow noopener\" target=\"_blank\"><\/p>\n<p>      <img loading=\"lazy\" decoding=\"async\" src=\"https:\/\/www.europesays.com\/no\/wp-content\/uploads\/2025\/09\/83655948.webp\" width=\"980\" height=\"441\" title=\"- Ble skikkelig d\u00e5rlig\" alt=\"\" class=\"lazyload\" style=\"--aspect-ratio-image: 2.22; \"\/><\/p>\n<p>        &#8211; Ble skikkelig d\u00e5rlig<\/p>\n<p>    <\/a><\/p>\n<p>Hensikten med bes\u00f8ket var \u00e5 lage reportasjer i oppkj\u00f8ringen til fotballkampen og \u00e5 ta temperaturen p\u00e5 fotballinteresserte bod\u00f8v\u00e6ringer. Nordstrand og Ag\u00e9n bestemte seg derfor for \u00e5 hoppe om bord p\u00e5 en b\u00e5t med en gjeng lokale fiskere.\u00a0<\/p>\n<p>Fisketuren ble derimot en marerittopplevelse for TV-profilen. Det forteller Nordstrand til svenske <a href=\"https:\/\/www.aftonbladet.se\/sportbladet\/fotboll\/a\/xmKjjV\/viaplay-reportern-frida-nordstrands-skrack-pa-norska-fiskebaten\" rel=\"nofollow noopener\" target=\"_blank\">Aftonbladet<\/a>.<\/p>\n<p>        DUO: J\u00f8rgine Massa Vasstrand og Isak Dreyer \u00e5pner seg om programledersamarbeidet og den brutale sesongen. Video: NRK\/ R\u00f8d L\u00f8per\/ Lone Heimdal Gunnerud\/ Sanne Holt<\/p>\n<p>&#8211; Ble verre og verre\t<\/p>\n<p>Dagen de hadde planlagt \u00e5 reise ut p\u00e5 havet brygget det plutselig opp til storm, og det var usikkert om de kunne gjennomf\u00f8re reportasjen.\u00a0<\/p>\n<p>&#8211; Til slutt bestemte vi oss for \u00e5 gj\u00f8re det likevel &#8211; og da vi f\u00f8rst gjorde det, ble det verre og verre. Jeg f\u00f8lte meg ikke s\u00e5 d\u00e5rlig, men n\u00e5r det f\u00f8rst slo meg, s\u00e5 slo det meg umiddelbart. Jeg spydde i tre timer, forteller Nordstrand.<\/p>\n<p>          <img loading=\"lazy\" decoding=\"async\" src=\"https:\/\/www.europesays.com\/no\/wp-content\/uploads\/2025\/09\/1759255515_923_83660304.webp\" width=\"686\" height=\"385\" title=\"KVALM: TV4-profilen Frida Nordstrand fikk et ublidt m\u00f8te med det norske havet. Foto: Viaplay\" alt=\"\" class=\"\" style=\"--aspect-ratio-image: 1.78; \"\/><\/p>\n<p>\n          KVALM: TV4-profilen Frida Nordstrand fikk et ublidt m\u00f8te med det norske havet. Foto: Viaplay\n      <\/p>\n<p> Til tross for at reporteren hadde tatt reisesyke-tabletter p\u00e5 forh\u00e5nd, ble hun hardt truffet av sj\u00f8syken, og 44-\u00e5ringen sto der og spydde, t\u00f8rket oppkast og pr\u00f8vde \u00e5 intervjue fiskerne mellom slagene.<\/p>\n<p>    <a itemprop=\"url\" href=\"https:\/\/www.dagbladet.no\/kjendis\/blodde-neseblod-i-18-timer\/83640825\" rel=\"nofollow noopener\" target=\"_blank\"><\/p>\n<p>      <img loading=\"lazy\" decoding=\"async\" src=\"https:\/\/www.europesays.com\/no\/wp-content\/uploads\/2025\/09\/1759255516_330_83647700.webp\" width=\"980\" height=\"441\" title=\"Bl\u00f8dde neseblod i 18 timer\" alt=\"\" class=\"lazyload\" style=\"--aspect-ratio-image: 2.22; \"\/><\/p>\n<p>        Bl\u00f8dde neseblod i 18 timer<\/p>\n<p>    <\/a><\/p>\n<p>&#8211; Siden jeg hadde det s\u00e5 vanvittig d\u00e5rlig spilte det ingen rolle at det ble filmet. Jeg var bare takknemlig for at det tok slutt. Jeg brydde meg ikke i det hele tatt. \u00abFilm hva faen du vil, bare jeg f\u00e5r det bra igjen\u00bb, fortsetter hun.<\/p>\n<p>&#8211; Det blir morsom TV\t<\/p>\n<p>Kameramannen Ag\u00e9n var ogs\u00e5 uheldig om bord i b\u00e5ten, og sammen med Nordstrand ble han \u00abslengt rundt som filledukke\u00bb. Hun forklarer at det rant blod fra leppene, nesa og haka hans, og at han m\u00e5tte sy da de kom tilbake til Sverige.<\/p>\n<p>        SJOKKERER: Musikklegenden Ronan Keating sjokkerer meddommere og publikum da han br\u00e5tt avbryter \u00abThe Voice\u00bb-innspillingen og forlater salen. Video: \u00abThe Voice Australia\u00bb\/ Youtube\/ @thevoiceaustralia\/ R\u00f8d L\u00f8per<\/p>\n<p>Reporteren innr\u00f8mmer ogs\u00e5 at hun er glad for \u00e5 ha overlevd den\u00a0\u00abuforglemmelige\u00bb b\u00e5tturen.<\/p>\n<p>&#8211; Det blir jo morsom TV. Historien er fortsatt fantastisk og jeg ville ikke hatt den ugjort. Det var fantastisk \u00e5 f\u00e5 gjort ferdig reportasjen. Man var s\u00e5 glad over \u00e5 ha klart seg. Der stod jeg med rennende maskara og oppkast i h\u00e5ret &#8211; og var likevel lykkelig, sier Nordstrand.<\/p>\n","protected":false},"excerpt":{"rendered":"Frida Nordstrand: Det som skulle bli en hyggelig reportasje om bord p\u00e5 fiskeb\u00e5ten endte katastrofalt. SYK TIL SJ\u00d8S:&hellip;\n","protected":false},"author":2,"featured_media":49394,"comment_status":"","ping_status":"","sticky":false,"template":"","format":"standard","meta":{"footnotes":""},"categories":[12],"tags":[1525,20,21,24,25,4693,7640,15,479,22,23,13,30,28,29,14,16,7639,26,27,42,43,44,45],"class_list":{"0":"post-49393","1":"post","2":"type-post","3":"status-publish","4":"format-standard","5":"has-post-thumbnail","7":"category-verden","8":"tag-bodo","9":"tag-breaking-news","10":"tag-breakingnews","11":"tag-featured-news","12":"tag-featurednews","13":"tag-fiskebat","14":"tag-frida-nordstrand","15":"tag-headlines","16":"tag-kjendis","17":"tag-latest-news","18":"tag-latestnews","19":"tag-news","20":"tag-no","21":"tag-norge","22":"tag-norway","23":"tag-nyheter","24":"tag-overskrifter","25":"tag-reporter","26":"tag-top-stories","27":"tag-topstories","28":"tag-verden","29":"tag-world","30":"tag-world-news","31":"tag-worldnews"},"share_on_mastodon":{"url":"","error":""},"_links":{"self":[{"href":"https:\/\/www.europesays.com\/no\/wp-json\/wp\/v2\/posts\/49393","targetHints":{"allow":["GET"]}}],"collection":[{"href":"https:\/\/www.europesays.com\/no\/wp-json\/wp\/v2\/posts"}],"about":[{"href":"https:\/\/www.europesays.com\/no\/wp-json\/wp\/v2\/types\/post"}],"author":[{"embeddable":true,"href":"https:\/\/www.europesays.com\/no\/wp-json\/wp\/v2\/users\/2"}],"replies":[{"embeddable":true,"href":"https:\/\/www.europesays.com\/no\/wp-json\/wp\/v2\/comments?post=49393"}],"version-history":[{"count":0,"href":"https:\/\/www.europesays.com\/no\/wp-json\/wp\/v2\/posts\/49393\/revisions"}],"wp:featuredmedia":[{"embeddable":true,"href":"https:\/\/www.europesays.com\/no\/wp-json\/wp\/v2\/media\/49394"}],"wp:attachment":[{"href":"https:\/\/www.europesays.com\/no\/wp-json\/wp\/v2\/media?parent=49393"}],"wp:term":[{"taxonomy":"category","embeddable":true,"href":"https:\/\/www.europesays.com\/no\/wp-json\/wp\/v2\/categories?post=49393"},{"taxonomy":"post_tag","embeddable":true,"href":"https:\/\/www.europesays.com\/no\/wp-json\/wp\/v2\/tags?post=49393"}],"curies":[{"name":"wp","href":"https:\/\/api.w.org\/{rel}","templated":true}]}}