{"id":49399,"date":"2025-09-30T18:14:12","date_gmt":"2025-09-30T18:14:12","guid":{"rendered":"https:\/\/www.europesays.com\/no\/49399\/"},"modified":"2025-09-30T18:14:12","modified_gmt":"2025-09-30T18:14:12","slug":"eurocash-og-maximat-tilbakekaller-produkter","status":"publish","type":"post","link":"https:\/\/www.europesays.com\/no\/49399\/","title":{"rendered":"Eurocash og MaxiMat tilbakekaller produkter"},"content":{"rendered":"<p class=\"kicker bg-cyan color_mobile_bg-cyan text-black hasTextPadding mobile-hasTextPadding\" style=\"\">Fritid<\/p>\n<p>  Mandag i forrige uke tilbakekalte Eurocash i T\u00f6cksfors kj\u00f8ttdeig etter funn av salmonella. N\u00e5 m\u00e5 ytterligere produkter trekkes tilbake.\u00a0<\/p>\n<p>\n    TILBAKEKALLES: Eurocash-butikken i T\u00f6cksfors kj\u00f8pesenter tilbakekaller nok et parti med kj\u00f8ttdeig laget av kj\u00f8ttdeig etter at det ble p\u00e5vist salmonella i kj\u00f8ttet. Foto: Axfoods \/ Handout \/ NTB\n  <\/p>\n<p>    Kort fortalt<\/p>\n<p lang=\"nb-NO\">Eurocash i T\u00f6cksfors tilbakekaller mer kj\u00f8ttdeig etter nytt salmonellafunn.<\/p>\n<p lang=\"nb-NO\">Tilbakekallingen gjelder produkter med pakkedato 20.-22. september.<\/p>\n<p lang=\"nb-NO\">MaxiMat i Charlottenberg tilbakekaller ogs\u00e5 kj\u00f8ttdeig grunnet salmonella.<\/p>\n<p lang=\"nb-NO\">Kunder oppfordres til \u00e5 returnere kj\u00f8ttdeigen for erstatning.<\/p>\n<p class=\"italic ai-disclaimer\" data-lab-italic=\"italic\">Sammendraget er laget av ChatGPT og godkjent av DinSide.<\/p>\n<p>      Vis mer<br \/>\n      Vis mindre<\/p>\n<p> Eurocash i T\u00f6cksfors Shoppingcenter i Sverige tilbakekaller nok en gang butikkvernet kj\u00f8ttdeig etter p\u00e5vist salmonella i kj\u00f8ttr\u00e5varene. Det kommer fram i en <a href=\"https:\/\/news.cision.com\/se\/eurocash\/r\/eurocash-i-tocksfors-shoppingcenter-aterkallar-ytterligare-en-batch-med-butiksmald-fars,c4243530\" target=\"_blank\" rel=\"nofollow noopener\">pressemelding<\/a>\u00a0tirsdag.\u00a0<\/p>\n<p>Mandag i forrige uke m\u00e5tte\u00a0<a href=\"https:\/\/dinside.dagbladet.no\/okonomi\/kan-utgjore-helsefare\/83628559\" target=\"_blank\" rel=\"nofollow noopener\">butikken trekke tilbake kj\u00f8ttdeig p\u00e5 grunn av funn av salmonella<\/a>.\u00a0<\/p>\n<p>    <a itemprop=\"url\" href=\"https:\/\/www.dagbladet.no\/tema\/professor-ett-triks-stopper-overspising\/83636665\" rel=\"nofollow noopener\" target=\"_blank\"><\/p>\n<p>      <img loading=\"lazy\" decoding=\"async\" src=\"https:\/\/www.europesays.com\/no\/wp-content\/uploads\/2025\/09\/82986838.webp\" width=\"980\" height=\"441\" title=\"Professor: Ett triks stopper overspising\" alt=\"\" class=\"lazyload\" style=\"--aspect-ratio-image: 2.22; \"\/><\/p>\n<p>        Professor: Ett triks stopper overspising<\/p>\n<p>    <\/a><\/p>\n<p>Da var det snakk om butikkmalt oksekj\u00f8ttdeig, blandet kj\u00f8ttdeig og svinekj\u00f8ttdeig som ble tilbakekalt etter at salmonella ble p\u00e5vist under en rutinekontroll av kj\u00f8ttr\u00e5varen fra leverand\u00f8ren. <\/p>\n<p class=\"font-weight-normal m-font-weight-normal\" data-lab-font_weight=\"font-weight-normal\">T\u00f6cksfors er et popul\u00e6rt handlested for nordmenn p\u00e5 \u00d8stlandet, med kort vei fra svenskegrensa, og tilbakekallingen kan derfor ber\u00f8re mange norske forbrukere.<\/p>\n<p class=\"font-weight-bold m-font-weight-bold\" data-lab-font_weight=\"font-weight-bold\">Den nye tilbakekallingen gjelder Eurocash butikkmalte storfe-, blandet- og svinekj\u00f8ttdeig med pakkedato 20.-22. september, som er solgt i Eurocash-butikken i T\u00f6cksfors Shoppingcenter.<\/p>\n<p>        PLASTIKK: Forbrukerr\u00e5det advarer om sviktende regelverk etter funn av hormonforstyrrede kjemikalier i barnerom. <\/p>\n<p>&#8211; Inneb\u00e6rer en helsefare\t<\/p>\n<p>Ogs\u00e5 MaxiMat i Charlottenberg tilbakekaller butikkmalt karbonadedeig, blandet kj\u00f8ttdeig og svinekj\u00f8ttdeig etter at salmonella er p\u00e5vist ved rutinesjekk av kj\u00f8ttet fra leverand\u00f8r.<\/p>\n<p>    <a itemprop=\"url\" href=\"https:\/\/dinside.dagbladet.no\/nyheter\/ringes-ned\/83510557\" rel=\"nofollow noopener\" target=\"_blank\"><\/p>\n<p>      <img loading=\"lazy\" decoding=\"async\" src=\"https:\/\/www.europesays.com\/no\/wp-content\/uploads\/2025\/09\/1759256050_43_83552859.webp\" width=\"980\" height=\"441\" title=\"Ringes ned\" alt=\"\" class=\"lazyload\" style=\"--aspect-ratio-image: 2.22; \"\/><\/p>\n<p>        Ringes ned<\/p>\n<p>    <\/a><\/p>\n<p>Det melder butikken p\u00e5 egen <a href=\"https:\/\/www.facebook.com\/maximatcharlottenberg\/?locale=nb_NO\" target=\"_blank\" rel=\"nofollow noopener\">Facebook<\/a>-side tirsdag.<\/p>\n<p>&#8211; De tilbakekalte produktene er solgt p\u00e5 MaxiMat i Charlottenbergs Shoppingcenter, men er n\u00e5 stoppet for salg, skriver MaxiMat.<\/p>\n<p>F\u00f8lgende produkter omfattes av tilbakekallelsen:<\/p>\n<p>N\u00f6tf\u00e4rs, blandf\u00e4rs og fl\u00e4skf\u00e4rs med pakkedato 19.09.25-30.09.25.<\/p>\n<p class=\"font-weight-bold m-font-weight-bold\" data-lab-font_weight=\"font-weight-bold\">&#8211; Varene inneb\u00e6rer en helsefare, men ved oppvarming til 72 grader d\u00f8r salmonellabakterien. Det er forel\u00f8pig ikke rapportert om sykdomstilfeller, informerer butikken.<\/p>\n<p>    <a itemprop=\"url\" href=\"https:\/\/dinside.dagbladet.no\/nyheter\/barnemat-reklame-rydd-opp\/82744238\" rel=\"nofollow noopener\" target=\"_blank\"><\/p>\n<p>      <img loading=\"lazy\" decoding=\"async\" src=\"https:\/\/www.europesays.com\/no\/wp-content\/uploads\/2025\/09\/82915799.webp\" width=\"980\" height=\"441\" title=\"Barnemat-reklame: - Rydd opp\" alt=\"\" class=\"lazyload\" style=\"--aspect-ratio-image: 2.22; \"\/><\/p>\n<p>        Barnemat-reklame: &#8211; Rydd opp<\/p>\n<p>    <\/a><\/p>\n<p>&#8211; Alvorlig\t<\/p>\n<p>&#8211; MaxiMat ser ytterst alvorlig p\u00e5 det inntrufne, og utreder n\u00e5 med leverand\u00f8ren hvordan det kunne skje, og hvordan man kan hindre at det skjer igjen, heter det videre.<\/p>\n<p>Butikken skriver at de beklager, og oppfordrer alle kunder som har kj\u00f8pt de aktuelle varene til \u00e5 levere dem tilbake til MaxiMat Charlottenberg for \u00e5 f\u00e5 erstatning.<\/p>\n","protected":false},"excerpt":{"rendered":"Fritid Mandag i forrige uke tilbakekalte Eurocash i T\u00f6cksfors kj\u00f8ttdeig etter funn av salmonella. N\u00e5 m\u00e5 ytterligere produkter&hellip;\n","protected":false},"author":2,"featured_media":49400,"comment_status":"","ping_status":"","sticky":false,"template":"","format":"standard","meta":{"footnotes":""},"categories":[5],"tags":[20,21,24,25,728,15,19,22,23,17,18,13,30,28,29,14,16,26,27],"class_list":{"0":"post-49399","1":"post","2":"type-post","3":"status-publish","4":"format-standard","5":"has-post-thumbnail","7":"category-overskrifter","8":"tag-breaking-news","9":"tag-breakingnews","10":"tag-featured-news","11":"tag-featurednews","12":"tag-fritid","13":"tag-headlines","14":"tag-hovedoppslag","15":"tag-latest-news","16":"tag-latestnews","17":"tag-main-news","18":"tag-mainnews","19":"tag-news","20":"tag-no","21":"tag-norge","22":"tag-norway","23":"tag-nyheter","24":"tag-overskrifter","25":"tag-top-stories","26":"tag-topstories"},"share_on_mastodon":{"url":"","error":""},"_links":{"self":[{"href":"https:\/\/www.europesays.com\/no\/wp-json\/wp\/v2\/posts\/49399","targetHints":{"allow":["GET"]}}],"collection":[{"href":"https:\/\/www.europesays.com\/no\/wp-json\/wp\/v2\/posts"}],"about":[{"href":"https:\/\/www.europesays.com\/no\/wp-json\/wp\/v2\/types\/post"}],"author":[{"embeddable":true,"href":"https:\/\/www.europesays.com\/no\/wp-json\/wp\/v2\/users\/2"}],"replies":[{"embeddable":true,"href":"https:\/\/www.europesays.com\/no\/wp-json\/wp\/v2\/comments?post=49399"}],"version-history":[{"count":0,"href":"https:\/\/www.europesays.com\/no\/wp-json\/wp\/v2\/posts\/49399\/revisions"}],"wp:featuredmedia":[{"embeddable":true,"href":"https:\/\/www.europesays.com\/no\/wp-json\/wp\/v2\/media\/49400"}],"wp:attachment":[{"href":"https:\/\/www.europesays.com\/no\/wp-json\/wp\/v2\/media?parent=49399"}],"wp:term":[{"taxonomy":"category","embeddable":true,"href":"https:\/\/www.europesays.com\/no\/wp-json\/wp\/v2\/categories?post=49399"},{"taxonomy":"post_tag","embeddable":true,"href":"https:\/\/www.europesays.com\/no\/wp-json\/wp\/v2\/tags?post=49399"}],"curies":[{"name":"wp","href":"https:\/\/api.w.org\/{rel}","templated":true}]}}