{"id":49431,"date":"2025-09-30T18:58:15","date_gmt":"2025-09-30T18:58:15","guid":{"rendered":"https:\/\/www.europesays.com\/no\/49431\/"},"modified":"2025-09-30T18:58:15","modified_gmt":"2025-09-30T18:58:15","slug":"skal-vi-danse-stjernen-deler-nyheten","status":"publish","type":"post","link":"https:\/\/www.europesays.com\/no\/49431\/","title":{"rendered":"Skal vi danse-stjernen deler nyheten"},"content":{"rendered":"<p class=\"kicker \" style=\"\">Tobias Brandal Bus\u00e6t:\u00a0<\/p>\n<p>  \u00abSkal vi danse\u00bb-profilen og kj\u00e6resten har tatt forholdet et steg videre.<\/p>\n<p>\n    R\u00d8PER: Tobias Brandal Bus\u00e6t og kj\u00e6resten Helga er forlovet. Foto: Andrea Costa Photographer\/Privat\n  <\/p>\n<p>Fotballtrikser Tobias Brandal Bus\u00e6t (33) og kj\u00e6resten er forlovet. Det deler han p\u00e5 Instagram.\u00a0<\/p>\n<p>\u00ab26.09.2025\u00bb, skriver han p\u00e5 Instagram, sammen med bilder fra frieriet.\u00a0<\/p>\n<p>N\u00e5r Se og H\u00f8r sl\u00e5r p\u00e5 tr\u00e5den forteller Bus\u00e6t at frieriet fant sted p\u00e5 Capri i Italia.\u00a0<\/p>\n<p>&#8211; Eneste m\u00e5ten jeg kunne lure henne f\u00f8r \u00abSkal vi danse\u00bb er \u00e5 lage en \u00abcover story\u00bb, s\u00e5 jeg latet som jeg skulle holde et show for Napoli fotballklubb, som hun beit rett p\u00e5, sier han og legger til:\u00a0<\/p>\n<p>&#8211; Det har v\u00e6rt mye planlegging rundt frieriet, men det ble perfekt. Jeg regnet med at jeg skulle f\u00e5 ja, men jeg var litt nerv\u00f8s. N\u00e5 lever jeg p\u00e5 en sky.\u00a0<\/p>\n<p>          <img loading=\"lazy\" decoding=\"async\" src=\"https:\/\/www.europesays.com\/no\/wp-content\/uploads\/2025\/09\/83662378.webp\" width=\"686\" height=\"693\" title=\"NYFORLOVET: Frieriet fant sted p\u00e5 Capri. Foto: Andrea Costa Photographer\/Privat\" alt=\"\" class=\"\" style=\"--aspect-ratio-image: 0.99; \"\/><\/p>\n<p>\n          NYFORLOVET: Frieriet fant sted p\u00e5 Capri. Foto: Andrea Costa Photographer\/Privat\n      <\/p>\n<p>P\u00e5 sp\u00f8rsm\u00e5l om hvordan kj\u00e6resten reagerte p\u00e5 frieriet, svarer han:\u00a0<\/p>\n<p>&#8211; Hun ble sjokkert og veldig glad!\u00a0<\/p>\n<p>        \u00abSKAL VI DANSE\u00bb: Vi har tatt en titt p\u00e5 noen av de villeste \u00f8yeblikkene fra inn- og utland. Video: \u00abDancing with the Stars\u00bb\/ABC, \u00abSkal vi danse\u00bb\/TV 2, \u00abLet&#8217;s Dance\u00bb &#8211; TV 4, \u00abBailando por un Sue\u00f1o\u00bb &#8211; El Trece.<\/p>\n<p>Tidligere i \u00e5r kj\u00f8pte paret\u00a0sin f\u00f8rste leilighet sammen p\u00e5 Frogner i Oslo &#8211;\u00a0 som de for tiden pusser opp.\u00a0<\/p>\n<p> &#8211; Det er selvf\u00f8lgelig stress. Begge jobber og reiser en del, s\u00e5 det har v\u00e6rt mye de siste m\u00e5nedene. Men det har bare bekreftet forholdet enda mer, sa han til Se og H\u00f8r\u00a0 i august.\u00a0<\/p>\n<p>          <img loading=\"lazy\" decoding=\"async\" src=\"https:\/\/www.europesays.com\/no\/wp-content\/uploads\/2025\/09\/83662283.webp\" width=\"686\" height=\"508\" title=\"\u00c5RETS DELTAKERE: Tobias Brandal Bus\u00e6t er blant \u00e5rets \u00abSkal vi danse\u00bb-deltakere. Foto: Andreas Fadum\/Se og H\u00f8r\" alt=\"\" class=\"\" style=\"--aspect-ratio-image: 1.35; \"\/><\/p>\n<p>\n          \u00c5RETS DELTAKERE: Tobias Brandal Bus\u00e6t er blant \u00e5rets \u00abSkal vi danse\u00bb-deltakere. Foto: Andreas Fadum\/Se og H\u00f8r\n      <\/p>\n<p>Bus\u00e6t er snart \u00e5 se som en av deltakerne i den kommende sesongen av suksessprogrammet \u00abSkal vi danse\u00bb. Her skal 33-\u00e5ringen danse sammen med proffdanser\u00a0Vyara Klisurska.\u00a0<\/p>\n<p>Tidligere har Bus\u00e6t v\u00e6rt med p\u00e5\u00a0\u00abMesternes mester\u00bb, hvor han kom p\u00e5 en andreplass.\u00a0<\/p>\n<p class=\"italic m-italic\" data-lab-italic=\"italic\">\u00abSkal vi danse\u00bb har premiere p\u00e5 TV 2 l\u00f8rdag 4.oktober.\u00a0<\/p>\n","protected":false},"excerpt":{"rendered":"Tobias Brandal Bus\u00e6t:\u00a0 \u00abSkal vi danse\u00bb-profilen og kj\u00e6resten har tatt forholdet et steg videre. R\u00d8PER: Tobias Brandal Bus\u00e6t&hellip;\n","protected":false},"author":2,"featured_media":49432,"comment_status":"","ping_status":"","sticky":false,"template":"","format":"standard","meta":{"footnotes":""},"categories":[58],"tags":[71,479,2543,30,28,29,2280,7642,72],"class_list":{"0":"post-49431","1":"post","2":"type-post","3":"status-publish","4":"format-standard","5":"has-post-thumbnail","7":"category-underholdning","8":"tag-entertainment","9":"tag-kjendis","10":"tag-kjendisdesken","11":"tag-no","12":"tag-norge","13":"tag-norway","14":"tag-skal-vi-danse","15":"tag-tobias-brandal-busaet","16":"tag-underholdning"},"share_on_mastodon":{"url":"","error":""},"_links":{"self":[{"href":"https:\/\/www.europesays.com\/no\/wp-json\/wp\/v2\/posts\/49431","targetHints":{"allow":["GET"]}}],"collection":[{"href":"https:\/\/www.europesays.com\/no\/wp-json\/wp\/v2\/posts"}],"about":[{"href":"https:\/\/www.europesays.com\/no\/wp-json\/wp\/v2\/types\/post"}],"author":[{"embeddable":true,"href":"https:\/\/www.europesays.com\/no\/wp-json\/wp\/v2\/users\/2"}],"replies":[{"embeddable":true,"href":"https:\/\/www.europesays.com\/no\/wp-json\/wp\/v2\/comments?post=49431"}],"version-history":[{"count":0,"href":"https:\/\/www.europesays.com\/no\/wp-json\/wp\/v2\/posts\/49431\/revisions"}],"wp:featuredmedia":[{"embeddable":true,"href":"https:\/\/www.europesays.com\/no\/wp-json\/wp\/v2\/media\/49432"}],"wp:attachment":[{"href":"https:\/\/www.europesays.com\/no\/wp-json\/wp\/v2\/media?parent=49431"}],"wp:term":[{"taxonomy":"category","embeddable":true,"href":"https:\/\/www.europesays.com\/no\/wp-json\/wp\/v2\/categories?post=49431"},{"taxonomy":"post_tag","embeddable":true,"href":"https:\/\/www.europesays.com\/no\/wp-json\/wp\/v2\/tags?post=49431"}],"curies":[{"name":"wp","href":"https:\/\/api.w.org\/{rel}","templated":true}]}}