{"id":49502,"date":"2025-09-30T20:15:19","date_gmt":"2025-09-30T20:15:19","guid":{"rendered":"https:\/\/www.europesays.com\/no\/49502\/"},"modified":"2025-09-30T20:15:19","modified_gmt":"2025-09-30T20:15:19","slug":"ringsaker-kultur-randi-oline-30-tar-stadig-nye-steg-na-gar-hun-inn-i-spennende-periode","status":"publish","type":"post","link":"https:\/\/www.europesays.com\/no\/49502\/","title":{"rendered":"Ringsaker, Kultur | Randi Oline (30) tar stadig nye steg \u2013 n\u00e5 g\u00e5r hun inn i spennende periode"},"content":{"rendered":"\n<p>\u2013 Prosessen har v\u00e6rt veldig morsom og fin.<\/p>\n<p>I midten av 2023 gikk Randi Oline M\u00e6hlum <a href=\"https:\/\/www.h-a.no\/randi-oline-29-om-suksessen-da-tok-det-ganske-av\/s\/5-139-1610132\" rel=\"Follow nofollow noopener\" target=\"_blank\">viralt p\u00e5 TikTok.<\/a><\/p>\n<p>Sangstemmen og videoene hennes appellerte til mange, og b\u00e5de visninger og likerklikk str\u00f8mmet inn.<\/p>\n<p>Musikk-karrieren begynte plutselig \u00e5 skyte skikkelig fart for Br\u00f8ttum-jenta.<\/p>\n<p>Vant<\/p>\n<p>Folk begynte \u00e5 lytte til henne p\u00e5 flere plattformer, og artisten fikk raskt stor oppmerksomhet.<\/p>\n<p>Bylarms \u00ab\u00c5rets Stjerneskudd 2024\u00bb gikk til Randi Oline, og kort tid etter ble hun nominert til flere priser under P3 Gull.<\/p>\n<p>Fortellerevnen hennes gjorde at hun raskt ble lagt merke til i det norske visemilj\u00f8et \u2013 blant annet av Norsk Viseforum, som tildelte henne et artiststipend i 2023.<\/p>\n<p>  <a href=\"https:\/\/www.h-a.no\/5-139-1610132\" class=\"related-teaser has-image default-story-teaser article--c-eRUmMG article--c-eRUmMG-jKCPdD-design-default\" rel=\"nofollow noopener\" target=\"_blank\"><\/p>\n<p>    <img decoding=\"async\" loading=\"lazy\"  src=\"https:\/\/www.europesays.com\/no\/wp-content\/uploads\/2025\/09\/WD0e_AWMyOSh0LgHOtRMzgREiTUtL2DAR62xzA1iXFkg.jpg\" alt=\"\" class=\"brick-c-cFOWSL\" style=\"\"\/><\/p>\n<p>\n            Les ogs\u00e5<\/p>\n<p>              Randi Oline (29) om suksessen: \u2013 Da tok det ganske av\n        <\/p>\n<p>  <\/a><\/p>\n<p>I f\u00f8rstnevnte utmerkelse var vinnerpremien 500.000 kroner fra Norsk Tipping \u2013 midler som har kommet godt med.<\/p>\n<p>\u2013 Det har absolutt gitt mer trygghet og flere muligheter, spesielt n\u00e5r inntektene varierer fra for eksempel str\u00f8mming og livekonserter. S\u00e5nn er det for mange artister, sier hun.<\/p>\n<p>\u2013 Da g\u00e5r det fort unna<\/p>\n<p>Summene har blant annet bidratt til \u00e5 dekke kostnader knyttet til studiotid, utstyr og musikere.<\/p>\n<p>Investeringene er gjort for \u00e5 skape best mulige rammer for \u00e5 lage akkurat den musikken 30-\u00e5ringen \u00f8nsker.<\/p>\n<p>\u2013 Da g\u00e5r det fort unna i l\u00f8pet av et \u00e5r, innr\u00f8mmer hun.<\/p>\n<p>Siden forrige gang hun snakket med HA, sist november, har hun sluppet flere singler og spilt p\u00e5 kjente festivaler \u2013 men om kort tid skal den Oslo-baserte artisten begi seg ut p\u00e5 ukjent farvann.<\/p>\n<p>   <img decoding=\"async\" width=\"5300\" height=\"3533\" fetchpriority=\"low\"  loading=\"lazy\"  src=\"https:\/\/www.europesays.com\/no\/wp-content\/uploads\/2025\/09\/cueres_scp-mangler_navn_ZHkEg5TQYzI.jpg\" alt=\"Eidsbugarden 20240719&#10;Randi Oline og gitarist Henrik Stave opptrer under Vinjepride som fredag sto p\u00e5  programmet under \u00e5rets Vinjerock, musikkfestivalen som g\u00e5r over tre dager i juli. Festivalen har v\u00e6rt arrangert ved bredden av Bygdin siden 2006.&#10;Foto: Heiko Junge \/ NTB\" class=\"brick-c-cFOWSL\" style=\"--brick-image-ratio: 5300 \/ 3533;\"\/><\/p>\n<p>    MYE P\u00c5 GANG: Randi Oline og gitarist Henrik Stave  under \u00e5rets fjor\u00e5rets Vinjerock.<br \/>\n    Foto: Heiko Junge\n  <\/p>\n<p>  Spent<\/p>\n<p>17. oktober slipper Randi Oline sitt f\u00f8rste album.<\/p>\n<p>Utgivelsen har f\u00e5tt tittelen \u00abJeg vil ikke st\u00e5 i ro lenger\u00bb, og fansen har allerede f\u00e5tt noen smakebiter gjennom singlene \u00abHuset\u00bb, \u00abBirk og Ronja\u00bb og \u00abJeg tar deg imot\u00bb.<\/p>\n<p>\u2013 \u00c5 slippe s\u00e5 mye p\u00e5 \u00e9n gang er nytt for meg. Det er g\u00f8y \u00e5 f\u00e5 ut noe man har jobbet med over s\u00e5 lang tid \u2013 noe som er mer helhetlig og et st\u00f8rre prosjekt enn f\u00f8r.<\/p>\n<p>\u2013 Planen var egentlig \u00e5 gi ut et album for to \u00e5r siden, men n\u00e5 var b\u00e5de timingen og \u00f8konomien bedre p\u00e5 plass for \u00e5 f\u00e5 det gjennomf\u00f8rt, forteller hun.<\/p>\n<p>   <img decoding=\"async\" width=\"6000\" height=\"4000\" fetchpriority=\"low\"  loading=\"lazy\"  src=\"https:\/\/www.europesays.com\/no\/wp-content\/uploads\/2025\/09\/NTB_aq9-Q-Zuf7U+%281%29.jpg\" alt=\"Oslo 20241130. &#10;Randi Oline (t.v.) p\u00e5 gul l\u00f8per under \u00e5rets P3 Gull i Munchmuseet.&#10;Foto: Lise \u00c5serud \/ NTB\" class=\"brick-c-cFOWSL\" style=\"--brick-image-ratio: 6000 \/ 4000;\"\/><\/p>\n<p>    SLIPPER ALBUM: Randi Oline med Frida Marie Jensen p\u00e5 gul l\u00f8per under fjor\u00e5rets P3 Gull i Munchmuseet.<br \/>\n    Foto: Lise \u00c5serud\n  <\/p>\n<p>  \u2013 Man vet jo aldri<\/p>\n<p>Sangene p\u00e5 albumet har stor betydning for artisten, med personlige historier, refleksjoner og tanker om verden rundt henne.<\/p>\n<p>\u2013 Den eldste l\u00e5ten er nok fra i fjor sommer. Samtidig har jeg vurdert sanger jeg skrev for flere \u00e5r siden, og noe av det har blitt med inn i den nye musikken.<\/p>\n<p>En viss spenning og nerv\u00f8sitet i forkant av slippet er uunng\u00e5elig.<\/p>\n<p>\u2013 Man vet jo aldri hvordan det blir tatt imot, s\u00e5 jeg kommer nok til \u00e5 ha litt nerver, ja. Men mest av alt synes jeg det er g\u00f8y og spennende, sier br\u00f8tningen.<\/p>\n<p>L\u00e6rt mye<\/p>\n<p>Tida har g\u00e5tt fort siden den talentfulle musikeren slo gjennom med sin versjon av Cezinandos l\u00e5t \u00abKristoffer Robin\u00bb.<\/p>\n<p>Randi Olines siste liveopptreden fant sted under 2025-utgaven av \u00ab\u00c5rets Stjerneskudd\u00bb, som denne gangen gikk til .<\/p>\n<p>I l\u00f8pet av \u00e5ret har hun tatt gitartimer, og viste fram ferdighetene sine p\u00e5 scenen \u2013 med fullt band i ryggen \u2013 der hun fremf\u00f8rte l\u00e5ter fra det kommende albumet.<\/p>\n<p>Vegen til dit hun er i dag, beskrives som spennende.<\/p>\n<p>\u2013 Samtidig har det v\u00e6rt en veldig bratt l\u00e6ringskurve i en litt ukjent bransje, med kanskje litt egne \u00abregler\u00bb man m\u00e5 l\u00e6re seg underveis. I tillegg har jeg f\u00e5tt m\u00f8te mange folk jeg vet om fra f\u00f8r \u2013 og det er jo ganske moro, sier hun.<\/p>\n<p>Legger ut<\/p>\n<p>P\u00e5 TikTok er 30-\u00e5ringen fortsatt aktiv.<\/p>\n<p>Her publiserer hun innhold til sine flere tusen f\u00f8lgere.<\/p>\n<p>\u2013 Jeg f\u00f8ler egentlig ikke at jeg er helt i vinden der for \u00f8yeblikket, men s\u00e5nn er det jo med sosiale medier. Man kan ikke bestemme hvor mange videoene skal n\u00e5 \u2013 det g\u00e5r litt opp og ned.<\/p>\n<p>\u2013 Men jeg har skj\u00f8nt at det er viktig \u00e5 v\u00e6re aktiv og publisere innhold p\u00e5 sosiale medier for \u00e5 promotere musikken. Det er der motivasjonen min ligger, poengterer hun.<\/p>\n<p>\u2013 Veldig koselig<\/p>\n<p>Med tilhold i hovedstaden er det heldigvis ikke altfor langt tilbake til hjemlige trakter.<\/p>\n<p>Hun forteller at hun er hjemme omtrent annenhver m\u00e5ned.<\/p>\n<p>\u2013 Da bes\u00f8ker jeg tantebarn og familie, og det er alltid veldig koselig.<\/p>\n<p>Framover gjelder det \u00e5 f\u00f8lge artistens reise videre \u2013 og \u00e5 sette av datoen for albumslippet. Det er etter all sannsynlighet verdt \u00e5 f\u00e5 med seg.<\/p>\n<p>  <a href=\"https:\/\/www.h-a.no\/5-139-1830067\" class=\"related-teaser has-image default-feature-teaser article--c-eRUmMG article--c-eRUmMG-jKCPdD-design-default\" rel=\"nofollow noopener\" target=\"_blank\"><\/p>\n<p>    <img decoding=\"async\" loading=\"lazy\"  src=\"https:\/\/www.europesays.com\/no\/wp-content\/uploads\/2025\/09\/tore-front-aa.jpg\" alt=\"\" class=\"brick-c-cFOWSL\" style=\"\"\/><\/p>\n<p>\n            Les ogs\u00e5<\/p>\n<p>              Tore har levd flere \u00e5r i uvisshet: \u2013 Og jeg som alltid har hatt et s\u00e5 sterkt hjerte\n        <\/p>\n<p>  <\/a><\/p>\n<p>  <a href=\"https:\/\/www.h-a.no\/5-139-1829065\" class=\"related-teaser has-image default-feature-teaser article--c-eRUmMG article--c-eRUmMG-jKCPdD-design-default\" rel=\"nofollow noopener\" target=\"_blank\"><\/p>\n<p>    <img decoding=\"async\" loading=\"lazy\"  src=\"https:\/\/www.europesays.com\/no\/wp-content\/uploads\/2025\/09\/anjazz-trio.jpg\" alt=\"\" class=\"brick-c-cFOWSL\" style=\"\"\/><\/p>\n<p>\n            Les ogs\u00e5<\/p>\n<p>              Vet ikke om festivalen overlever: \u2013 Det ble for ambisi\u00f8st. Det ble for mye.\n        <\/p>\n<p>  <\/a><\/p>\n<p>  <a href=\"https:\/\/www.h-a.no\/5-139-1828291\" class=\"related-teaser has-image default-feature-teaser article--c-eRUmMG article--c-eRUmMG-jKCPdD-design-default\" rel=\"nofollow noopener\" target=\"_blank\"><\/p>\n<p>    <img decoding=\"async\" loading=\"lazy\"  src=\"https:\/\/www.europesays.com\/no\/wp-content\/uploads\/2025\/09\/stitsjorama-10.jpg\" alt=\"\" class=\"brick-c-cFOWSL\" style=\"\"\/><\/p>\n<p>\n            Les ogs\u00e5<\/p>\n<p>              Derfor vil over 1.000 hit hvert \u00e5r: \u2013 Man blir inspirert\n        <\/p>\n<p>  <\/a><\/p>\n","protected":false},"excerpt":{"rendered":"\u2013 Prosessen har v\u00e6rt veldig morsom og fin. I midten av 2023 gikk Randi Oline M\u00e6hlum viralt p\u00e5&hellip;\n","protected":false},"author":2,"featured_media":49503,"comment_status":"","ping_status":"","sticky":false,"template":"","format":"standard","meta":{"footnotes":""},"categories":[58],"tags":[36,71,410,221,30,28,29,7646,1435,1510,72],"class_list":{"0":"post-49502","1":"post","2":"type-post","3":"status-publish","4":"format-standard","5":"has-post-thumbnail","7":"category-underholdning","8":"tag-art","9":"tag-entertainment","10":"tag-kultur","11":"tag-musikk","12":"tag-no","13":"tag-norge","14":"tag-norway","15":"tag-randi-oline","16":"tag-ringsaker","17":"tag-story","18":"tag-underholdning"},"share_on_mastodon":{"url":"","error":""},"_links":{"self":[{"href":"https:\/\/www.europesays.com\/no\/wp-json\/wp\/v2\/posts\/49502","targetHints":{"allow":["GET"]}}],"collection":[{"href":"https:\/\/www.europesays.com\/no\/wp-json\/wp\/v2\/posts"}],"about":[{"href":"https:\/\/www.europesays.com\/no\/wp-json\/wp\/v2\/types\/post"}],"author":[{"embeddable":true,"href":"https:\/\/www.europesays.com\/no\/wp-json\/wp\/v2\/users\/2"}],"replies":[{"embeddable":true,"href":"https:\/\/www.europesays.com\/no\/wp-json\/wp\/v2\/comments?post=49502"}],"version-history":[{"count":0,"href":"https:\/\/www.europesays.com\/no\/wp-json\/wp\/v2\/posts\/49502\/revisions"}],"wp:featuredmedia":[{"embeddable":true,"href":"https:\/\/www.europesays.com\/no\/wp-json\/wp\/v2\/media\/49503"}],"wp:attachment":[{"href":"https:\/\/www.europesays.com\/no\/wp-json\/wp\/v2\/media?parent=49502"}],"wp:term":[{"taxonomy":"category","embeddable":true,"href":"https:\/\/www.europesays.com\/no\/wp-json\/wp\/v2\/categories?post=49502"},{"taxonomy":"post_tag","embeddable":true,"href":"https:\/\/www.europesays.com\/no\/wp-json\/wp\/v2\/tags?post=49502"}],"curies":[{"name":"wp","href":"https:\/\/api.w.org\/{rel}","templated":true}]}}