{"id":49559,"date":"2025-09-30T21:54:08","date_gmt":"2025-09-30T21:54:08","guid":{"rendered":"https:\/\/www.europesays.com\/no\/49559\/"},"modified":"2025-09-30T21:54:08","modified_gmt":"2025-09-30T21:54:08","slug":"avalanche-studios-legger-ned-kontoret-i-liverpool-og-kutter-i-staben-i-sverige","status":"publish","type":"post","link":"https:\/\/www.europesays.com\/no\/49559\/","title":{"rendered":"Avalanche Studios legger ned kontoret i Liverpool og kutter i staben i Sverige &#8211;"},"content":{"rendered":"<p>Store endringer venter den svenske utvikleren Avalanche Studios, skaperne bak Just Cause-serien, n\u00e5r selskapet n\u00e5 <a href=\"https:\/\/avalanchestudios.com\/stories\/studio-update\" target=\"_blank\" rel=\"nofollow noopener\">bekrefter<\/a> at de vil legge ned kontoret i Liverpool. I tillegg til nedleggelsen gjennomf\u00f8rer studioet en rekke nedbemanninger som vil p\u00e5virke teamene i Malm\u00f6 og Stockholm. Kunngj\u00f8ringen kommer bare to m\u00e5neder etter at utviklingen av Contraband ble satt p\u00e5 vent.<\/p>\n<p>Avalanche uttaler at restruktureringen kommer &laquo;i lys av de n\u00e5v\u00e6rende utfordringene i v\u00e5r virksomhet og i bransjen som helhet.&raquo; I Liverpool vil nedleggelsen f\u00f8lge en formell konsultasjonsprosess, i samsvar med britisk lov, mens det n\u00f8yaktige antallet ansatte som blir ber\u00f8rt i alle studioene fortsatt er uklart.<\/p>\n<p>Contraband ble f\u00f8rst annonsert for fire \u00e5r siden som et samarbeidsprosjekt utviklet i samarbeid med Xbox Game Studios, men det ble stoppet etter Microsofts omfattende oppsigelser tidligere i sommer. Avalanche har ikke eksplisitt nevnt dette som en direkte \u00e5rsak til sin egen restrukturering, men det er allment antatt \u00e5 v\u00e6re en av de medvirkende faktorene.<\/p>\n<p>Dette er ikke f\u00f8rste gang Avalanche har m\u00e5ttet stramme inn livremmen. Tidligere i \u00e5r stengte selskapet kontorene i New York og Montreal, og ledelsen sier n\u00e5 at de gj\u00f8r sitt beste for \u00e5 st\u00f8tte de ber\u00f8rte ansatte, samtidig som de understreker at deres visjon om \u00e5 skape levende spillverdener fortsatt st\u00e5r sterkt &#8211; selv om dette er turbulente tider for b\u00e5de Avalanche og bransjen generelt.<\/p>\n<p><img loading=\"lazy\" decoding=\"async\" id=\"img-1876963-4688003\" data-fullsize=\"\/media\/80\/_4688003b.png\" data-lazy=\"\" src=\"https:\/\/www.gamereactor.nohttps:\/\/www.gamereactor.no\/media\/80\/_4688003_650x.png\" width=\"650\" onclick=\"if (!window.__cfRLUnblockHandlers) return false; gallery_openmodal('1876963','4688003',false,'ff8f7982e1fbf566a3c0db7dfed6a166');\" height=\"371\" alt=\"Avalanche Studios legger ned kontoret i Liverpool og kutter i staben i Sverige\" class=\"rwd_col_content lazy\" data-cf-modified-3af3c2758f456986e8a10653-=\"\"\/><\/p>\n","protected":false},"excerpt":{"rendered":"Store endringer venter den svenske utvikleren Avalanche Studios, skaperne bak Just Cause-serien, n\u00e5r selskapet n\u00e5 bekrefter at de&hellip;\n","protected":false},"author":2,"featured_media":49560,"comment_status":"","ping_status":"","sticky":false,"template":"","format":"standard","meta":{"footnotes":""},"categories":[57],"tags":[30,28,29,65,63,64,66,70,69,67,68],"class_list":{"0":"post-49559","1":"post","2":"type-post","3":"status-publish","4":"format-standard","5":"has-post-thumbnail","7":"category-vitenskap-og-teknologi","8":"tag-no","9":"tag-norge","10":"tag-norway","11":"tag-science","12":"tag-science-and-technology","13":"tag-scienceandtechnology","14":"tag-technology","15":"tag-teknologi","16":"tag-vitenskap","17":"tag-vitenskap-og-teknologi","18":"tag-vitenskapteknologi"},"share_on_mastodon":{"url":"","error":""},"_links":{"self":[{"href":"https:\/\/www.europesays.com\/no\/wp-json\/wp\/v2\/posts\/49559","targetHints":{"allow":["GET"]}}],"collection":[{"href":"https:\/\/www.europesays.com\/no\/wp-json\/wp\/v2\/posts"}],"about":[{"href":"https:\/\/www.europesays.com\/no\/wp-json\/wp\/v2\/types\/post"}],"author":[{"embeddable":true,"href":"https:\/\/www.europesays.com\/no\/wp-json\/wp\/v2\/users\/2"}],"replies":[{"embeddable":true,"href":"https:\/\/www.europesays.com\/no\/wp-json\/wp\/v2\/comments?post=49559"}],"version-history":[{"count":0,"href":"https:\/\/www.europesays.com\/no\/wp-json\/wp\/v2\/posts\/49559\/revisions"}],"wp:featuredmedia":[{"embeddable":true,"href":"https:\/\/www.europesays.com\/no\/wp-json\/wp\/v2\/media\/49560"}],"wp:attachment":[{"href":"https:\/\/www.europesays.com\/no\/wp-json\/wp\/v2\/media?parent=49559"}],"wp:term":[{"taxonomy":"category","embeddable":true,"href":"https:\/\/www.europesays.com\/no\/wp-json\/wp\/v2\/categories?post=49559"},{"taxonomy":"post_tag","embeddable":true,"href":"https:\/\/www.europesays.com\/no\/wp-json\/wp\/v2\/tags?post=49559"}],"curies":[{"name":"wp","href":"https:\/\/api.w.org\/{rel}","templated":true}]}}