{"id":49584,"date":"2025-09-30T22:26:10","date_gmt":"2025-09-30T22:26:10","guid":{"rendered":"https:\/\/www.europesays.com\/no\/49584\/"},"modified":"2025-09-30T22:26:10","modified_gmt":"2025-09-30T22:26:10","slug":"fn-afghanistan-isolert-etter-at-taliban-stengte-nett-og-telefonlinjer","status":"publish","type":"post","link":"https:\/\/www.europesays.com\/no\/49584\/","title":{"rendered":"FN: Afghanistan isolert etter at Taliban stengte nett- og telefonlinjer"},"content":{"rendered":"<p class=\"txt-ind\">\u2013 Ved \u00e5 kutte tilgangen har Afghanistan blitt nesten helt avsk\u00e5ret fra omverdenen, og det risikerer \u00e5 p\u00e5f\u00f8re det afghanske folket betydelig skade, blant annet ved \u00e5 true den \u00f8konomiske stabiliteten og forverre en av verdens verste humanit\u00e6re kriser, skriver FNs kontor i Afghanistan (UNAMA) i en uttalelse tirsdag.<\/p>\n<p class=\"txt-ind\">Dagen f\u00f8r ble nesten all telekommunikasjon i Afghanistan brutt p\u00e5 kort varsel som f\u00f8lge av at Taliban har bestemt seg for \u00e5 ta kontroll over internett.<\/p>\n<p class=\"txt-ind\">\u2013 Dette er enda en krise p\u00e5 toppen av krisene som allerede er her \u2013 en ytterst un\u00f8dvendig en \u2013 og konsekvensene kommer til \u00e5 ramme afghanernes liv, sier Indrika Ratwatte, FNs humanit\u00e6re koordinator for Afghanistan.<\/p>\n<p class=\"txt-ind\">Uttalelsen ble gitt p\u00e5 en pressekonferanse i Gen\u00e8ve der Ratwatte deltok digitalt ved hjelp av satellittkommunikasjon ettersom de vanlige kommunikasjonslinjene er brutt<\/p>\n<p>\u2013 Som om alle har ferie<\/p>\n<p class=\"txt-ind\">En innbygger i Kabul sier at det er som om det plutselig er blitt ferie \u2013 alt st\u00e5r stille.<\/p>\n<p><img decoding=\"async\" width=\"860\" class=\" md:max-w-body-wide cursor-pointer\" src=\"https:\/\/www.europesays.com\/no\/wp-content\/uploads\/2025\/09\/NTB_kJF36H2tzUQ.jpg\"  alt=\"Afghanere fors\u00f8ker forgjeves \u00e5 koble til TV-en sin til internett. Bildet er tatt i Kabul, 30. september. Foto: \u00a0Sayed Hassib\/Reuters\/NTB\" loading=\"lazy\"\/>Afghanere fors\u00f8ker forgjeves \u00e5 koble til TV-en sin til internett. Bildet er tatt i Kabul, 30. september. Foto: \u00a0Sayed Hassib\/Reuters\/NTB <\/p>\n<p class=\"txt-ind\">\u2013 Vi er blinde uten telefoner og internett. Hele v\u00e5r virksomhet er avhengig av mobiltelefoner. Leveransene skjer via mobiltelefoner. Det er som ferie, alle blir v\u00e6rende hjemme. Markedet st\u00e5r helt stille, sier Najibullah, en 42 \u00e5r gammel butikkeier i Kabul, til nyhetsbyr\u00e5et AFP.<\/p>\n<p class=\"txt-ind\">FN har fors\u00f8kt \u00e5 ta saken opp med afghanske myndigheter.<\/p>\n<p class=\"txt-ind\">\u2013 Vi har fors\u00f8kt \u00e5 n\u00e5 fram til de relevante myndigheter, men selv de har problemer med \u00e5 kommunisere med hverandre, sier Ratwatte, som sier at FN ikke er blitt informert om bakgrunnen for bruddet.<\/p>\n<p>Rammer mange sektorer<\/p>\n<p class=\"txt-ind\">Kommunikasjonsproblemene rammer helsetjenester, vaksineringer, forsyningskjeder og bank- og finanstjenester.<\/p>\n<p class=\"txt-ind\">If\u00f8lge Ratwatte har ikke FN blitt informert om hva som er \u00e5rsaken til bruddet.<\/p>\n<p class=\"txt-ind\">Taliban varslet tidligere i september at de ville forby internett for \u00e5 \u00abforhindre umoral\u00bb.<\/p>\n<p class=\"txt-ind\">Siden da har nettilgangen blitt avsk\u00e5ret i flere provinser. Dette har ogs\u00e5 hatt innvirkning p\u00e5 telefonlinjene ettersom de ofte deler de samme fiberlinjene i omr\u00e5der med begrenset infrastruktur.<\/p>\n<p><a class=\"group clear-both w-full !no-underline my-8 sm:my-12 bg-stone-50 dark:bg-brandStone-700 dark:text-brandNeutral-100 flex items-stretch flex-nowrap\" href=\"https:\/\/www.digi.no\/artikler\/fra-neste-ar-kan-du-fa-bank-id-uten-et-fullverdig-bankforhold\/560358\" rel=\"nofollow noopener\" target=\"_blank\"><img decoding=\"async\" class=\" object-cover h-full w-full transition-transform duration-700 ease-in-out group-hover:scale-[1.05] will-change-transform\" src=\"https:\/\/www.europesays.com\/no\/wp-content\/uploads\/2025\/09\/bid_bedrift_problem_960x830.jpg\"  alt=\"Neste \u00e5r blir det store endringer i BankID.\" loading=\"lazy\"\/><\/p>\n<p>Les ogs\u00e5:<\/p>\n<p class=\"group-hover:underline text-brandNeutral-900 dark:text-brandNeutral-100 mt-2 text-base sm:text-xl leading-5 sm:leading-6 font-bold\">Snart kan du f\u00e5 bank-ID uten fullverdig bankforhold<\/p>\n<p><\/a><\/p>\n","protected":false},"excerpt":{"rendered":"\u2013 Ved \u00e5 kutte tilgangen har Afghanistan blitt nesten helt avsk\u00e5ret fra omverdenen, og det risikerer \u00e5 p\u00e5f\u00f8re&hellip;\n","protected":false},"author":2,"featured_media":49585,"comment_status":"","ping_status":"","sticky":false,"template":"","format":"standard","meta":{"footnotes":""},"categories":[5],"tags":[20,21,24,25,15,19,22,23,17,18,13,30,28,29,14,16,1376,26,27],"class_list":{"0":"post-49584","1":"post","2":"type-post","3":"status-publish","4":"format-standard","5":"has-post-thumbnail","7":"category-overskrifter","8":"tag-breaking-news","9":"tag-breakingnews","10":"tag-featured-news","11":"tag-featurednews","12":"tag-headlines","13":"tag-hovedoppslag","14":"tag-latest-news","15":"tag-latestnews","16":"tag-main-news","17":"tag-mainnews","18":"tag-news","19":"tag-no","20":"tag-norge","21":"tag-norway","22":"tag-nyheter","23":"tag-overskrifter","24":"tag-telekom","25":"tag-top-stories","26":"tag-topstories"},"share_on_mastodon":{"url":"","error":""},"_links":{"self":[{"href":"https:\/\/www.europesays.com\/no\/wp-json\/wp\/v2\/posts\/49584","targetHints":{"allow":["GET"]}}],"collection":[{"href":"https:\/\/www.europesays.com\/no\/wp-json\/wp\/v2\/posts"}],"about":[{"href":"https:\/\/www.europesays.com\/no\/wp-json\/wp\/v2\/types\/post"}],"author":[{"embeddable":true,"href":"https:\/\/www.europesays.com\/no\/wp-json\/wp\/v2\/users\/2"}],"replies":[{"embeddable":true,"href":"https:\/\/www.europesays.com\/no\/wp-json\/wp\/v2\/comments?post=49584"}],"version-history":[{"count":0,"href":"https:\/\/www.europesays.com\/no\/wp-json\/wp\/v2\/posts\/49584\/revisions"}],"wp:featuredmedia":[{"embeddable":true,"href":"https:\/\/www.europesays.com\/no\/wp-json\/wp\/v2\/media\/49585"}],"wp:attachment":[{"href":"https:\/\/www.europesays.com\/no\/wp-json\/wp\/v2\/media?parent=49584"}],"wp:term":[{"taxonomy":"category","embeddable":true,"href":"https:\/\/www.europesays.com\/no\/wp-json\/wp\/v2\/categories?post=49584"},{"taxonomy":"post_tag","embeddable":true,"href":"https:\/\/www.europesays.com\/no\/wp-json\/wp\/v2\/tags?post=49584"}],"curies":[{"name":"wp","href":"https:\/\/api.w.org\/{rel}","templated":true}]}}