{"id":49594,"date":"2025-09-30T22:40:28","date_gmt":"2025-09-30T22:40:28","guid":{"rendered":"https:\/\/www.europesays.com\/no\/49594\/"},"modified":"2025-09-30T22:40:28","modified_gmt":"2025-09-30T22:40:28","slug":"plutselig-skjer-det","status":"publish","type":"post","link":"https:\/\/www.europesays.com\/no\/49594\/","title":{"rendered":"&#8211; Plutselig skjer det"},"content":{"rendered":"<p class=\"kicker \" style=\"\">Tragedien i Lofoten:<\/p>\n<p>  Han er femtegenerasjons v\u00e6reier like ved Nappstraumen. N\u00e5 forteller Jens Jentoft (72) om den d\u00f8delige historien i sundet.\u00a0<\/p>\n<p>\n    TETT P\u00c5 ULYKKEN: Jens Jentoft tar i mot Dagbladet p\u00e5 hovedg\u00e5rden sin i Ballstad i Lofoten. Den gamle l\u00e5ven har de seinere \u00e5r blitt fiskerimuseum. Foto: H\u00e5vard Steffensen \/ Dagbladet\n  <\/p>\n<p>&#8211; Jeg rakk ikke \u00e5 bli kjent med ham. Han var helt fersk her.\u00a0<\/p>\n<p>Adrian Willyson Brask (36) hadde bare bodd et par dager i det gamle posthuset Jens Jentoft leier ut til Redningsselskapet, da han d\u00f8de i fors\u00f8ket p\u00e5 \u00e5 redde Ebba Torstenson (11) i Nappstraumen i Lofoten fredag forrige uke.<\/p>\n<p>P\u00e5 dette fiskev\u00e6ret &#8211; som ligger ett Lofot-fjell unna stedet hvor de dramatiske scenene utspilte seg fredag &#8211; har familien hans levd av fisket i generasjoner.\u00a0<\/p>\n<p>Familien har en hytte p\u00e5 andre siden av dette fjellet og Jentoft har reist over sundet \u00abhundrevis av ganger\u00bb.\u00a0<\/p>\n<p class=\"font-weight-bold m-font-weight-bold\" data-lab-font_weight=\"font-weight-bold\">&#8211;\u00a0Nappstraumen kan v\u00e6re farlig. Det blir mye str\u00f8m og det kan bli store, farlige b\u00f8lger. Plutselig skjer det,\u00a0sier 72-\u00e5ringen.\u00a0<\/p>\n<p>&#8211; Ville blitt tatt av Golfstr\u00f8mmen\t<\/p>\n<p>Jens Jentoft \u00f8nsker ikke \u00e5 spekulere i hva som kan ha skjedd. Men han forteller at en farlig situasjon som kan oppst\u00e5 i sundet, er n\u00e5r str\u00f8mmen og b\u00f8lgene g\u00e5r motsatt retning, og skaper det de lokale kaller for\u00a0\u00abstr\u00f8mskavl\u00bb.\u00a0<\/p>\n<p>Str\u00f8mmen er verst innerst i sundet, i det de kaller\u00a0\u00abStrinda\u00bb. Der hendte det at ferja m\u00e5tte ta en omvei for \u00e5 komme seg trygt gjennom, forteller han.\u00a0<\/p>\n<p>&#8211; Jeg er veldig glad for at de fant den jenta. Alle er veldig glad for det. Det er trasig for familien, sier han og legger til:<\/p>\n<p>        KREVENDE AKSJON: Den svenske jenta som var savnet etter b\u00e5tkantringen i Lofoten fredag, er funnet omkommet p\u00e5 25 meters dyp.<\/p>\n<p class=\"font-weight-bold m-font-weight-bold\" data-lab-font_weight=\"font-weight-bold\">&#8211; Hvis hun ikke hadde ligget i dette styrhuset hadde de ikke funnet henne. Da ville hun snart ha blitt med golfstr\u00f8mmen til Finnmark. Det g\u00e5r s\u00e5 fort.\u00a0<\/p>\n<p>Jens har ogs\u00e5 dykkerlappen og har dykket mye i omr\u00e5det, forteller han. Han har aldri v\u00e6rt borti lignende situasjoner, forteller han.<\/p>\n<p>    <a itemprop=\"url\" href=\"https:\/\/www.dagbladet.no\/nyheter\/ebba-11-dode-i-batulykken\/83656967\" rel=\"nofollow noopener\" target=\"_blank\"><\/p>\n<p>      <img loading=\"lazy\" decoding=\"async\" src=\"https:\/\/www.europesays.com\/no\/wp-content\/uploads\/2025\/09\/83656975.webp\" width=\"147\" height=\"98\" title=\"Ebba (11) d\u00f8de i b\u00e5tulykken\" alt=\"\" class=\"lazyload\" style=\"--aspect-ratio-image: 1.50; \"\/><\/p>\n<p>        Ebba (11) d\u00f8de i b\u00e5tulykken<\/p>\n<p>    <\/a><\/p>\n<p>Sendt av kongen\t<\/p>\n<p>Jens Jentoft er femtegenerasjons Jentoft p\u00e5 fiskev\u00e6ret i Ballstad. Han mener at det er det eldste fiskev\u00e6ret i Lofoten. Ikke nok med det:<\/p>\n<p>&#8211; Vi er de som har drevet handel med torsk lengst sammenhengende i Norge, sier han.\u00a0<\/p>\n<p>En kompis av Jentoft driver nemlig med slektsforskning. Han skal ha funnet ut at slekta har drevet med fiske de siste 18 generasjonene.\u00a0<\/p>\n<p class=\"italic m-italic\" data-lab-italic=\"italic\">&#8211; Hvor mye torsk har slekta solgt?<\/p>\n<p>&#8211; I n\u00e5tidas kroner m\u00e5 det v\u00e6re milliarder, sier Jentoft og ler.\u00a0<\/p>\n<p>Opprinnelig kom slekta fra Dannmark p\u00e5 oppdrag fra kongen om \u00e5 finne forretningsmuligheter, forteller han. Il\u00f8pet av \u00e5ra har de solgt t\u00f8rrfisk, klippfisk, hermetikk, tran og drevet med fiskeoppdrett.\u00a0<\/p>\n<p>For noen \u00e5r siden bestemte Jentoft seg for \u00e5 samle sammen de dr\u00f8ye 500 \u00e5ra med fiskeri, og \u00e5pne et museum i den gamle l\u00e5ven.\u00a0<\/p>\n<p>          <img loading=\"lazy\" decoding=\"async\" src=\"https:\/\/www.europesays.com\/no\/wp-content\/uploads\/2025\/09\/83659064.webp\" width=\"980\" height=\"559\" title=\"D\u00d8DE: Overstyrmann i Redningsselskapet Adrian Willyson Brask (36) omkom under ulykken i Lofoten fredag. Foto: Thomas Fure \/ NTB\" alt=\"\" class=\"\" style=\"--aspect-ratio-image: 1.75; \"\/><\/p>\n<p>\n          D\u00d8DE: Overstyrmann i Redningsselskapet Adrian Willyson Brask (36) omkom under ulykken i Lofoten fredag. Foto: Thomas Fure \/ NTB\n      <\/p>\n<p>Minnesmerke for de d\u00f8de\t<\/p>\n<p>Etter omvisningen p\u00e5 museet viser Jens vei til hovedhuset. Ikke lenge etterp\u00e5 kommer hans bror, Morten.<\/p>\n<p>&#8211; Det sier nok mye om oss fra Lofoten. Vi er f\u00f8dt og oppvokst i fj\u00e6ra og tar ting med fatning, sier Jens.\u00a0<\/p>\n<p class=\"no_italic m-no_italic\" data-lab-italic=\"\">De to br\u00f8drene husker godt da det var en d\u00f8dsulykke i Nappstraumen p\u00e5 80-tallet, hvor to personer i en sm\u00e5b\u00e5t mistet livet.\u00a0<\/p>\n<p>    <a itemprop=\"url\" href=\"https:\/\/www.dagbladet.no\/nyheter\/fikk-se-baren\/83653806\" rel=\"nofollow noopener\" target=\"_blank\"><\/p>\n<p>      <img loading=\"lazy\" decoding=\"async\" src=\"https:\/\/www.europesays.com\/no\/wp-content\/uploads\/2025\/09\/83653957.webp\" width=\"980\" height=\"441\" title=\"- Fikk se b\u00e5ren\" alt=\"\" class=\"lazyload\" style=\"--aspect-ratio-image: 2.22; \"\/><\/p>\n<p>        &#8211; Fikk se b\u00e5ren<\/p>\n<p>    <\/a><\/p>\n<p class=\"no_italic m-no_italic\" data-lab-italic=\"\">P\u00e5 en bakketopp ovenfor hovedg\u00e5rden p\u00e5 Ballstad har de reist et monument for de omkomne p\u00e5 sj\u00f8en i Lofoten. Det ble reist i 1949 p\u00e5 100-\u00e5rsmarkeringen av en av Lofotens m\u00f8rkeste dager.\u00a0<\/p>\n<p class=\"no_italic m-no_italic\" data-lab-italic=\"\">I 1848 mistet 500 fiskere livet &#8211; p\u00e5 \u00e9n dag.\u00a0<\/p>\n<p>          <img loading=\"lazy\" decoding=\"async\" src=\"https:\/\/www.europesays.com\/no\/wp-content\/uploads\/2025\/09\/83657773.webp\" width=\"686\" height=\"446\" title=\"Foto: H\u00e5vard Steffensen \/ Dagbladet\" alt=\"\" class=\"\" style=\"--aspect-ratio-image: 1.54; \"\/><\/p>\n<p>\n          Foto: H\u00e5vard Steffensen \/ Dagbladet\n      <\/p>\n<p class=\"no_italic m-no_italic\" data-lab-italic=\"\">Denne helga har bydd p\u00e5 flere m\u00f8rke dager. N\u00e5 st\u00e5r monumentet ogs\u00e5 til minne for Adrian Willyson Brask og Ebba Torstenson.\u00a0<\/p>\n<p>&#8211; Det kom en storm. Ikke hadde de motor. De hadde ikke redningsvest heller. Ingenting, sier Jentoft.\u00a0\u00a0<\/p>\n","protected":false},"excerpt":{"rendered":"Tragedien i Lofoten: Han er femtegenerasjons v\u00e6reier like ved Nappstraumen. N\u00e5 forteller Jens Jentoft (72) om den d\u00f8delige&hellip;\n","protected":false},"author":2,"featured_media":49595,"comment_status":"","ping_status":"","sticky":false,"template":"","format":"standard","meta":{"footnotes":""},"categories":[5],"tags":[20,21,24,25,15,19,2539,22,23,803,17,18,13,30,28,29,14,16,26,27],"class_list":{"0":"post-49594","1":"post","2":"type-post","3":"status-publish","4":"format-standard","5":"has-post-thumbnail","7":"category-overskrifter","8":"tag-breaking-news","9":"tag-breakingnews","10":"tag-featured-news","11":"tag-featurednews","12":"tag-headlines","13":"tag-hovedoppslag","14":"tag-innenriks","15":"tag-latest-news","16":"tag-latestnews","17":"tag-lofoten","18":"tag-main-news","19":"tag-mainnews","20":"tag-news","21":"tag-no","22":"tag-norge","23":"tag-norway","24":"tag-nyheter","25":"tag-overskrifter","26":"tag-top-stories","27":"tag-topstories"},"share_on_mastodon":{"url":"","error":""},"_links":{"self":[{"href":"https:\/\/www.europesays.com\/no\/wp-json\/wp\/v2\/posts\/49594","targetHints":{"allow":["GET"]}}],"collection":[{"href":"https:\/\/www.europesays.com\/no\/wp-json\/wp\/v2\/posts"}],"about":[{"href":"https:\/\/www.europesays.com\/no\/wp-json\/wp\/v2\/types\/post"}],"author":[{"embeddable":true,"href":"https:\/\/www.europesays.com\/no\/wp-json\/wp\/v2\/users\/2"}],"replies":[{"embeddable":true,"href":"https:\/\/www.europesays.com\/no\/wp-json\/wp\/v2\/comments?post=49594"}],"version-history":[{"count":0,"href":"https:\/\/www.europesays.com\/no\/wp-json\/wp\/v2\/posts\/49594\/revisions"}],"wp:featuredmedia":[{"embeddable":true,"href":"https:\/\/www.europesays.com\/no\/wp-json\/wp\/v2\/media\/49595"}],"wp:attachment":[{"href":"https:\/\/www.europesays.com\/no\/wp-json\/wp\/v2\/media?parent=49594"}],"wp:term":[{"taxonomy":"category","embeddable":true,"href":"https:\/\/www.europesays.com\/no\/wp-json\/wp\/v2\/categories?post=49594"},{"taxonomy":"post_tag","embeddable":true,"href":"https:\/\/www.europesays.com\/no\/wp-json\/wp\/v2\/tags?post=49594"}],"curies":[{"name":"wp","href":"https:\/\/api.w.org\/{rel}","templated":true}]}}