{"id":49651,"date":"2025-10-01T02:50:10","date_gmt":"2025-10-01T02:50:10","guid":{"rendered":"https:\/\/www.europesays.com\/no\/49651\/"},"modified":"2025-10-01T02:50:10","modified_gmt":"2025-10-01T02:50:10","slug":"marokkos-ungdom-raser-mot-vm-satsing","status":"publish","type":"post","link":"https:\/\/www.europesays.com\/no\/49651\/","title":{"rendered":"Marokkos ungdom raser mot VM-satsing"},"content":{"rendered":"\n<p class=\"_lead_ew2ao_2 _lead_xtcu6_50 layout-component text-serif-m layout-normal text-serif-l layout-component layout-wide layout-padded _wide_17hqh_1 layout-padded\">Unge demonstranter krever at regjeringen prioriterer helse og utdanning fremfor fotballstadioner til VM 2030.<\/p>\n<p><img alt=\" Foto: ABDEL MAJID BZIOUAT \/ AFP \/ NTB\" class=\"_image_qp4xg_65 layout-component layout-wide\" data-fullscreen- data-track-element-type=\"Article image fullscreen\" data-track-name=\"ImageFullscreen\" fetchpriority=\"high\" decoding=\"sync\" loading=\"eager\" height=\"5226\" itemprop=\"image\"  src=\"https:\/\/www.europesays.com\/no\/wp-content\/uploads\/2025\/10\/d7a9f1ab-2a81-4a7b-a600-228487031066\"  style=\"object-position:0% 0%\" width=\"7838\"\/> Foto: ABDEL MAJID BZIOUAT \/ AFP \/ NTB<\/p>\n<ul aria-hidden=\"true\" class=\"_images_1y6fe_106\">\n<li><a class=\"_link_1y6fe_111\" href=\"https:\/\/www.vg.no\/forfatter\/kari-aarstad-aase\" style=\"z-index:1\" title=\"Kari Aarstad Aase\" rel=\"nofollow noopener\" target=\"_blank\"><img alt=\"Bilde av Kari Aarstad Aase\" class=\"_image_1y6fe_88\" fetchpriority=\"low\" loading=\"lazy\" decoding=\"async\" itemprop=\"image\"  src=\"https:\/\/www.europesays.com\/no\/wp-content\/uploads\/2025\/10\/1759287008_470_0dbde33e-6d8e-4680-8e4f-e2a64281e2b8\"  width=\"480\"\/><\/a><\/li>\n<\/ul>\n<p> Oppdatert onsdag 1. oktober kl. 03:07     <\/p>\n<p class=\"_paragraph_ew2ao_4 _paragraph_xtcu6_10 layout-component text-serif-m layout-normal text-serif-m layout-padded\">Voldelige sammenst\u00f8t br\u00f8t ut i flere marokkanske byer tirsdag kveld etter fire dager med ungdomsprotester mot helse- og utdanningssystemet, melder\u00a0France 24.<\/p>\n<p class=\"_paragraph_ew2ao_4 _paragraph_xtcu6_10 layout-component text-serif-m layout-normal text-serif-m layout-padded\"><a href=\"https:\/\/www.vg.no\/tag\/marokko?utm_source=vg-article&amp;utm_medium=auto-tagger&amp;utm_campaign=4By4yG\" class=\"_link_ew2ao_39\" rel=\"nofollow noopener\" target=\"_blank\">Marokkos<\/a> st\u00f8rste protester p\u00e5 flere \u00e5r har preget landet siden helgen. Unge demonstranter har tatt til gatene i minst 11 byer for \u00e5 protestere mot det de mener er feilprioritering fra myndighetenes side.<\/p>\n<p class=\"_paragraph_ew2ao_4 _paragraph_xtcu6_10 layout-component text-serif-m layout-normal text-serif-m layout-padded\">Protestene, som er organisert av den lederl\u00f8se bevegelsen \u00abGen Z 212\u00bb, retter skarp kritikk mot regjeringens massive investeringer i fotballstadioner til VM 2030, mens helsevesenet og utdanningssektoren forfaller.<\/p>\n<p class=\"_paragraph_ew2ao_4 _paragraph_xtcu6_10 layout-component text-serif-m layout-normal text-serif-m layout-padded\">\u2013 Stadioner er her, men hvor er sykehusene? ropte demonstrantene if\u00f8lge <a href=\"https:\/\/www.cnn.com\/2025\/09\/28\/africa\/gen-z-moroccans-protest-stadiums-intl-latam\" class=\"_link_ew2ao_39\" rel=\"nofollow noopener\" target=\"_blank\">CNN<\/a>.<\/p>\n<p><img alt=\"Foto: Ahmed El Jechtimi \/ Reuters \/ NTB\" class=\"_image_qp4xg_65 layout-component layout-normal\" data-fullscreen- data-track-element-type=\"Article image fullscreen\" data-track-name=\"ImageFullscreen\" decoding=\"async\" loading=\"lazy\" height=\"1991\" itemprop=\"image\"  src=\"https:\/\/www.europesays.com\/no\/wp-content\/uploads\/2025\/10\/afa2c9f4-d0e0-47e8-8a8a-710094193982\"  style=\"object-position:0% 0%\" width=\"3146\"\/>Foto: Ahmed El Jechtimi \/ Reuters \/ NTB<\/p>\n<p class=\"_paragraph_ew2ao_4 _paragraph_xtcu6_10 layout-component text-serif-m layout-normal text-serif-m layout-padded\">Marokko bygger minst tre nye stadioner og renoverer eller utvider minst et halvt dusin andre i forberedelsene til \u00e5 v\u00e6re vertskap for VM 2030. Landet skal ogs\u00e5 arrangere Afrika-mesterskapet senere i \u00e5r.<\/p>\n<p class=\"_paragraph_ew2ao_4 _paragraph_xtcu6_10 layout-component text-serif-m layout-normal text-serif-m layout-padded\">Videoer viste maskerte ungdommer i Inezgane, n\u00e6r Agadir, som kastet stein, satte fyr n\u00e6r et kj\u00f8pesenter og skadet et postkontor. Lignende scener ble rapportert i Ait Amira, Beni Mellal og Oujda.<\/p>\n<p class=\"_paragraph_ew2ao_4 _paragraph_xtcu6_10 layout-component text-serif-m layout-normal text-serif-m layout-padded\">I Ait Amira veltet demonstranter politibiler og brente ned en bank, if\u00f8lge\u00a0Reuters. I Oujda ble en demonstrant alvorlig skadet etter \u00e5 ha blitt truffet av en politibil.<\/p>\n<p> Sammenst\u00f8t med politiet<\/p>\n<p class=\"_paragraph_ew2ao_4 _paragraph_xtcu6_10 layout-component text-serif-m layout-normal text-serif-m layout-padded\">Politiet i sivil og oppr\u00f8rspoliti grep inn mot protestene i flere byer, inkludert hovedstaden Rabat og Marrakech. Demonstranter ble arrestert, blant annet i Casablanca, if\u00f8lge <a href=\"https:\/\/www.nbcnews.com\/world\/africa\/young-moroccans-clash-police-protesting-stadium-spending-health-system-rcna234384\" class=\"_link_ew2ao_39\" rel=\"nofollow noopener\" target=\"_blank\">NBC News<\/a>.<\/p>\n<p class=\"_paragraph_ew2ao_4 _paragraph_xtcu6_10 layout-component text-serif-m layout-normal text-serif-m layout-padded\">Den marokkanske menneskerettighetsorganisasjonen opplyser at mer enn 120 personer ble arrestert i l\u00f8pet av helgen og overf\u00f8rt til politistasjoner. Organisasjonen sier arrestasjonene \u00abbekrefter undertrykkelsen av frie stemmer og innskrenkningen av retten til ytringsfrihet\u00bb, skriver <a href=\"https:\/\/www.nbcnews.com\/world\/africa\/young-moroccans-clash-police-protesting-stadium-spending-health-system-rcna234384\" class=\"_link_ew2ao_39\" rel=\"nofollow noopener\" target=\"_blank\">NBC News<\/a>.<\/p>\n<p><img alt=\"Foto: ABDEL MAJID BZIOUAT \/ AFP \/ NTB\" class=\"_image_qp4xg_65 layout-component layout-normal\" data-fullscreen- data-track-element-type=\"Article image fullscreen\" data-track-name=\"ImageFullscreen\" decoding=\"async\" loading=\"lazy\" height=\"5043\" itemprop=\"image\"  src=\"https:\/\/www.europesays.com\/no\/wp-content\/uploads\/2025\/10\/265645fe-6406-4578-927e-c780ae17efaa\"  style=\"object-position:0% 0%\" width=\"7565\"\/>Foto: ABDEL MAJID BZIOUAT \/ AFP \/ NTB<\/p>\n<p class=\"_paragraph_ew2ao_4 _paragraph_xtcu6_10 layout-component text-serif-m layout-normal text-serif-m layout-padded\">Videoer publisert av lokale medier viser politifolk i sivil som arresterer demonstranter mens de gir intervjuer til pressen.<\/p>\n<p class=\"_paragraph_ew2ao_4 _paragraph_xtcu6_10 layout-component text-serif-m layout-normal text-serif-m layout-padded\">\u2013 Det er ikke h\u00e5p, sa Youssef, en 27 \u00e5r gammel ingeni\u00f8r som protesterte i Casablanca, til <a href=\"https:\/\/www.cnn.com\/2025\/09\/28\/africa\/gen-z-moroccans-protest-stadiums-intl-latam\" class=\"_link_ew2ao_39\" rel=\"nofollow noopener\" target=\"_blank\">CNN<\/a>.<\/p>\n<p class=\"_paragraph_ew2ao_4 _paragraph_xtcu6_10 layout-component text-serif-m layout-normal text-serif-m layout-padded\">\u2013 Jeg vil ikke bare ha helse- og utdanningsreformer, jeg vil ha en fullstendig systemreform. Jeg vil ha bedre l\u00f8nn, bedre jobber, lavere priser og et bedre liv, la han til.<\/p>\n<p> D\u00f8de etter f\u00f8dsel<\/p>\n<p class=\"_paragraph_ew2ao_4 _paragraph_xtcu6_10 layout-component text-serif-m layout-normal text-serif-m layout-padded\">Uroen eskalerte nylig etter at \u00e5tte kvinner d\u00f8de under f\u00f8dsel p\u00e5 et offentlig sykehus i Agadir, en stor kystby 30 mil s\u00f8r for Rabat.<\/p>\n<p class=\"_paragraph_ew2ao_4 _paragraph_xtcu6_10 layout-component text-serif-m layout-normal text-serif-m layout-padded\">Hendelsen utl\u00f8ste demonstrasjoner utenfor sykehus i flere byer og landsbyer, hvor folk ford\u00f8mte forverringen av offentlige tjenester.<\/p>\n<p class=\"_paragraph_ew2ao_4 _paragraph_xtcu6_10 layout-component text-serif-m layout-normal text-serif-m layout-padded\">Data fra Verdens helseorganisasjon fra 2023 viser at Marokko bare har 7,7 medisinske fagpersoner per 10.000 innbyggere, og enda f\u00e6rre i enkelte regioner som Agadir med 4,4 per 10.000. WHO anbefaler 25 per 10.000.<\/p>\n<p><img alt=\"Foto: Ahmed El Jechtimi \/ Reuters \/ NTB\" class=\"_image_qp4xg_65 layout-component layout-normal\" data-fullscreen- data-track-element-type=\"Article image fullscreen\" data-track-name=\"ImageFullscreen\" decoding=\"async\" loading=\"lazy\" height=\"3024\" itemprop=\"image\"  src=\"https:\/\/www.europesays.com\/no\/wp-content\/uploads\/2025\/10\/268faf2a-668a-4021-874e-17cb687479ff\"  style=\"object-position:0% 0%\" width=\"4032\"\/>Foto: Ahmed El Jechtimi \/ Reuters \/ NTB<\/p>\n<p class=\"_paragraph_ew2ao_4 _paragraph_xtcu6_10 layout-component text-serif-m layout-normal text-serif-m layout-padded\">I motsetning til tidligere protester drevet av fagforeninger eller politiske partier, ble disse demonstrasjonene i stor grad organisert gjennom sosiale medier som TikTok og Discord, popul\u00e6re blant gamere og ten\u00e5ringer.<\/p>\n<p class=\"_paragraph_ew2ao_4 _paragraph_xtcu6_10 layout-component text-serif-m layout-normal text-serif-m layout-padded\">I Marokko utgj\u00f8r personer f\u00f8dt mellom 1995 og 2010 den st\u00f8rste andelen av befolkningen, og helgens demonstrasjoner ble omtalt som Gen Z-protestene. <\/p>\n<p><img alt=\"Foto: JALAL MORCHIDI \/ EPA \/ NTB\" class=\"_image_qp4xg_65 layout-component layout-normal\" data-fullscreen- data-track-element-type=\"Article image fullscreen\" data-track-name=\"ImageFullscreen\" decoding=\"async\" loading=\"lazy\" height=\"3712\" itemprop=\"image\"  src=\"https:\/\/www.europesays.com\/no\/wp-content\/uploads\/2025\/10\/dedc2bce-b2fa-4bb0-bf87-a8a9aba735f8\"  style=\"object-position:0% 0%\" width=\"5568\"\/>Foto: JALAL MORCHIDI \/ EPA \/ NTB<\/p>\n<p class=\"_paragraph_ew2ao_4 _paragraph_xtcu6_10 layout-component text-serif-m layout-normal text-serif-m layout-padded\">Myndighetene har benektet at de prioriterer VM-utgifter over offentlig infrastruktur, og sier at problemene i helsesektoren er arvet. Statsminister Aziz Akhannouch, som ogs\u00e5 er milliard\u00e6r og borgermester i Agadir, forsvarte tidligere denne m\u00e5neden det han kalte regjeringens \u00abstore prestasjoner\u00bb i helsesektoren.<\/p>\n<p class=\"_paragraph_ew2ao_4 _paragraph_xtcu6_10 layout-component text-serif-m layout-normal text-serif-m layout-padded\">\u2013 Vi har gjennomf\u00f8rt reformer og vi er i ferd med \u00e5 bygge sykehus i alle landets regioner, sa Akhannouch if\u00f8lge <a href=\"https:\/\/www.cnn.com\/2025\/09\/28\/africa\/gen-z-moroccans-protest-stadiums-intl-latam\" class=\"_link_ew2ao_39\" rel=\"nofollow noopener\" target=\"_blank\">CNN<\/a>.<\/p>\n<p class=\"_paragraph_ew2ao_4 _paragraph_xtcu6_10 layout-component text-serif-m layout-normal text-serif-m layout-padded\">Gen Z 212 planlegger flere fremtidige demonstrasjoner, if\u00f8lge <a href=\"https:\/\/www.bloomberg.com\/news\/articles\/2025-09-30\/gen-z-protests-cast-pall-over-morocco-s-world-cup-spending-spree\" class=\"_link_ew2ao_39\" rel=\"nofollow noopener\" target=\"_blank\">Bloomberg<\/a>.<\/p>\n","protected":false},"excerpt":{"rendered":"Unge demonstranter krever at regjeringen prioriterer helse og utdanning fremfor fotballstadioner til VM 2030. Foto: ABDEL MAJID BZIOUAT&hellip;\n","protected":false},"author":2,"featured_media":49652,"comment_status":"","ping_status":"","sticky":false,"template":"","format":"standard","meta":{"footnotes":""},"categories":[12],"tags":[20,21,864,24,25,15,22,23,5882,13,30,28,29,14,16,26,27,42,46,43,44,45],"class_list":{"0":"post-49651","1":"post","2":"type-post","3":"status-publish","4":"format-standard","5":"has-post-thumbnail","7":"category-verden","8":"tag-breaking-news","9":"tag-breakingnews","10":"tag-demonstrasjoner","11":"tag-featured-news","12":"tag-featurednews","13":"tag-headlines","14":"tag-latest-news","15":"tag-latestnews","16":"tag-marokko","17":"tag-news","18":"tag-no","19":"tag-norge","20":"tag-norway","21":"tag-nyheter","22":"tag-overskrifter","23":"tag-top-stories","24":"tag-topstories","25":"tag-verden","26":"tag-vgai","27":"tag-world","28":"tag-world-news","29":"tag-worldnews"},"share_on_mastodon":{"url":"","error":""},"_links":{"self":[{"href":"https:\/\/www.europesays.com\/no\/wp-json\/wp\/v2\/posts\/49651","targetHints":{"allow":["GET"]}}],"collection":[{"href":"https:\/\/www.europesays.com\/no\/wp-json\/wp\/v2\/posts"}],"about":[{"href":"https:\/\/www.europesays.com\/no\/wp-json\/wp\/v2\/types\/post"}],"author":[{"embeddable":true,"href":"https:\/\/www.europesays.com\/no\/wp-json\/wp\/v2\/users\/2"}],"replies":[{"embeddable":true,"href":"https:\/\/www.europesays.com\/no\/wp-json\/wp\/v2\/comments?post=49651"}],"version-history":[{"count":0,"href":"https:\/\/www.europesays.com\/no\/wp-json\/wp\/v2\/posts\/49651\/revisions"}],"wp:featuredmedia":[{"embeddable":true,"href":"https:\/\/www.europesays.com\/no\/wp-json\/wp\/v2\/media\/49652"}],"wp:attachment":[{"href":"https:\/\/www.europesays.com\/no\/wp-json\/wp\/v2\/media?parent=49651"}],"wp:term":[{"taxonomy":"category","embeddable":true,"href":"https:\/\/www.europesays.com\/no\/wp-json\/wp\/v2\/categories?post=49651"},{"taxonomy":"post_tag","embeddable":true,"href":"https:\/\/www.europesays.com\/no\/wp-json\/wp\/v2\/tags?post=49651"}],"curies":[{"name":"wp","href":"https:\/\/api.w.org\/{rel}","templated":true}]}}