{"id":49659,"date":"2025-10-01T03:53:10","date_gmt":"2025-10-01T03:53:10","guid":{"rendered":"https:\/\/www.europesays.com\/no\/49659\/"},"modified":"2025-10-01T03:53:10","modified_gmt":"2025-10-01T03:53:10","slug":"minst-69-personer-dode-etter-jordskjelv-i-filippinene","status":"publish","type":"post","link":"https:\/\/www.europesays.com\/no\/49659\/","title":{"rendered":"Minst 69 personer d\u00f8de etter jordskjelv i Filippinene"},"content":{"rendered":"\n<p class=\"_lead_ew2ao_2 _lead_xtcu6_50 layout-component text-serif-m layout-normal text-serif-l layout-component layout-wide layout-padded _wide_17hqh_1 layout-padded\">Styrken p\u00e5 skjelvet har blitt m\u00e5lt til 6.9.<\/p>\n<p><img alt=\"Redningsarbeidere foran et sammenrast hus Foto: MUNICIPALITY OF DAANBANTAYAN \/ Reuters \/ NTB\" class=\"_image_qp4xg_65 layout-component layout-wide\" data-fullscreen- data-track-element-type=\"Article image fullscreen\" data-track-name=\"ImageFullscreen\" fetchpriority=\"high\" decoding=\"sync\" loading=\"eager\" height=\"1152\" itemprop=\"image\"  src=\"https:\/\/www.europesays.com\/no\/wp-content\/uploads\/2025\/10\/63b2ea94-5d58-475e-9734-66007a43e0be\"  style=\"object-position:0% 0%\" width=\"2048\"\/>Redningsarbeidere foran et sammenrast hus Foto: MUNICIPALITY OF DAANBANTAYAN \/ Reuters \/ NTB<\/p>\n<ul aria-hidden=\"true\" class=\"_images_1y6fe_106\">\n<li><a class=\"_link_1y6fe_111\" href=\"https:\/\/www.vg.no\/forfatter\/oscar-stroem-korsnes\" style=\"z-index:2\" title=\"Oscar Str\u00f8m Korsnes\" rel=\"nofollow noopener\" target=\"_blank\"><img alt=\"Bilde av Oscar Str\u00f8m Korsnes\" class=\"_image_1y6fe_88\" fetchpriority=\"low\" loading=\"lazy\" decoding=\"async\" itemprop=\"image\"  src=\"https:\/\/www.europesays.com\/no\/wp-content\/uploads\/2025\/10\/1759290789_252_42bf26cf-ad4c-4de0-a71e-34ecdab4bb12\"  width=\"480\"\/><\/a><\/li>\n<li><a class=\"_link_1y6fe_111\" href=\"https:\/\/www.vg.no\/forfatter\/kari-aarstad-aase\" style=\"z-index:1\" title=\"Kari Aarstad Aase\" rel=\"nofollow noopener\" target=\"_blank\"><img alt=\"Bilde av Kari Aarstad Aase\" class=\"_image_1y6fe_88\" fetchpriority=\"low\" loading=\"lazy\" decoding=\"async\" itemprop=\"image\"  src=\"https:\/\/www.europesays.com\/no\/wp-content\/uploads\/2025\/10\/1759290789_19_0dbde33e-6d8e-4680-8e4f-e2a64281e2b8\"  width=\"480\"\/><\/a><\/li>\n<\/ul>\n<p> Oppdatert onsdag 1. oktober kl. 05:33     <\/p>\n<p class=\"_paragraph_ew2ao_4 _paragraph_xtcu6_10 layout-component text-serif-m layout-normal text-serif-m layout-padded\"><strong class=\"_strong_ew2ao_25\">Redningsarbeidere leter fortsatt etter overlevende i ruinene.<\/strong><\/p>\n<p class=\"_paragraph_ew2ao_4 _paragraph_xtcu6_10 layout-component text-serif-m layout-normal text-serif-m layout-padded\">Et jordskjelv med styrke 6,9 rammet de sentrale <a href=\"https:\/\/www.vg.no\/tag\/filippinene?utm_source=vg-article&amp;utm_medium=auto-tagger&amp;utm_campaign=zAvBzb\" class=\"_link_ew2ao_39\" rel=\"nofollow noopener\" target=\"_blank\">Filippinene<\/a> tirsdag kveld. Minst 69 personer er bekreftet d\u00f8de og 147 skadet, melder Reuters.<\/p>\n<p class=\"_paragraph_ew2ao_4 _paragraph_xtcu6_10 layout-component text-serif-m layout-normal text-serif-m layout-padded\">Jordskjelvet traff klokka 21.59 lokal tid og hadde episenter 17 kilometer nord\u00f8st for kystbyen Bogo i Cebu-provinsen. Byen har rundt 90.000 innbyggere.<\/p>\n<p class=\"_paragraph_ew2ao_4 _paragraph_xtcu6_10 layout-component text-serif-m layout-normal text-serif-m layout-padded\">\u2013 Det kan v\u00e6re folk fanget under kollapsede bygninger, sier Wilson Ramos, en provinsiell redningsoffiser.<\/p>\n<p class=\"_paragraph_ew2ao_4 _paragraph_xtcu6_10 layout-component text-serif-m layout-normal text-serif-m layout-padded\">Redningsarbeidere s\u00f8ker gjennom ruinene av en offentlig bygning og et treningssenter p\u00e5 nordlige deler av Cebu-\u00f8ya. Arbeidet ble vanskeliggjort av m\u00f8rket og etterskjelv.<\/p>\n<p class=\"_paragraph_ew2ao_4 _paragraph_xtcu6_10 layout-component text-serif-m layout-normal text-serif-m layout-padded\">Martham Pacilan (25) var p\u00e5 byplassen i feriebyen Bantayan da skjelvet traff.<\/p>\n<p class=\"_paragraph_ew2ao_4 _paragraph_xtcu6_10 layout-component text-serif-m layout-normal text-serif-m layout-padded\">\u2013 Jeg h\u00f8rte en h\u00f8y buldring fra kirkeretningen, s\u00e5 s\u00e5 jeg steiner falle fra bygningen. Heldigvis ble ingen skadet der, sier han.<\/p>\n<p class=\"_paragraph_ew2ao_4 _paragraph_xtcu6_10 layout-component text-serif-m layout-normal text-serif-m layout-padded\">Skjelvet \u00f8dela betongvegger p\u00e5 hus, en brannstasjon og veier i Bogo. Str\u00f8mnettet falt ut over Cebu og n\u00e6rliggende \u00f8yer.<\/p>\n<p class=\"_paragraph_ew2ao_4 _paragraph_xtcu6_10 layout-component text-serif-m layout-normal text-serif-m layout-padded\">Filippinene ligger i det s\u00e5kalte \u00abRing of Fire\u00bb rundt Stillehavet og rammes ofte av jordskjelv og vulkanutbrudd. Landet opplever ogs\u00e5 rundt 20 tyfoner og stormer hvert \u00e5r.<\/p>\n<p class=\"_paragraph_ew2ao_4 _paragraph_xtcu6_10 layout-component text-serif-m layout-normal text-serif-m layout-padded\">Myndighetene oppfordrer innbyggerne til \u00e5 holde seg i \u00e5pne omr\u00e5der og v\u00e6re p\u00e5 vakt for etterskjelv.<\/p>\n<p>    <img decoding=\"async\" alt=\"Tips oss illustrasjon\" width=\"62px\" height=\"auto\" src=\"https:\/\/www.europesays.com\/no\/wp-content\/uploads\/2025\/08\/1754784428_95_W9avJzE.png\"\/>    <\/p>\n<p class=\"title-serif-s\">Har du tips til oss?<\/p>\n<p class=\"text-sans-m\">Send oss informasjon, bilder eller video<\/p>\n<p>  <a href=\"https:\/\/www.vg.no\/tips-oss\" rel=\"nofollow noopener\" target=\"_blank\"> Tips oss <\/a>      <\/p>\n","protected":false},"excerpt":{"rendered":"Styrken p\u00e5 skjelvet har blitt m\u00e5lt til 6.9. Redningsarbeidere foran et sammenrast hus Foto: MUNICIPALITY OF DAANBANTAYAN \/&hellip;\n","protected":false},"author":2,"featured_media":49660,"comment_status":"","ping_status":"","sticky":false,"template":"","format":"standard","meta":{"footnotes":""},"categories":[12],"tags":[31,20,21,24,25,6678,15,1133,22,23,13,30,28,29,14,16,26,27,42,43,44,45],"class_list":{"0":"post-49659","1":"post","2":"type-post","3":"status-publish","4":"format-standard","5":"has-post-thumbnail","7":"category-verden","8":"tag-breaking","9":"tag-breaking-news","10":"tag-breakingnews","11":"tag-featured-news","12":"tag-featurednews","13":"tag-filippinene","14":"tag-headlines","15":"tag-jordskjelv","16":"tag-latest-news","17":"tag-latestnews","18":"tag-news","19":"tag-no","20":"tag-norge","21":"tag-norway","22":"tag-nyheter","23":"tag-overskrifter","24":"tag-top-stories","25":"tag-topstories","26":"tag-verden","27":"tag-world","28":"tag-world-news","29":"tag-worldnews"},"share_on_mastodon":{"url":"","error":""},"_links":{"self":[{"href":"https:\/\/www.europesays.com\/no\/wp-json\/wp\/v2\/posts\/49659","targetHints":{"allow":["GET"]}}],"collection":[{"href":"https:\/\/www.europesays.com\/no\/wp-json\/wp\/v2\/posts"}],"about":[{"href":"https:\/\/www.europesays.com\/no\/wp-json\/wp\/v2\/types\/post"}],"author":[{"embeddable":true,"href":"https:\/\/www.europesays.com\/no\/wp-json\/wp\/v2\/users\/2"}],"replies":[{"embeddable":true,"href":"https:\/\/www.europesays.com\/no\/wp-json\/wp\/v2\/comments?post=49659"}],"version-history":[{"count":0,"href":"https:\/\/www.europesays.com\/no\/wp-json\/wp\/v2\/posts\/49659\/revisions"}],"wp:featuredmedia":[{"embeddable":true,"href":"https:\/\/www.europesays.com\/no\/wp-json\/wp\/v2\/media\/49660"}],"wp:attachment":[{"href":"https:\/\/www.europesays.com\/no\/wp-json\/wp\/v2\/media?parent=49659"}],"wp:term":[{"taxonomy":"category","embeddable":true,"href":"https:\/\/www.europesays.com\/no\/wp-json\/wp\/v2\/categories?post=49659"},{"taxonomy":"post_tag","embeddable":true,"href":"https:\/\/www.europesays.com\/no\/wp-json\/wp\/v2\/tags?post=49659"}],"curies":[{"name":"wp","href":"https:\/\/api.w.org\/{rel}","templated":true}]}}