{"id":49713,"date":"2025-10-01T06:13:08","date_gmt":"2025-10-01T06:13:08","guid":{"rendered":"https:\/\/www.europesays.com\/no\/49713\/"},"modified":"2025-10-01T06:13:08","modified_gmt":"2025-10-01T06:13:08","slug":"jimmy-kimmel-om-oyeblikket-han-ble-fratatt-showet-sitt","status":"publish","type":"post","link":"https:\/\/www.europesays.com\/no\/49713\/","title":{"rendered":"Jimmy Kimmel om \u00f8yeblikket han ble fratatt showet sitt"},"content":{"rendered":"\n<p class=\"_lead_ew2ao_2 _lead_xtcu6_50 layout-component text-serif-m layout-normal text-serif-l layout-component layout-wide layout-padded _wide_17hqh_1 layout-padded\">Talkshow-verten var p\u00e5 toalettet da han fikk beskjeden om at showet hans ble tatt av lufta. <\/p>\n<p><img alt=\"Jimmy Kimmel forteller for f\u00f8rste gang om \u00f8yeblikket han ble fratatt showet sitt. Foto: Randy Holmes \/ AP \/ NTB\" class=\"_image_qp4xg_65 layout-component layout-wide\" data-fullscreen- data-track-element-type=\"Article image fullscreen\" data-track-name=\"ImageFullscreen\" fetchpriority=\"high\" decoding=\"sync\" loading=\"eager\" height=\"2403\" itemprop=\"image\"  src=\"https:\/\/www.europesays.com\/no\/wp-content\/uploads\/2025\/10\/ca2cbe37-6109-4e4e-8e82-5a3a8da5ec2d\"  style=\"object-position:0% 0%\" width=\"3607\"\/>Jimmy Kimmel forteller for f\u00f8rste gang om \u00f8yeblikket han ble fratatt showet sitt. Foto: Randy Holmes \/ AP \/ NTB<\/p>\n<ul aria-hidden=\"true\" class=\"_images_1y6fe_106\">\n<li><a class=\"_link_1y6fe_111\" href=\"https:\/\/www.vg.no\/forfatter\/elise-roennevig-andersen\" style=\"z-index:1\" title=\"Elise R\u00f8nnevig Andersen\" rel=\"nofollow noopener\" target=\"_blank\"><img alt=\"Bilde av Elise R\u00f8nnevig Andersen\" class=\"_image_1y6fe_88\" fetchpriority=\"low\" loading=\"lazy\" decoding=\"async\" itemprop=\"image\"  src=\"https:\/\/www.europesays.com\/no\/wp-content\/uploads\/2025\/10\/d4a69b78-dc9a-4021-89fd-0783e681325f\"  width=\"480\"\/><\/a><\/li>\n<\/ul>\n<p> Oppdatert onsdag 1. oktober kl. 08:02    <\/p>\n<ul class=\"_list_ew2ao_3 _list_64s2r_85 _unordered_ew2ao_99 text-sans-m\">\n<li class=\"_item_ew2ao_30\">Jimmy Kimmel fikk beskjed fra ABC om at showet hans ble tatt av lufta mens han var p\u00e5 toalettet.<\/li>\n<li class=\"_item_ew2ao_30\">Showet ble fjernet p\u00e5 grunn av kontroversielle kommentarer om Charlie Kirk-drapet.<\/li>\n<li class=\"_item_ew2ao_30\">Publikum buet da Kimmel gjenfortalte historien hos Stephen Colbert.<\/li>\n<li class=\"_item_ew2ao_30\">Programmet \u00abJimmy Kimmel Live!\u00bb kom tilbake p\u00e5 lufta 23. september.<\/li>\n<\/ul>\n<p>Vis mer <\/p>\n<p class=\"_paragraph_ew2ao_4 _paragraph_xtcu6_10 layout-component text-serif-m layout-normal text-serif-m layout-padded\"><a href=\"https:\/\/www.vg.no\/tag\/jimmy-kimmel?utm_source=vg-article&amp;utm_medium=auto-tagger&amp;utm_campaign=Mnz0J0\" class=\"_link_ew2ao_39\" rel=\"nofollow noopener\" target=\"_blank\">Jimmy Kimmel<\/a> snakker n\u00e5 ut om de dramatiske \u00f8yeblikkene da ABC plutselig tok showet hans av lufta i september.<\/p>\n<p class=\"_paragraph_ew2ao_4 _paragraph_xtcu6_10 layout-component text-serif-m layout-normal text-serif-m layout-padded\">Under et bes\u00f8k hos talkshowverten Stephen Colbert tirsdag kveld fortalte Kimmel om telefonsamtalen som endret alt. Det var klokka tre om ettermiddagen, bare halvannen time f\u00f8r innspilling.<\/p>\n<p class=\"_paragraph_ew2ao_4 _paragraph_xtcu6_10 layout-component text-serif-m layout-normal text-serif-m layout-padded\">\u2013 Jeg f\u00e5r en telefon fra ABC. De sier de vil snakke med meg. Dette er uvanlig, sa Kimmel if\u00f8lge<a href=\"https:\/\/people.com\/jimmy-kimmel-appears-on-stephen-colbert-11821947\" class=\"_link_ew2ao_39\" rel=\"nofollow noopener\" target=\"_blank\"> People<\/a>.<\/p>\n<p class=\"_paragraph_ew2ao_4 _paragraph_xtcu6_10 layout-component text-serif-m layout-normal text-serif-m layout-padded\">Det eneste private stedet \u00e5 ta samtalen var p\u00e5 toalettet.<\/p>\n<p class=\"_paragraph_ew2ao_4 _paragraph_xtcu6_10 layout-component text-serif-m layout-normal text-serif-m layout-padded\">\u2013 S\u00e5 jeg g\u00e5r inn p\u00e5 toalettet, og jeg er i telefon med ABC-ledelsen. De sa: \u00abH\u00f8r, vi vil ta ned temperaturen. Vi er bekymret for hva du kommer til \u00e5 si i kveld, og vi har bestemt at den beste l\u00f8sningen er \u00e5 ta showet av lufta\u00bb, fortalte han.<\/p>\n<p class=\"_paragraph_ew2ao_4 _paragraph_xtcu6_10 layout-component text-serif-m layout-normal text-serif-m layout-padded\">Publikum buet da Kimmel gjenfortalte historien.<\/p>\n<p class=\"_paragraph_ew2ao_4 _paragraph_xtcu6_10 layout-component text-serif-m layout-normal text-serif-m layout-padded\">\u2013 Det sa jeg ogs\u00e5! Jeg begynte \u00e5 bue, sp\u00f8kte han.<\/p>\n<p class=\"_paragraph_ew2ao_4 _paragraph_xtcu6_10 layout-component text-serif-m layout-normal text-serif-m layout-padded\">Kimmel trodde karrieren var over.<\/p>\n<p class=\"_paragraph_ew2ao_4 _paragraph_xtcu6_10 layout-component text-serif-m layout-normal text-serif-m layout-padded\">\u2013 Jeg tenkte, det er over, det er slutt. Jeg kommer aldri tilbake p\u00e5 lufta. Det var virkelig det jeg tenkte, sa han.<\/p>\n<p class=\"_paragraph_ew2ao_4 _paragraph_xtcu6_10 layout-component text-serif-m layout-normal text-serif-m layout-padded\">Showet \u00abJimmy Kimmel Live!\u00bb ble tatt av lufta etter kontroversielle kommentarer om Charlie Kirk-drapet 15. september. Programmet <a href=\"https:\/\/www.vg.no\/rampelys\/i\/0VPO2E\/jimmy-kimmel-tilbake-paa-tv-etter-kontroversielt-forbud\" data-track-element-type=\"Link\" data-track-id=\"link:0VPO2E\" class=\"_link_ew2ao_39\" rel=\"nofollow noopener\" target=\"_blank\">kom tilbake p\u00e5 lufta 23. september.<\/a><\/p>\n<p class=\"_paragraph_ew2ao_4 _paragraph_xtcu6_10 layout-component text-serif-m layout-normal text-serif-m layout-padded\">P\u00e5 f\u00f8rste \u00abJimmy Kimmel Live!\u00bb f\u00f8rste gang etter hendelsen, fortsatte en sterkt preget Kimmel \u00e5 ta opp uttalelsene sine om Charlie Kirk, som var det som f\u00f8rte til at showet ble kansellert i f\u00f8rste omgang.<\/p>\n<p class=\"_paragraph_ew2ao_4 _paragraph_xtcu6_10 layout-component text-serif-m layout-normal text-serif-m layout-padded\">\u2013 Dere forst\u00e5r at det aldri var min intensjon \u00e5 gj\u00f8re narr av drapet p\u00e5 en ung mann. Jeg synes ikke det er noe morsomt med det.<\/p>\n","protected":false},"excerpt":{"rendered":"Talkshow-verten var p\u00e5 toalettet da han fikk beskjeden om at showet hans ble tatt av lufta. Jimmy Kimmel&hellip;\n","protected":false},"author":2,"featured_media":49714,"comment_status":"","ping_status":"","sticky":false,"template":"","format":"standard","meta":{"footnotes":""},"categories":[12],"tags":[20,21,24,25,15,6076,22,23,13,30,28,29,14,16,26,27,42,46,43,44,45],"class_list":{"0":"post-49713","1":"post","2":"type-post","3":"status-publish","4":"format-standard","5":"has-post-thumbnail","7":"category-verden","8":"tag-breaking-news","9":"tag-breakingnews","10":"tag-featured-news","11":"tag-featurednews","12":"tag-headlines","13":"tag-jimmy-kimmel","14":"tag-latest-news","15":"tag-latestnews","16":"tag-news","17":"tag-no","18":"tag-norge","19":"tag-norway","20":"tag-nyheter","21":"tag-overskrifter","22":"tag-top-stories","23":"tag-topstories","24":"tag-verden","25":"tag-vgai","26":"tag-world","27":"tag-world-news","28":"tag-worldnews"},"share_on_mastodon":{"url":"","error":""},"_links":{"self":[{"href":"https:\/\/www.europesays.com\/no\/wp-json\/wp\/v2\/posts\/49713","targetHints":{"allow":["GET"]}}],"collection":[{"href":"https:\/\/www.europesays.com\/no\/wp-json\/wp\/v2\/posts"}],"about":[{"href":"https:\/\/www.europesays.com\/no\/wp-json\/wp\/v2\/types\/post"}],"author":[{"embeddable":true,"href":"https:\/\/www.europesays.com\/no\/wp-json\/wp\/v2\/users\/2"}],"replies":[{"embeddable":true,"href":"https:\/\/www.europesays.com\/no\/wp-json\/wp\/v2\/comments?post=49713"}],"version-history":[{"count":0,"href":"https:\/\/www.europesays.com\/no\/wp-json\/wp\/v2\/posts\/49713\/revisions"}],"wp:featuredmedia":[{"embeddable":true,"href":"https:\/\/www.europesays.com\/no\/wp-json\/wp\/v2\/media\/49714"}],"wp:attachment":[{"href":"https:\/\/www.europesays.com\/no\/wp-json\/wp\/v2\/media?parent=49713"}],"wp:term":[{"taxonomy":"category","embeddable":true,"href":"https:\/\/www.europesays.com\/no\/wp-json\/wp\/v2\/categories?post=49713"},{"taxonomy":"post_tag","embeddable":true,"href":"https:\/\/www.europesays.com\/no\/wp-json\/wp\/v2\/tags?post=49713"}],"curies":[{"name":"wp","href":"https:\/\/api.w.org\/{rel}","templated":true}]}}