{"id":49715,"date":"2025-10-01T06:14:09","date_gmt":"2025-10-01T06:14:09","guid":{"rendered":"https:\/\/www.europesays.com\/no\/49715\/"},"modified":"2025-10-01T06:14:09","modified_gmt":"2025-10-01T06:14:09","slug":"kraftig-okning-i-dodsulykker-bekymringsfull-utvikling","status":"publish","type":"post","link":"https:\/\/www.europesays.com\/no\/49715\/","title":{"rendered":"Kraftig \u00f8kning i d\u00f8dsulykker: \u2013 Bekymringsfull utvikling"},"content":{"rendered":"<p>  September ble en tung m\u00e5ned i trafikken med ni d\u00f8dsulykker som krevde elleve liv, if\u00f8lge Statens vegvesens forel\u00f8pige tall.<\/p>\n<p>\n    Bildet viser mye k\u00f8 p\u00e5 E6 ved Lillestr\u00f8m etter en alvorlig trafikkulykke l\u00f8rdag 13. september. Foto: Annika Byrde \/ NTB\n  <\/p>\n<p>Det er seks flere d\u00f8dsfall enn i samme m\u00e5ned i fjor. I fire av d\u00f8dsulykkene ble s\u00e5kalte ubeskyttede trafikanter rammet: to som kj\u00f8rte lett motorsykkel, \u00e9n syklist og \u00e9n fotgjenger.<\/p>\n<p>\u2013 Vi ser en bekymringsfull utvikling, s\u00e6rlig hos de mest s\u00e5rbare trafikantene, sier avdelingsdirekt\u00f8r Guro Ranes for trafikksikkerhet i Statens vegvesen i en pressemelding.<\/p>\n<p>    <a itemprop=\"url\" href=\"https:\/\/sol.no\/nyheter\/fristen-utlopt-foderal-nedstenging-i-usa\/83664571\" rel=\"nofollow noopener\" target=\"_blank\"><\/p>\n<p>      <img loading=\"lazy\" decoding=\"async\" src=\"https:\/\/www.europesays.com\/no\/wp-content\/uploads\/2025\/10\/83664576.webp\" width=\"980\" height=\"441\" title=\"USA stenger ned\" alt=\"\" class=\"lazyload\" style=\"--aspect-ratio-image: 2.22; \"\/><\/p>\n<p>        USA stenger ned<\/p>\n<p>sol.no<\/p>\n<p>    <\/a><\/p>\n<p>Hun understreker behovet for \u00f8kt oppmerksomhet og tiltak for \u00e5 bedre trafikksikkerheten.<\/p>\n<p>\u2013 Vi er blant annet ute med h\u00f8ringer om hjelmp\u00e5bud p\u00e5 alle som kj\u00f8rer ATV og nye kriterier for fartsgrenser i byer og tettsteder, med m\u00e5l om mer bruk av 30 og 40 km\/t.<\/p>\n<p>Med m\u00f8rkere dager og v\u00e5te veier oppfordrer hun trafikantene til \u00e5 ta vare p\u00e5 egen sikkerhet.<\/p>\n<p>    <a itemprop=\"url\" href=\"https:\/\/sol.no\/nyheter\/storre-pagang-enn-vi-hadde-forventet\/83664550\" rel=\"nofollow noopener\" target=\"_blank\"><\/p>\n<p>      <img loading=\"lazy\" decoding=\"async\" src=\"https:\/\/www.europesays.com\/no\/wp-content\/uploads\/2025\/10\/83664555.webp\" width=\"980\" height=\"441\" title=\"Norgespris overrasker\" alt=\"\" class=\"lazyload\" style=\"--aspect-ratio-image: 2.22; \"\/><\/p>\n<p>        Norgespris overrasker<\/p>\n<p>sol.no<\/p>\n<p>    <\/a><\/p>\n<p>\u2013 Det er stadig m\u00f8rkere, og veiene kan ha glatte partier med vann, l\u00f8v og is. Bruk lys p\u00e5 sykkelen og alltid hjelm. Som fotgjenger er det viktig \u00e5 finne fram refleks og gjerne refleksvest.<\/p>\n<p>Totalt har 89 personer mistet livet i trafikken s\u00e5 langt i \u00e5r, 15 flere enn p\u00e5 samme tid i 2024. Det er ogs\u00e5 to flere enn i hele fjor.<\/p>\n<p>Vestland og Innlandet er fylkene med flest d\u00f8dsulykker i trafikken i september, begge med flere omkomne enn i fjor. Ogs\u00e5 i Oslo er det flere omkomne enn det har v\u00e6rt p\u00e5 ti \u00e5r.<\/p>\n","protected":false},"excerpt":{"rendered":"September ble en tung m\u00e5ned i trafikken med ni d\u00f8dsulykker som krevde elleve liv, if\u00f8lge Statens vegvesens forel\u00f8pige&hellip;\n","protected":false},"author":2,"featured_media":49716,"comment_status":"","ping_status":"","sticky":false,"template":"","format":"standard","meta":{"footnotes":""},"categories":[10],"tags":[20,21,753,24,25,15,736,22,23,13,30,28,29,14,16,1899,26,27,224],"class_list":{"0":"post-49715","1":"post","2":"type-post","3":"status-publish","4":"format-standard","5":"has-post-thumbnail","7":"category-norge","8":"tag-breaking-news","9":"tag-breakingnews","10":"tag-dodsulykke","11":"tag-featured-news","12":"tag-featurednews","13":"tag-headlines","14":"tag-helse","15":"tag-latest-news","16":"tag-latestnews","17":"tag-news","18":"tag-no","19":"tag-norge","20":"tag-norway","21":"tag-nyheter","22":"tag-overskrifter","23":"tag-statens-vegvesen","24":"tag-top-stories","25":"tag-topstories","26":"tag-trafikk"},"share_on_mastodon":{"url":"","error":""},"_links":{"self":[{"href":"https:\/\/www.europesays.com\/no\/wp-json\/wp\/v2\/posts\/49715","targetHints":{"allow":["GET"]}}],"collection":[{"href":"https:\/\/www.europesays.com\/no\/wp-json\/wp\/v2\/posts"}],"about":[{"href":"https:\/\/www.europesays.com\/no\/wp-json\/wp\/v2\/types\/post"}],"author":[{"embeddable":true,"href":"https:\/\/www.europesays.com\/no\/wp-json\/wp\/v2\/users\/2"}],"replies":[{"embeddable":true,"href":"https:\/\/www.europesays.com\/no\/wp-json\/wp\/v2\/comments?post=49715"}],"version-history":[{"count":0,"href":"https:\/\/www.europesays.com\/no\/wp-json\/wp\/v2\/posts\/49715\/revisions"}],"wp:featuredmedia":[{"embeddable":true,"href":"https:\/\/www.europesays.com\/no\/wp-json\/wp\/v2\/media\/49716"}],"wp:attachment":[{"href":"https:\/\/www.europesays.com\/no\/wp-json\/wp\/v2\/media?parent=49715"}],"wp:term":[{"taxonomy":"category","embeddable":true,"href":"https:\/\/www.europesays.com\/no\/wp-json\/wp\/v2\/categories?post=49715"},{"taxonomy":"post_tag","embeddable":true,"href":"https:\/\/www.europesays.com\/no\/wp-json\/wp\/v2\/tags?post=49715"}],"curies":[{"name":"wp","href":"https:\/\/api.w.org\/{rel}","templated":true}]}}