{"id":49725,"date":"2025-10-01T06:43:12","date_gmt":"2025-10-01T06:43:12","guid":{"rendered":"https:\/\/www.europesays.com\/no\/49725\/"},"modified":"2025-10-01T06:43:12","modified_gmt":"2025-10-01T06:43:12","slug":"landbruk-metanhemmere-bonder-i-rogland-og-telemark-vil-ikke-ha-metanhemmere-du-kodder-ikke-med-naturen-for-a-redde-naturen","status":"publish","type":"post","link":"https:\/\/www.europesays.com\/no\/49725\/","title":{"rendered":"Landbruk, Metanhemmere | B\u00f8nder i Rogland og Telemark vil ikke ha metanhemmere: \u2013 Du k\u00f8dder ikke med naturen for \u00e5 redde naturen."},"content":{"rendered":"\n<p>Nylig sendte Telemarks-b\u00f8ndene Ellen Hagtveit, Hege Hegnastykket og Solvor Folkestad et brev til Tine.<\/p>\n<p>Brevet er if\u00f8lge de tre b\u00f8ndene signert \u00abmesteparten av melkeb\u00f8ndene i Telemark\u00bb og budskapet er at de ikke vil gi Bovaer til kuene sine.<\/p>\n<p>  <a href=\"https:\/\/www.nationen.no\/5-148-650491\" class=\"related-teaser has-image default-story-teaser article--c-eRUmMG article--c-eRUmMG-jKCPdD-design-default\" rel=\"nofollow noopener\" target=\"_blank\"><\/p>\n<p>    <img decoding=\"async\" loading=\"lazy\"  src=\"https:\/\/www.europesays.com\/no\/wp-content\/uploads\/2025\/10\/464991594_977716874172378_5274808456107804307_n.jpg\" alt=\"\" class=\"brick-c-cFOWSL\" style=\"\"\/><\/p>\n<p>\n            Les ogs\u00e5<\/p>\n<p>              Frustrert professor om melkedebatten: \u2013 Kuas vom fungerer helt annerledes enn hamsterens tarmer<\/p>\n<p>  <\/a><\/p>\n<p>Bovaer er et stoff som reduserer metanutslippene fra kua.<\/p>\n<p>\u2013 Vi f\u00f8ler oss lurt og skuffet over at Tine jobber for \u00e5 innf\u00f8re et slikt tilsetningsstoff uten reell dialog med oss produsenter. Dette utfordrer b\u00e5de tilliten og opplevelsen av \u00e5 v\u00e6re en del av et fellesskap og et sameie, st\u00e5r det i brevet.<\/p>\n<p>   <img decoding=\"async\" width=\"1200\" height=\"800\" fetchpriority=\"low\"  loading=\"lazy\"  src=\"https:\/\/www.europesays.com\/no\/wp-content\/uploads\/2025\/10\/tre+damer+som+ikke+liker+bovaer.jpg\" alt=\"\" class=\"brick-c-cFOWSL\" style=\"--brick-image-ratio: 1200 \/ 800;\"\/><\/p>\n<p>B\u00f8ndene sier \u00abnesten 90 prosent\u00bb av b\u00f8ndene i Telemark st\u00f8tter budskapet i brevet, men vil ikke dele lista med underskrifter med Nationen.<\/p>\n<p>If\u00f8lge Tine finnes det totalt 88 melkeb\u00f8nder i Telemark.<\/p>\n<p>\u2013 Brevet kommer fra mesteparten, sier Hege Hegnastykket.<\/p>\n<p>Medlemsm\u00f8te<\/p>\n<p>Torsdag arrangerer Telemark Bondelag et m\u00f8te om metanhemmere i B\u00f8 i Telemark, hvor blant annet representanter for Bondelaget, Tine og Animalia skal snakke.<\/p>\n<p>Forrige uke arrangerte Tine et lignende \u00abb\u00e6rekraftsm\u00f8te\u00bb p\u00e5 J\u00e6ren, hvor over 100 Tine-eiere m\u00f8tte opp.<\/p>\n<p>  <a href=\"https:\/\/www.nationen.no\/5-148-750556\" class=\"related-teaser has-image default-opinion-teaser article--c-eRUmMG article--c-eRUmMG-jKCPdD-design-default\" rel=\"nofollow noopener\" target=\"_blank\"><\/p>\n<p>    <img decoding=\"async\" loading=\"lazy\"  src=\"https:\/\/www.europesays.com\/no\/wp-content\/uploads\/2025\/10\/DSC00332.jpg\" alt=\"\" class=\"brick-c-cFOWSL\" style=\"\"\/><\/p>\n<p>\n            Les ogs\u00e5<\/p>\n<p>              Metanhemmere er et eksempel p\u00e5 g\u00e5rsdagens klimal\u00f8sning\n        <\/p>\n<p>  <\/a><\/p>\n<p>M\u00f8tet p\u00e5 J\u00e6ren kom i stand etter at samtlige seks produsentlag p\u00e5 J\u00e6ren i sommer sendte<a href=\"https:\/\/www.nationen.no\/melkebondene-til-tine-ber-om-betalt-for-klimatiltakene\/s\/5-148-752230\" rel=\"Follow nofollow noopener\" target=\"_blank\"> et brev til Tine hvor de oppfordrer selskapet til \u00e5 si nei til metanhemmere<\/a> inntil en klar avtale om hvordan dette skal finansieres er p\u00e5 plass.<\/p>\n<p>\u2013 Ikke overbevist<\/p>\n<p>Tillitsvalgt for melkeb\u00f8ndene p\u00e5 N\u00e6rb\u00f8 p\u00e5 J\u00e6ren, May Britt Lode, er glad for at Tine arrangerte det hun kaller et \u00abbrannslokkingsm\u00f8te\u00bb.<\/p>\n<p>  <a href=\"https:\/\/www.nationen.no\/5-148-748550\" class=\"related-teaser has-image default-story-teaser article--c-eRUmMG article--c-eRUmMG-jKCPdD-design-default\" rel=\"nofollow noopener\" target=\"_blank\"><\/p>\n<p>    <img decoding=\"async\" loading=\"lazy\"  src=\"https:\/\/www.europesays.com\/no\/wp-content\/uploads\/2025\/10\/DSC06357.JPG\" alt=\"\" class=\"brick-c-cFOWSL\" style=\"\"\/><\/p>\n<p>\n            Les ogs\u00e5<\/p>\n<p>              Demonstrasjon mot metanhemmere: \u2013 Virker litt dobbeltmoralsk\n        <\/p>\n<p>  <\/a><\/p>\n<p>Hun ble imidlertid ikke mer overbevist om \u00e5 ta i bruk metanhemmere etter \u00e5 ha v\u00e6rt p\u00e5 m\u00f8tet.<\/p>\n<p>\u2013 Stemningen blant oss b\u00f8nder p\u00e5 J\u00e6ren etter m\u00f8tet er at det er altfor mange ubesvarte sp\u00f8rsm\u00e5l til at dette kan tvangsinnf\u00f8res fra 2027, sier Lode.<\/p>\n<p>Hun fortsetter;<\/p>\n<p>\u2013 Selv forskeren fra MetanHub innr\u00f8mmer at forskningen ikke kan si s\u00e5 mye om langtidseffekten. Det er absurd \u00e5 k\u00f8dde med naturen og kuas ford\u00f8yelse for \u00e5 redde naturen, n\u00e5r det er bruken av fossilt brensel som er den store utfordringen, sier Lode.<\/p>\n<p>\u2013 Jeg f\u00f8ler Bondelaget har tatt skylappene p\u00e5 n\u00e5r de bare gjentar at dette er helt trygt. De gaper over altfor mye, altfor fort, sier Lode.<\/p>\n<p>Et h\u00f8ydepunkt p\u00e5 m\u00f8tet for Lode, var imidlertid at Tine var tydelige p\u00e5 at melkebonden ikke kan b\u00e6re kostnaden ved dette tiltaket.<\/p>\n<p>Frykter klimaavgift<\/p>\n<p>P\u00e5 m\u00f8tet advarte Bondelagsleder Bj\u00f8rn Gimming, om hva som kan skje hvis landbruket ikke selv har h\u00e5nden p\u00e5 rattet i klimaarbeidet og viser en vilje til \u00e5 redusere klimagassutslippene.<\/p>\n<p>  <a href=\"https:\/\/www.nationen.no\/5-148-746703\" class=\"related-teaser has-image default-story-teaser article--c-eRUmMG article--c-eRUmMG-jKCPdD-design-default\" rel=\"nofollow noopener\" target=\"_blank\"><\/p>\n<p>    <img decoding=\"async\" loading=\"lazy\"  src=\"https:\/\/www.europesays.com\/no\/wp-content\/uploads\/2025\/10\/trintrud+og+jenseen.JPG\" alt=\"\" class=\"brick-c-cFOWSL\" style=\"\"\/><\/p>\n<p>\n            Les ogs\u00e5<\/p>\n<p>              \u2013 Jeg er mye mer redd for avgift p\u00e5 gj\u00f8dsel og kj\u00f8tt enn for metanhemmere\n        <\/p>\n<p>  <\/a><\/p>\n<p>\u2013 Partier som \u00f8nsker seg klimaavgifter p\u00e5 norsk mat, kan finne sammen. Vi m\u00e5 ikke gi dem argumenter til \u00e5 gj\u00f8re det, sa Gimming.<\/p>\n<p>Han mener en fordel med metanhemmere er at det er et klimatiltak som bidrar til \u00e5 oppfylle landbrukets klimaforpliktelser uten \u00e5 m\u00e5tte redusere matproduksjonen.<\/p>\n<p>   <img decoding=\"async\" width=\"3936\" height=\"2624\" fetchpriority=\"low\"  loading=\"lazy\"  src=\"https:\/\/www.europesays.com\/no\/wp-content\/uploads\/2025\/10\/gimming+alene+p%C3%A5+dyrkun.JPG\" alt=\"\" class=\"brick-c-cFOWSL\" style=\"--brick-image-ratio: 3936 \/ 2624;\"\/><\/p>\n<p>    Bj\u00f8rn Gimming mener motstanden mot metanhemmere gir vann p\u00e5 m\u00f8lla til de politikerne som \u00f8nsker \u00e5 innf\u00f8re klimaavgift p\u00e5 matproduksjon.<br \/>\n    Foto: Camilla Mellemstrand\n  <\/p>\n<p>Gimming sier tiden fram til neste \u00e5rs jordbruksforhandlinger skal brukes til \u00e5 finne l\u00f8sninger p\u00e5 b\u00e5de praktiske og \u00f8konomiske sp\u00f8rsm\u00e5l.<\/p>\n<p>\u2013 Dette m\u00e5 det jobbes med gjennom vinteren, slik at partene kan ta beslutninger i v\u00e5rens jordbruksoppgj\u00f8r, sier Gimming.<\/p>\n<p>Kan miste kontrakter<\/p>\n<p>B\u00e5de i brevet fra J\u00e6ren og i brevet fra Telemark uttrykker b\u00f8ndene stor bekymring for hvordan bruken av metanhemmere skal p\u00e5virke salget av Tines produkter.<\/p>\n<p>If\u00f8lge kommunikasjonsdirekt\u00f8r Ingrid Wilberg Arnesen i Tine f\u00f8lger selskapet markedet sv\u00e6rt n\u00f8ye.<\/p>\n<p>\u2013 Det er lite som tyder p\u00e5 at bruken av klimavennlige f\u00f4rtilsetninger f\u00f8rer til s\u00e6rlig bevegelse blant forbrukerne. Vi ser forel\u00f8pig ikke effekt p\u00e5 salgstall, sier Wilberg Arnesen.<\/p>\n<p>   <img decoding=\"async\" width=\"1482\" height=\"844\" fetchpriority=\"low\"  loading=\"lazy\"  src=\"https:\/\/www.europesays.com\/no\/wp-content\/uploads\/2025\/10\/5_148_82892+07YdyJpNdpTBcYBRCNbUk3CcoUM_1.jpg\" alt=\"\" class=\"brick-c-cFOWSL\" style=\"--brick-image-ratio: 1482 \/ 844;\"\/><\/p>\n<p>    Ingrid Wilberg Arnesen frykter Tine kan miste kontrakter hvis de ikke leverer p\u00e5 b\u00e6rekraftkravene store kunder stiller. Foto: Tine<br \/>\n    Foto: Tine\n  <\/p>\n<p>Hun sier Tine stadig m\u00f8ter kunder som har strenge dokumentasjonskrav for b\u00e6rekraft.<\/p>\n<p>\u2013 Innen offentlige anskaffelser stilles det tydelige krav til oss som leverand\u00f8r. Vi har opplevd \u00e5 miste kontrakter som f\u00f8lge av at vi ikke har kunnet levere p\u00e5 enkelte b\u00e6rekraftsparametre.<\/p>\n<p>\u2013 Kan du nevne noen konkrete eksempler p\u00e5 kontrakter dere har tapt? <\/p>\n<p>\u2013 Vi kan ikke g\u00e5 i detalj p\u00e5 hvilke kontrakter det gjelder, men det utgj\u00f8r betydelige tap for oss \u00e5 tape i konkurransen mot andre akt\u00f8rer. Kort oppsumert er tydelige og operasjonelle b\u00e6rekraftstiltak v\u00e5r \u00abticket to play\u00bb, sier Wilberg Arnesen.<\/p>\n<p>Hun minner om at mange land rundt oss har kommet mye lenger n\u00e5r det gjelder klimavennlige f\u00f4rtilsetninger.<\/p>\n<p>\u2013 Dette er land vi konkurrer med import fra. De kan ble mer attraktive som f\u00f8lge av utslippskrav og beregninger, sier kommunikasjonsdirekt\u00f8ren.<\/p>\n<p>MDG-politiker og melkebonde<\/p>\n<p>Eivind Vr\u00e5lstad er tillitsvalgt for Tine-b\u00f8ndene i Telemark, ansatt som prosjektleder for klimasmart bonde i Bondelaget og MDG-politiker.<\/p>\n<p>Han har ikke signert brevet fra Telemark til Tine-ledelsen.<\/p>\n<p>Han sier brevet er initiert av privatpersoner og ikke fra Tines produsentlag.<\/p>\n<p>   <img decoding=\"async\" width=\"4032\" height=\"3024\" fetchpriority=\"low\"  loading=\"lazy\"  src=\"https:\/\/www.europesays.com\/no\/wp-content\/uploads\/2025\/10\/redigert+eivindvr%C3%A5lstad3.jpeg\" alt=\"Eivind Vr\u00e5lstad, MDG-politiker i Drangedal, melkebonde og r\u00e5dgiver i Bondelaget. \" class=\"brick-c-cFOWSL\" style=\"--brick-image-ratio: 4032 \/ 3024;\"\/><\/p>\n<p>    Eivind Vr\u00e5lstad er ikke bekymret for \u00e5 gi kyrne sine metanhemmere.<br \/>\n    Foto: Privat\n  <\/p>\n<p>\u2013 Jeg synes ikke det er noe mer grunn til \u00e5 v\u00e6re redd for dette enn for mange andre kjemisk produkter vi bruker i landbruket, som spr\u00f8ytemidler eller ensileringsmidler. Jeg er helt enig med de som mener at tiltak som drenering og kalking og utvikling av biogass er vel s\u00e5 viktige, men her er det ikke snakk om enten eller, men b\u00e5de og, sier Vr\u00e5lstad.<\/p>\n<p>Han mener klimaarbeidet i stor grad har blitt en pekelek hvor alle mener at noen andre m\u00e5 gj\u00f8re tiltak.<\/p>\n<p>\u2013 Men klimaarbeidet er en dugnad, hvor ingen er ferdig f\u00f8r alle er ferdig. Ingenting blir l\u00f8st ved \u00e5 bare si nei, sier Vr\u00e5lstad.<\/p>\n<p>Mislykket prosess<\/p>\n<p>Selv om han selv ikke har noe imot \u00e5 ta i bruk metanhemmere, mener han Tine m\u00e5 ta selvkritikk for prosessen med \u00e5 informere og forankre dette tiltaket hos b\u00f8ndene.<\/p>\n<p>\u2013 N\u00e5r en s\u00e5 stor andel b\u00f8nder er skeptiske, s\u00e5 m\u00e5 vi bare erkjenne at vi ikke har lyktes med den biten.<\/p>\n<p>I likhet med mange andre kolleger opplever han det som frustrerende at det ikke skilles mellom biologiske og fossile utslipp i klimaregnskapet.<\/p>\n<p>\u2013 Jeg tror vi m\u00e5 endre mindset. Vi m\u00e5 f\u00e5 fram at klimaendringene ikke skyldes kyrne, men at kyrne likevel kan v\u00e6re en del av l\u00f8sningen. Man kan si ja til metanhemmere uten \u00e5 mene at det er kua som er \u00e5rsaken til klimaendringene, sier Vr\u00e5lstad.<\/p>\n","protected":false},"excerpt":{"rendered":"Nylig sendte Telemarks-b\u00f8ndene Ellen Hagtveit, Hege Hegnastykket og Solvor Folkestad et brev til Tine. Brevet er if\u00f8lge de&hellip;\n","protected":false},"author":2,"featured_media":49726,"comment_status":"","ping_status":"","sticky":false,"template":"","format":"standard","meta":{"footnotes":""},"categories":[5],"tags":[36,20,21,24,25,15,19,1514,755,22,23,17,18,737,2278,7685,13,30,28,29,14,16,1510,1347,26,27],"class_list":{"0":"post-49725","1":"post","2":"type-post","3":"status-publish","4":"format-standard","5":"has-post-thumbnail","7":"category-overskrifter","8":"tag-art","9":"tag-breaking-news","10":"tag-breakingnews","11":"tag-featured-news","12":"tag-featurednews","13":"tag-headlines","14":"tag-hovedoppslag","15":"tag-klima","16":"tag-landbruk","17":"tag-latest-news","18":"tag-latestnews","19":"tag-main-news","20":"tag-mainnews","21":"tag-mat","22":"tag-melk","23":"tag-metanhemmere","24":"tag-news","25":"tag-no","26":"tag-norge","27":"tag-norway","28":"tag-nyheter","29":"tag-overskrifter","30":"tag-story","31":"tag-tine","32":"tag-top-stories","33":"tag-topstories"},"share_on_mastodon":{"url":"","error":""},"_links":{"self":[{"href":"https:\/\/www.europesays.com\/no\/wp-json\/wp\/v2\/posts\/49725","targetHints":{"allow":["GET"]}}],"collection":[{"href":"https:\/\/www.europesays.com\/no\/wp-json\/wp\/v2\/posts"}],"about":[{"href":"https:\/\/www.europesays.com\/no\/wp-json\/wp\/v2\/types\/post"}],"author":[{"embeddable":true,"href":"https:\/\/www.europesays.com\/no\/wp-json\/wp\/v2\/users\/2"}],"replies":[{"embeddable":true,"href":"https:\/\/www.europesays.com\/no\/wp-json\/wp\/v2\/comments?post=49725"}],"version-history":[{"count":0,"href":"https:\/\/www.europesays.com\/no\/wp-json\/wp\/v2\/posts\/49725\/revisions"}],"wp:featuredmedia":[{"embeddable":true,"href":"https:\/\/www.europesays.com\/no\/wp-json\/wp\/v2\/media\/49726"}],"wp:attachment":[{"href":"https:\/\/www.europesays.com\/no\/wp-json\/wp\/v2\/media?parent=49725"}],"wp:term":[{"taxonomy":"category","embeddable":true,"href":"https:\/\/www.europesays.com\/no\/wp-json\/wp\/v2\/categories?post=49725"},{"taxonomy":"post_tag","embeddable":true,"href":"https:\/\/www.europesays.com\/no\/wp-json\/wp\/v2\/tags?post=49725"}],"curies":[{"name":"wp","href":"https:\/\/api.w.org\/{rel}","templated":true}]}}