{"id":49738,"date":"2025-10-01T07:09:07","date_gmt":"2025-10-01T07:09:07","guid":{"rendered":"https:\/\/www.europesays.com\/no\/49738\/"},"modified":"2025-10-01T07:09:07","modified_gmt":"2025-10-01T07:09:07","slug":"minst-69-dode-i-jordskjelv-dagbladet","status":"publish","type":"post","link":"https:\/\/www.europesays.com\/no\/49738\/","title":{"rendered":"Minst 69 d\u00f8de i jordskjelv &#8211; Dagbladet"},"content":{"rendered":"<ol>\n<li><a href=\"https:\/\/news.google.com\/rss\/articles\/CBMid0FVX3lxTE5QMml4LXhpLVlfQ05SbnBiYTRXdnBlYVN2eDJJQm5XaVl2aDg3ajUxLS1nNkFZUmdKTHdROWI1bS04anJIa0pyMUFidG9LTnk0Q0lsTGh4YlQtdm8tNTZ1d1BOTnNuMG5zd0lFMzg4NHdHcjYyUG9Z?oc=5\" target=\"_blank\" rel=\"nofollow noopener\">Minst 69 d\u00f8de i jordskjelv<\/a>&nbsp;&nbsp;Dagbladet<\/li>\n<li><a href=\"https:\/\/news.google.com\/rss\/articles\/CBMiqwFBVV95cUxNS1Z2T2R3STFRUThDTUVlNjdSQTNDeXdnQzhqSWY2bjVZRE0tZVlVdWViMGtFMWFXZ2haS0ZZYnVYc0tQQkNURWZCaTFkT3RRc2VNMG16cjJrU2c2b0haMW93S0RjX2UxdVVzQm5YdDFvZlA3Uk1heHN6UEU5cllHN3RnZ2Npamk3N1pRNVpZWWdoUkdXeUlHLWktU3VjOVZHUEk0N3FqamtaTm8?oc=5\" target=\"_blank\" rel=\"nofollow noopener\">n\u00e5: Minst 69 personer d\u00f8de etter jordskjelv i Filippinene<\/a>&nbsp;&nbsp;VG<\/li>\n<li><a href=\"https:\/\/news.google.com\/rss\/articles\/CBMihwFBVV95cUxOZUZoOXZLT3I5aGNFd3lhVFRkMXF1RkNpNlhfTXpNcjZyRk1sUlNaSkxiUjVTUTZheVBFM21hMWt6dENMVGFDSmJWaUtNcVRPREVYMXEwYWhjNGstNk5jRTJZRUt5Y0swUm9mRHJuczNiVzNkb2Z6UEFFMDhkSFdFY1RGMXlwdE0?oc=5\" target=\"_blank\" rel=\"nofollow noopener\">Minst 26 omkom i jordskjelv p\u00e5 Filippinene \u2013 Siste nytt<\/a>&nbsp;&nbsp;NRK<\/li>\n<li><a href=\"https:\/\/news.google.com\/rss\/articles\/CBMimwFBVV95cUxOM3QyMDhCeC11R21JWVRWWFdYWXdqSjB4d2kxOEgyYmYzcm5rQWtsdjd5U3p2YVZEbEZiMlZJc1dVc3dwajdEaE55WXUxX3N5ZDhoN3AyeURiMm5tUTk1aDZPaWswVzlRZ3ZuaHZGQWlmaFFSNTZCY0dmOGVlMU9vWVFuMm9PRHI3UnRPUnN0SlUySElNUm41LVB0aw?oc=5\" target=\"_blank\" rel=\"nofollow noopener\">Nesten 70 d\u00f8de i kraftig jordskjelv p\u00e5 Filippinene<\/a>&nbsp;&nbsp;Aftenposten<\/li>\n<li><a href=\"https:\/\/news.google.com\/rss\/articles\/CBMikAFBVV95cUxNdUNTVm5uLXk0cEdBcjJPT2NCVzZ2dWRzX0c2VkNJSXpMZHZpSFRzYWxVS2Zad2pjaGE4QXpyVzl3OTlkUHdoQUNsNDhhaGlTbzJSeEVkdmtCQ0pTbnBSX2dLLXlqeGVYc1p1WS1oT2FpeThLcGlvU2x3QktnbnhOcEkzTXFkWVZEWWo5TU5GNTY?oc=5\" target=\"_blank\" rel=\"nofollow noopener\">Opptil 60 d\u00f8de i tirsdagens kraftige jordskjelv p\u00e5 Filippinene<\/a>&nbsp;&nbsp;adressa.no<\/li>\n<\/ol>\n","protected":false},"excerpt":{"rendered":"Minst 69 d\u00f8de i jordskjelv&nbsp;&nbsp;Dagbladet n\u00e5: Minst 69 personer d\u00f8de etter jordskjelv i Filippinene&nbsp;&nbsp;VG Minst 26 omkom i&hellip;\n","protected":false},"author":2,"featured_media":49739,"comment_status":"","ping_status":"","sticky":false,"template":"","format":"standard","meta":{"footnotes":""},"categories":[12],"tags":[20,21,24,25,6678,15,1133,22,23,13,30,28,29,14,16,26,27,412,42,43,44,45],"class_list":{"0":"post-49738","1":"post","2":"type-post","3":"status-publish","4":"format-standard","5":"has-post-thumbnail","7":"category-verden","8":"tag-breaking-news","9":"tag-breakingnews","10":"tag-featured-news","11":"tag-featurednews","12":"tag-filippinene","13":"tag-headlines","14":"tag-jordskjelv","15":"tag-latest-news","16":"tag-latestnews","17":"tag-news","18":"tag-no","19":"tag-norge","20":"tag-norway","21":"tag-nyheter","22":"tag-overskrifter","23":"tag-top-stories","24":"tag-topstories","25":"tag-utenriks","26":"tag-verden","27":"tag-world","28":"tag-world-news","29":"tag-worldnews"},"share_on_mastodon":{"url":"","error":""},"_links":{"self":[{"href":"https:\/\/www.europesays.com\/no\/wp-json\/wp\/v2\/posts\/49738","targetHints":{"allow":["GET"]}}],"collection":[{"href":"https:\/\/www.europesays.com\/no\/wp-json\/wp\/v2\/posts"}],"about":[{"href":"https:\/\/www.europesays.com\/no\/wp-json\/wp\/v2\/types\/post"}],"author":[{"embeddable":true,"href":"https:\/\/www.europesays.com\/no\/wp-json\/wp\/v2\/users\/2"}],"replies":[{"embeddable":true,"href":"https:\/\/www.europesays.com\/no\/wp-json\/wp\/v2\/comments?post=49738"}],"version-history":[{"count":0,"href":"https:\/\/www.europesays.com\/no\/wp-json\/wp\/v2\/posts\/49738\/revisions"}],"wp:featuredmedia":[{"embeddable":true,"href":"https:\/\/www.europesays.com\/no\/wp-json\/wp\/v2\/media\/49739"}],"wp:attachment":[{"href":"https:\/\/www.europesays.com\/no\/wp-json\/wp\/v2\/media?parent=49738"}],"wp:term":[{"taxonomy":"category","embeddable":true,"href":"https:\/\/www.europesays.com\/no\/wp-json\/wp\/v2\/categories?post=49738"},{"taxonomy":"post_tag","embeddable":true,"href":"https:\/\/www.europesays.com\/no\/wp-json\/wp\/v2\/tags?post=49738"}],"curies":[{"name":"wp","href":"https:\/\/api.w.org\/{rel}","templated":true}]}}